{"id":19294,"date":"2019-03-03T18:00:00","date_gmt":"2019-03-03T23:00:00","guid":{"rendered":"https:\/\/linitiative.ca\/International\/film-sur-la-vie-de-ben-mhidi-m-%e2%80%88zitouni-presentation-prochaine\/"},"modified":"2019-03-03T18:00:00","modified_gmt":"2019-03-03T23:00:00","slug":"film-sur-la-vie-de-ben-mhidi-m-%e2%80%88zitouni-presentation-prochaine","status":"publish","type":"post","link":"https:\/\/linitiative.ca\/International\/film-sur-la-vie-de-ben-mhidi-m-%e2%80%88zitouni-presentation-prochaine\/","title":{"rendered":"Film sur la vie de Ben M\u2019hidi, M.\u2008ZITOUNI : \u00ab Pr\u00e9sentation prochaine \u00bb"},"content":{"rendered":"<p>Dans une d\u00e9claration \u00e0 la presse, au village Kouahi, pr\u00e8s de la ville d\u2019A\u00efn M\u2019lila, \u00e0 l\u2019occasion de la c\u00e9l\u00e9bration du 62e anniversaire de la mort du moudjahid, le ministre a soulign\u00e9 \u00abavoir esp\u00e9r\u00e9 voir ce film projet\u00e9 en ce jour-l\u00e0, mais cette \u0153uvre n\u2019a pu \u00eatre achev\u00e9e\u00bb. M. Zitouni a pr\u00e9cis\u00e9 en outre que le r\u00e9alisateur de cette \u0153uvre cin\u00e9matographique a rencontr\u00e9 les membres du comit\u00e9 de lecture, qui lui ont fait part de certaines r\u00e9serves sur le film. Selon le r\u00e9alisateur, il sera proc\u00e9d\u00e9 \u00e0 \u00abla r\u00e9vision de certains \u00e9l\u00e9ments techniques, avant de soumettre de nouveau le film au comit\u00e9 de lecture, puis sa pr\u00e9sentation au public\u00bb. \u00c0 une question sur la transformation de la maison du chahid Ben M\u2019hidi au village Kouahi en mus\u00e9e, le ministre a affirm\u00e9 que les mesures administratives ont \u00e9t\u00e9 prises, en attendant le parach\u00e8vement de certaines proc\u00e9dures avec la famille du chahid, pour faire de cette maison un mus\u00e9e avec une biblioth\u00e8que et une salle d\u2019exposition. Au d\u00e9but de sa visite, le ministre a inaugur\u00e9 une st\u00e8le en hommage au chahid Ben M\u2019hidi, \u00e0 l\u2019universit\u00e9 qui en porte le nom, avant de se rendre \u00e0 A\u00efn M\u2019lila, o\u00f9 la Fatiha a \u00e9t\u00e9 lue \u00e0 la m\u00e9moire des martyrs au cimeti\u00e8re des chouhada. M. Zitouni a distingu\u00e9, \u00e0 l\u2019occasion, le moudjahid Hadjar Amar, avant d\u2019inaugurer la maison de l\u2019Artisanat baptis\u00e9e du nom du chahid Hadjaz Sa\u00efd. Le ministre pr\u00e9sidera aussi l\u2019ouverture du 4e colloque national sur la vie du chahid Mohamed Larbi Ben M\u2019hidi.<br \/>\u00a0<\/p>\n<p>Auteur: elmoudjahid<br \/>\n<a href=\"http:\/\/www.elmoudjahid.com\/fr\/actualites\/134383\">Cliquez ici pour lire l&rsquo;article depuis sa source.<\/a><\/p>\n","protected":false},"excerpt":{"rendered":"<p>Dans une d\u00e9claration \u00e0 la presse, au village Kouahi, pr\u00e8s de la ville d\u2019A\u00efn M\u2019lila, \u00e0 l\u2019occasion de la c\u00e9l\u00e9bration du 62e anniversaire de la mort du moudjahid, le ministre a soulign\u00e9 \u00abavoir esp\u00e9r\u00e9 voir ce film projet\u00e9 en ce jour-l\u00e0, mais cette \u0153uvre n\u2019a pu \u00eatre achev\u00e9e\u00bb. M. Zitouni a pr\u00e9cis\u00e9 en outre que [&hellip;]<\/p>\n","protected":false},"author":1744,"featured_media":0,"comment_status":"closed","ping_status":"closed","sticky":false,"template":"","format":"standard","meta":{"fifu_image_url":"","fifu_image_alt":"","footnotes":""},"categories":[73,53],"tags":[],"class_list":["post-19294","post","type-post","status-publish","format-standard","hentry","category-actualite","category-algerie"],"_links":{"self":[{"href":"https:\/\/linitiative.ca\/International\/wp-json\/wp\/v2\/posts\/19294","targetHints":{"allow":["GET"]}}],"collection":[{"href":"https:\/\/linitiative.ca\/International\/wp-json\/wp\/v2\/posts"}],"about":[{"href":"https:\/\/linitiative.ca\/International\/wp-json\/wp\/v2\/types\/post"}],"author":[{"embeddable":true,"href":"https:\/\/linitiative.ca\/International\/wp-json\/wp\/v2\/users\/1744"}],"replies":[{"embeddable":true,"href":"https:\/\/linitiative.ca\/International\/wp-json\/wp\/v2\/comments?post=19294"}],"version-history":[{"count":0,"href":"https:\/\/linitiative.ca\/International\/wp-json\/wp\/v2\/posts\/19294\/revisions"}],"wp:attachment":[{"href":"https:\/\/linitiative.ca\/International\/wp-json\/wp\/v2\/media?parent=19294"}],"wp:term":[{"taxonomy":"category","embeddable":true,"href":"https:\/\/linitiative.ca\/International\/wp-json\/wp\/v2\/categories?post=19294"},{"taxonomy":"post_tag","embeddable":true,"href":"https:\/\/linitiative.ca\/International\/wp-json\/wp\/v2\/tags?post=19294"}],"curies":[{"name":"wp","href":"https:\/\/api.w.org\/{rel}","templated":true}]}}