{"id":19298,"date":"2019-03-03T18:00:00","date_gmt":"2019-03-03T23:00:00","guid":{"rendered":"https:\/\/linitiative.ca\/International\/conference-de-lunion-interparlementaire-arabe-la-palestine-le-social-et-leconomie\/"},"modified":"2019-03-03T18:00:00","modified_gmt":"2019-03-03T23:00:00","slug":"conference-de-lunion-interparlementaire-arabe-la-palestine-le-social-et-leconomie","status":"publish","type":"post","link":"https:\/\/linitiative.ca\/International\/conference-de-lunion-interparlementaire-arabe-la-palestine-le-social-et-leconomie\/","title":{"rendered":"Conf\u00e9rence de l\u2019union interparlementaire arabe : La Palestine, le social et l\u2019\u00e9conomie"},"content":{"rendered":"<p>Une d\u00e9l\u00e9gation de l&rsquo;Assembl\u00e9e populaire nationale (APN) prend part \u00e0 la 29e conf\u00e9rence de l&rsquo;Union interparlementaire arabe, dont les travaux ont \u00e9t\u00e9 ouverts, hier \u00e0 Amman (Jordanie). Les pr\u00e9sidents des parlements arabes et les chefs de d\u00e9l\u00e9gations participant \u00e0 cette conf\u00e9rence ont tenu, samedi soir, une r\u00e9union de concertation \u00e0 huis clos, durant laquelle ils ont d\u00e9cid\u00e9 du th\u00e8me principal de cette conf\u00e9rence, \u00e0 savoir la Palestine. Re\u00e7us par le Roi Abdullah Bin Hussein, 16 pr\u00e9sidents de parlement et 4 repr\u00e9sentants parlementaires de vingt pays arabes ont particip\u00e9 \u00e0 cette r\u00e9union. La d\u00e9l\u00e9gation de l&rsquo;APN est conduite par le pr\u00e9sident de la commission des affaires \u00e9trang\u00e8res, de la coop\u00e9ration et de la communaut\u00e9, Abdelhamid Si Afif, qui repr\u00e9sente le pr\u00e9sident du conseil \u00e0 cette conf\u00e9rence.<br \/>Par ailleurs, le d\u00e9put\u00e9 Djamal Bouras participera, en sa qualit\u00e9 de vice-pr\u00e9sident du Parlement panafricain, aux r\u00e9unions r\u00e9guli\u00e8res des commissions de la sant\u00e9, du travail et des affaires sociales et du genre, de la famille, de la jeunesse et des personnes aux besoins sp\u00e9cifiques, pr\u00e9vues du 4 au 8 mars, au si\u00e8ge du Parlement panafricain \u00e0 Midrand (Afrique du Sud).<br \/>Une autre d\u00e9l\u00e9gation du Parlement prendra part, \u00e0 Johannesburg, aux r\u00e9unions des Commissions permanentes du Parlement panafricain. Les participants \u00e0 ces r\u00e9unions examineront le th\u00e8me : \u00abLes r\u00e9fugi\u00e9s, les rapatri\u00e9s et les d\u00e9plac\u00e9s internes en Afrique : pour des solutions durables au d\u00e9placement forc\u00e9\u00bb. Ils d\u00e9battront, en outre, de plusieurs autres questions,dont \u00abLa gestion de la dette et la lutte contre la corruption en Afrique\u00bb, \u00abLe programme d&rsquo;action de 2019\u00bb et \u00abLe plan strat\u00e9gique 2019-2023\u00bb. Lors de ces r\u00e9unions, l&rsquo;Alg\u00e9rie sera repr\u00e9sent\u00e9e par le membre du Conseil de la nation et membre du Parlement panafricain, Abdelkader Moulkhaloua.<br \/>\u00a0<\/p>\n<p>Auteur: elmoudjahid<br \/>\n<a href=\"http:\/\/www.elmoudjahid.com\/fr\/actualites\/134384\">Cliquez ici pour lire l&rsquo;article depuis sa source.<\/a><\/p>\n","protected":false},"excerpt":{"rendered":"<p>Une d\u00e9l\u00e9gation de l&rsquo;Assembl\u00e9e populaire nationale (APN) prend part \u00e0 la 29e conf\u00e9rence de l&rsquo;Union interparlementaire arabe, dont les travaux ont \u00e9t\u00e9 ouverts, hier \u00e0 Amman (Jordanie). Les pr\u00e9sidents des parlements arabes et les chefs de d\u00e9l\u00e9gations participant \u00e0 cette conf\u00e9rence ont tenu, samedi soir, une r\u00e9union de concertation \u00e0 huis clos, durant laquelle ils [&hellip;]<\/p>\n","protected":false},"author":1744,"featured_media":0,"comment_status":"closed","ping_status":"closed","sticky":false,"template":"","format":"standard","meta":{"fifu_image_url":"","fifu_image_alt":"","footnotes":""},"categories":[73,53],"tags":[],"class_list":["post-19298","post","type-post","status-publish","format-standard","hentry","category-actualite","category-algerie"],"_links":{"self":[{"href":"https:\/\/linitiative.ca\/International\/wp-json\/wp\/v2\/posts\/19298","targetHints":{"allow":["GET"]}}],"collection":[{"href":"https:\/\/linitiative.ca\/International\/wp-json\/wp\/v2\/posts"}],"about":[{"href":"https:\/\/linitiative.ca\/International\/wp-json\/wp\/v2\/types\/post"}],"author":[{"embeddable":true,"href":"https:\/\/linitiative.ca\/International\/wp-json\/wp\/v2\/users\/1744"}],"replies":[{"embeddable":true,"href":"https:\/\/linitiative.ca\/International\/wp-json\/wp\/v2\/comments?post=19298"}],"version-history":[{"count":0,"href":"https:\/\/linitiative.ca\/International\/wp-json\/wp\/v2\/posts\/19298\/revisions"}],"wp:attachment":[{"href":"https:\/\/linitiative.ca\/International\/wp-json\/wp\/v2\/media?parent=19298"}],"wp:term":[{"taxonomy":"category","embeddable":true,"href":"https:\/\/linitiative.ca\/International\/wp-json\/wp\/v2\/categories?post=19298"},{"taxonomy":"post_tag","embeddable":true,"href":"https:\/\/linitiative.ca\/International\/wp-json\/wp\/v2\/tags?post=19298"}],"curies":[{"name":"wp","href":"https:\/\/api.w.org\/{rel}","templated":true}]}}