{"id":19308,"date":"2019-03-03T18:00:00","date_gmt":"2019-03-03T23:00:00","guid":{"rendered":"https:\/\/linitiative.ca\/International\/sit-in-et-marches-des-etudiants\/"},"modified":"2019-03-03T18:00:00","modified_gmt":"2019-03-03T23:00:00","slug":"sit-in-et-marches-des-etudiants","status":"publish","type":"post","link":"https:\/\/linitiative.ca\/International\/sit-in-et-marches-des-etudiants\/","title":{"rendered":"Sit-in et marches des \u00e9tudiants"},"content":{"rendered":"<p>Des centaines d&rsquo;\u00e9tudiants issus des facult\u00e9s de M\u00e9decine et de Litt\u00e9rature \u00e0 Ben Aknoun ont organis\u00e9, hier, des sit-in et improvis\u00e9 une marche scandant notamment des slogans pour la dignit\u00e9 des \u00e9tudiants et le changement politique. Ces \u00e9tudiants des facult\u00e9s de M\u00e9decine, de Litt\u00e9rature et de Droit ont brandi des pancartes sur lesquelles on pouvait lire: \u00abMarche pacifique\u00bb, \u00abDignit\u00e9, respect pour les \u00e9tudiants\u00bb, \u00abLib\u00e9rez l&rsquo;universit\u00e9\u00bb et \u00abLib\u00e9rez l&rsquo;Alg\u00e9rie\u00bb. Des \u00e9tudiants auxquels se sont joints des jeunes ont improvis\u00e9 une marche pacifique sur le chemin menant de Chevalley vers le complexe olympique Mohamed-Boudiaf, perturbant ainsi momentan\u00e9ment la circulation automobile, tandis qu&rsquo;un dispositif s\u00e9curitaire renforc\u00e9 encadrait les lieux. Des sit-in et des marches d\u2019\u00e9tudiants similaires ont \u00e9t\u00e9 par ailleurs organis\u00e9s dans d&rsquo;autres wilayas du pays. Ces manifestations se sont d\u00e9roul\u00e9es en pr\u00e9sence d&rsquo;un dispositif s\u00e9curitaire imposant pour parer \u00e0 tout d\u00e9rapage. Ces marches se sont d\u00e9roul\u00e9es dans le calme.<\/p>\n<p>Auteur: elmoudjahid<br \/>\n<a href=\"http:\/\/www.elmoudjahid.com\/fr\/actualites\/134387\">Cliquez ici pour lire l&rsquo;article depuis sa source.<\/a><\/p>\n","protected":false},"excerpt":{"rendered":"<p>Des centaines d&rsquo;\u00e9tudiants issus des facult\u00e9s de M\u00e9decine et de Litt\u00e9rature \u00e0 Ben Aknoun ont organis\u00e9, hier, des sit-in et improvis\u00e9 une marche scandant notamment des slogans pour la dignit\u00e9 des \u00e9tudiants et le changement politique. Ces \u00e9tudiants des facult\u00e9s de M\u00e9decine, de Litt\u00e9rature et de Droit ont brandi des pancartes sur lesquelles on pouvait [&hellip;]<\/p>\n","protected":false},"author":1744,"featured_media":0,"comment_status":"closed","ping_status":"closed","sticky":false,"template":"","format":"standard","meta":{"fifu_image_url":"","fifu_image_alt":"","footnotes":""},"categories":[73,53],"tags":[],"class_list":["post-19308","post","type-post","status-publish","format-standard","hentry","category-actualite","category-algerie"],"_links":{"self":[{"href":"https:\/\/linitiative.ca\/International\/wp-json\/wp\/v2\/posts\/19308","targetHints":{"allow":["GET"]}}],"collection":[{"href":"https:\/\/linitiative.ca\/International\/wp-json\/wp\/v2\/posts"}],"about":[{"href":"https:\/\/linitiative.ca\/International\/wp-json\/wp\/v2\/types\/post"}],"author":[{"embeddable":true,"href":"https:\/\/linitiative.ca\/International\/wp-json\/wp\/v2\/users\/1744"}],"replies":[{"embeddable":true,"href":"https:\/\/linitiative.ca\/International\/wp-json\/wp\/v2\/comments?post=19308"}],"version-history":[{"count":0,"href":"https:\/\/linitiative.ca\/International\/wp-json\/wp\/v2\/posts\/19308\/revisions"}],"wp:attachment":[{"href":"https:\/\/linitiative.ca\/International\/wp-json\/wp\/v2\/media?parent=19308"}],"wp:term":[{"taxonomy":"category","embeddable":true,"href":"https:\/\/linitiative.ca\/International\/wp-json\/wp\/v2\/categories?post=19308"},{"taxonomy":"post_tag","embeddable":true,"href":"https:\/\/linitiative.ca\/International\/wp-json\/wp\/v2\/tags?post=19308"}],"curies":[{"name":"wp","href":"https:\/\/api.w.org\/{rel}","templated":true}]}}