{"id":19311,"date":"2019-03-03T18:00:00","date_gmt":"2019-03-03T23:00:00","guid":{"rendered":"https:\/\/linitiative.ca\/International\/les-partis-de-lopposition-saluent-le-caractere-pacifique-des-marches\/"},"modified":"2019-03-03T18:00:00","modified_gmt":"2019-03-03T23:00:00","slug":"les-partis-de-lopposition-saluent-le-caractere-pacifique-des-marches","status":"publish","type":"post","link":"https:\/\/linitiative.ca\/International\/les-partis-de-lopposition-saluent-le-caractere-pacifique-des-marches\/","title":{"rendered":"Les partis de l\u2019opposition saluent le caract\u00e8re pacifique des marches"},"content":{"rendered":"<p>Les partis de l&rsquo;opposition ont salu\u00e9, samedi \u00e0 Alger, le civisme et le caract\u00e8re pacifique dont ont fait preuve les manifestants lors des marches populaires organis\u00e9es vendredi dans diff\u00e9rentes wilayas du pays, ainsi que le professionnalisme des \u00e9l\u00e9ments de la police dans la gestion de ces marches. Dans un communiqu\u00e9 rendu public suite \u00e0 la deuxi\u00e8me r\u00e9union consultative lors de laquelle \u00ables d\u00e9veloppements de la situation et les conditions exceptionnelles\u00bb r\u00e9gnant dans le pays ont \u00e9t\u00e9 abord\u00e9s, les partis de l&rsquo;opposition, des personnalit\u00e9s nationales et des militants politiques ont salu\u00e9 \u00abl&rsquo;\u00e9largissement de la d\u00e9marche populaire dans son appel au changement pacifique dans le cadre de la volont\u00e9 du peuple\u00bb. Les participants \u00e0 cette rencontre ont appel\u00e9 \u00ables institutions de l&rsquo;Etat \u00e0 prot\u00e9ger les citoyens dans la d\u00e9fense de leurs droits l\u00e9gitimes et \u00e0 r\u00e9pondre aux revendications responsables du peuple qui est sorti dans toutes les villes de l&rsquo;Alg\u00e9rie\u00bb, rappelant \u00able droit constitutionnel du peuple \u00e0 la libert\u00e9 d&rsquo;expression et \u00e0 manifester pour revendiquer ses droits\u00bb, ajoute le communiqu\u00e9. Les participants ont rendu hommage \u00e0 la personne d\u00e9c\u00e9d\u00e9e lors de ces marches, pr\u00e9sentant leurs condol\u00e9ances \u00e0 sa famille et \u00e0 l&rsquo;ensemble du peuple alg\u00e9rien, tout en exprimant leur compassion avec les bless\u00e9s auxquels ils souhaitent un prompt r\u00e9tablissement. Ils ont convenu, \u00e0 cet \u00e9gard, de poursuivre ces rencontres consultatives \u00e0 l&rsquo;ombre de la conjoncture que vit le pays.<\/p>\n<p>Auteur: elmoudjahid<br \/>\n<a href=\"http:\/\/www.elmoudjahid.com\/fr\/actualites\/134388\">Cliquez ici pour lire l&rsquo;article depuis sa source.<\/a><\/p>\n","protected":false},"excerpt":{"rendered":"<p>Les partis de l&rsquo;opposition ont salu\u00e9, samedi \u00e0 Alger, le civisme et le caract\u00e8re pacifique dont ont fait preuve les manifestants lors des marches populaires organis\u00e9es vendredi dans diff\u00e9rentes wilayas du pays, ainsi que le professionnalisme des \u00e9l\u00e9ments de la police dans la gestion de ces marches. Dans un communiqu\u00e9 rendu public suite \u00e0 la [&hellip;]<\/p>\n","protected":false},"author":1744,"featured_media":0,"comment_status":"closed","ping_status":"closed","sticky":false,"template":"","format":"standard","meta":{"fifu_image_url":"","fifu_image_alt":"","footnotes":""},"categories":[73,53],"tags":[],"class_list":["post-19311","post","type-post","status-publish","format-standard","hentry","category-actualite","category-algerie"],"_links":{"self":[{"href":"https:\/\/linitiative.ca\/International\/wp-json\/wp\/v2\/posts\/19311","targetHints":{"allow":["GET"]}}],"collection":[{"href":"https:\/\/linitiative.ca\/International\/wp-json\/wp\/v2\/posts"}],"about":[{"href":"https:\/\/linitiative.ca\/International\/wp-json\/wp\/v2\/types\/post"}],"author":[{"embeddable":true,"href":"https:\/\/linitiative.ca\/International\/wp-json\/wp\/v2\/users\/1744"}],"replies":[{"embeddable":true,"href":"https:\/\/linitiative.ca\/International\/wp-json\/wp\/v2\/comments?post=19311"}],"version-history":[{"count":0,"href":"https:\/\/linitiative.ca\/International\/wp-json\/wp\/v2\/posts\/19311\/revisions"}],"wp:attachment":[{"href":"https:\/\/linitiative.ca\/International\/wp-json\/wp\/v2\/media?parent=19311"}],"wp:term":[{"taxonomy":"category","embeddable":true,"href":"https:\/\/linitiative.ca\/International\/wp-json\/wp\/v2\/categories?post=19311"},{"taxonomy":"post_tag","embeddable":true,"href":"https:\/\/linitiative.ca\/International\/wp-json\/wp\/v2\/tags?post=19311"}],"curies":[{"name":"wp","href":"https:\/\/api.w.org\/{rel}","templated":true}]}}