{"id":19314,"date":"2019-03-03T18:00:00","date_gmt":"2019-03-03T23:00:00","guid":{"rendered":"https:\/\/linitiative.ca\/International\/dans-une-lettre-a-la-nation-les-6-engagements-du-president-bouteflika\/"},"modified":"2019-03-03T18:00:00","modified_gmt":"2019-03-03T23:00:00","slug":"dans-une-lettre-a-la-nation-les-6-engagements-du-president-bouteflika","status":"publish","type":"post","link":"https:\/\/linitiative.ca\/International\/dans-une-lettre-a-la-nation-les-6-engagements-du-president-bouteflika\/","title":{"rendered":"Dans une lettre \u00e0 la nation : les 6 engagements du pr\u00e9sident Bouteflika"},"content":{"rendered":"<p><strong>Le candidat \u00e0 l&rsquo;\u00e9lection pr\u00e9sidentielle du 18 avril 2019, le Pr\u00e9sident de la R\u00e9publique, Abdelaziz Bouteflika, a adress\u00e9, hier, un message, \u00e0 l&rsquo;occasion du d\u00e9p\u00f4t du dossier de sa candidature au Conseil constitutionnel, lu en son nom par son directeur de campagne \u00e9lectorale, Abdelghani Za\u00e2lane, dont voici le texte int\u00e9gral :<\/strong><\/p>\n<p>\u00abAu nom de Dieu Cl\u00e9ment et Mis\u00e9ricordieux, ch\u00e8res concitoyennes, chers concitoyens, il y a quelques jours et en r\u00e9ponse aux sollicitations des citoyens, de la classe politique et de la soci\u00e9t\u00e9 civile, dans un esprit d\u2019accomplissement d\u2019un devoir ultime au service de notre pays et de notre peuple, j\u2019ai annonc\u00e9 ma candidature \u00e0 l\u2019\u00e9lection pr\u00e9sidentielle du mois d\u2019avril prochain. Des millions de citoyens ont bien voulu m\u2019apporter leur soutien, en contribuant activement \u00e0 la campagne de collecte des signatures et en m\u2019octroyant leur parrainage. Servir mon pays est le plus grand honneur qui m\u2019ait \u00e9t\u00e9 fait tout au long de ma vie. Je tiens, tout d\u2019abord, \u00e0 saluer, \u00e0 cette occasion, le civisme qui a caract\u00e9ris\u00e9 les r\u00e9centes marches populaires. Je salue \u00e9galement le comportement professionnel exemplaire des diff\u00e9rents corps de s\u00e9curit\u00e9. Je salue aussi l\u2019attitude de tous nos concitoyens qui ont r\u00e9serv\u00e9 l\u2019expression de leur opinion pour le jour du scrutin \u00e0 travers les urnes. Je tiens enfin \u00e0 saluer l\u2019Arm\u00e9e nationale populaire pour sa mobilisation en toutes circonstances dans l\u2019accomplissement de ses missions constitutionnelles. Je suis \u00e0 l\u2019\u00e9coute de toutes les opinions qui s\u2019expriment dans notre soci\u00e9t\u00e9. Je fais le serment que je ne laisserai aucune force, politique ou \u00e9conomique, d\u00e9tourner le destin et les richesses de notre nation au profit d\u2019int\u00e9r\u00eats personnels ou de groupes occultes.<\/p>\n<p><strong>Ch\u00e8res concitoyennes, chers concitoyens,<\/strong><br \/>L\u2019Alg\u00e9rie a besoin de poursuivre sa marche vers la d\u00e9mocratie, le progr\u00e8s et la prosp\u00e9rit\u00e9 sans rompre les processus d\u2019accumulation de ses acquis. Pour ce faire, elle a besoin d\u2019un sursaut de toutes les forces politiques, \u00e9conomiques et sociales et de toutes les cat\u00e9gories de la population, en vue de se donner une nouvelle ambition. J\u2019ai \u00e9cout\u00e9 et entendu le cri du c\u0153ur des manifestants et en particulier des milliers de jeunes qui m\u2019ont interpell\u00e9 sur l\u2019avenir de notre patrie.<br \/>Ces jeunes dont beaucoup ont l\u2019\u00e2ge porteur de dignit\u00e9 et de g\u00e9n\u00e9rosit\u00e9 que j\u2019avais au moment o\u00f9 j\u2019ai rejoint les rangs de la glorieuse Arm\u00e9e de lib\u00e9ration nationale, ont exprim\u00e9 une inqui\u00e9tude compr\u00e9hensible face aux incertitudes qui les animent. J\u2019ai le devoir et la volont\u00e9 d\u2019apaiser les c\u0153urs et les esprits de mes compatriotes. Je le fais aujourd\u2019hui en tant que moudjahid fid\u00e8le \u00e0 la m\u00e9moire de nos valeureux martyrs et au serment de tous les compagnons de notre \u00e9pop\u00e9e lib\u00e9ratrice qui sont encore en vie. Je le fais \u00e9galement en tant que Pr\u00e9sident de la R\u00e9publique pleinement respectueux de la volont\u00e9 populaire qui m\u2019a accord\u00e9 l\u2019insigne privil\u00e8ge de me porter \u00e0 la magistrature supr\u00eame. Je le fais enfin en qualit\u00e9 de candidat \u00e0 la prochaine \u00e9lection pr\u00e9sidentielle, avec conviction. Je suis d\u00e9termin\u00e9, si Dieu le Tout-Puissant m\u2019en donne la possibilit\u00e9, et si le peuple alg\u00e9rien me renouvelle sa confiance, \u00e0 assumer la responsabilit\u00e9 historique de la concr\u00e9tisation de leur exigence fondamentale, c&rsquo;est-\u00e0-dire le changement du syst\u00e8me. Dans cet esprit, je prends solennellement devant Dieu, et devant le peuple alg\u00e9rien, les engagements suivants : Premi\u00e8rement : La tenue, juste apr\u00e8s l\u2019\u00e9lection pr\u00e9sidentielle, d\u2019une conf\u00e9rence nationale inclusive et ind\u00e9pendante pour d\u00e9battre, \u00e9laborer et adopter des r\u00e9formes politiques, institutionnelles, \u00e9conomiques et sociales, devant constituer le socle du nouveau syst\u00e8me r\u00e9novateur de l\u2019Etat national alg\u00e9rien en harmonie avec les aspirations de notre peuple. Deuxi\u00e8mement : L\u2019\u00e9laboration et l\u2019adoption par r\u00e9f\u00e9rendum populaire d\u2019une nouvelle Constitution qui consacrera la naissance de la Nouvelle R\u00e9publique et du nouveau syst\u00e8me alg\u00e9riens. Troisi\u00e8mement : La mise en \u0153uvre rapide de politiques publiques garantissant une redistribution des richesses nationales plus juste et plus \u00e9quitable et l\u2019\u00e9limination de la marginalisation et de l\u2019exclusion sociales, y compris le ph\u00e9nom\u00e8ne de la harga, ainsi qu\u2019une mobilisation nationale effective contre toutes les formes de corruption.<br \/>Quatri\u00e8mement : La prise de mesures concr\u00e8tes pour faire de tous nos jeunes des acteurs et des b\u00e9n\u00e9ficiaires prioritaires dans la vie publique \u00e0 tous les niveaux et dans toutes les sph\u00e8res du d\u00e9veloppement \u00e9conomique et social. Cinqui\u00e8mement : La r\u00e9vision de la loi \u00e9lectorale avec, notamment la cr\u00e9ation d\u2019un m\u00e9canisme ind\u00e9pendant d\u2019organisation des \u00e9lections qui aura la responsabilit\u00e9 exclusive de l\u2019organisation des \u00e9lections. Sixi\u00e8mement : L\u2019organisation d\u2019une \u00e9lection pr\u00e9sidentielle anticip\u00e9e conform\u00e9ment au calendrier arr\u00eat\u00e9 par la conf\u00e9rence nationale ind\u00e9pendante. Je m\u2019engage \u00e0 ne pas \u00eatre candidat \u00e0 cette \u00e9lection qui assurera ma succession dans des conditions incontestables de s\u00e9r\u00e9nit\u00e9, de libert\u00e9 et de transparence. La date de cette \u00e9lection pr\u00e9sidentielle anticip\u00e9e sera fix\u00e9e par la conf\u00e9rence nationale.<\/p>\n<p><strong>Ch\u00e8res concitoyennes,\u00a0 chers concitoyens\u00a0<\/strong><br \/>Les engagements que je viens de prendre devant vous nous m\u00e8neront naturellement \u00e0 une transmission g\u00e9n\u00e9rationnelle dans une Alg\u00e9rie r\u00e9concili\u00e9e avec elle-m\u00eame. Je vous invite instamment \u00e0 \u00e9crire ensemble une nouvelle page de notre histoire en faisant de l\u2019\u00e9ch\u00e9ance \u00e9lectorale du 18 avril prochain l\u2019acte de naissance d\u2019une nouvelle R\u00e9publique alg\u00e9rienne \u00e0 laquelle le peuple alg\u00e9rien aspire.\u00bb<\/p>\n<p>Auteur: elmoudjahid<br \/>\n<a href=\"http:\/\/www.elmoudjahid.com\/fr\/actualites\/134389\">Cliquez ici pour lire l&rsquo;article depuis sa source.<\/a><\/p>\n","protected":false},"excerpt":{"rendered":"<p>Le candidat \u00e0 l&rsquo;\u00e9lection pr\u00e9sidentielle du 18 avril 2019, le Pr\u00e9sident de la R\u00e9publique, Abdelaziz Bouteflika, a adress\u00e9, hier, un message, \u00e0 l&rsquo;occasion du d\u00e9p\u00f4t du dossier de sa candidature au Conseil constitutionnel, lu en son nom par son directeur de campagne \u00e9lectorale, Abdelghani Za\u00e2lane, dont voici le texte int\u00e9gral : \u00abAu nom de Dieu [&hellip;]<\/p>\n","protected":false},"author":1744,"featured_media":0,"comment_status":"closed","ping_status":"closed","sticky":false,"template":"","format":"standard","meta":{"fifu_image_url":"","fifu_image_alt":"","footnotes":""},"categories":[73,53],"tags":[],"class_list":["post-19314","post","type-post","status-publish","format-standard","hentry","category-actualite","category-algerie"],"_links":{"self":[{"href":"https:\/\/linitiative.ca\/International\/wp-json\/wp\/v2\/posts\/19314","targetHints":{"allow":["GET"]}}],"collection":[{"href":"https:\/\/linitiative.ca\/International\/wp-json\/wp\/v2\/posts"}],"about":[{"href":"https:\/\/linitiative.ca\/International\/wp-json\/wp\/v2\/types\/post"}],"author":[{"embeddable":true,"href":"https:\/\/linitiative.ca\/International\/wp-json\/wp\/v2\/users\/1744"}],"replies":[{"embeddable":true,"href":"https:\/\/linitiative.ca\/International\/wp-json\/wp\/v2\/comments?post=19314"}],"version-history":[{"count":0,"href":"https:\/\/linitiative.ca\/International\/wp-json\/wp\/v2\/posts\/19314\/revisions"}],"wp:attachment":[{"href":"https:\/\/linitiative.ca\/International\/wp-json\/wp\/v2\/media?parent=19314"}],"wp:term":[{"taxonomy":"category","embeddable":true,"href":"https:\/\/linitiative.ca\/International\/wp-json\/wp\/v2\/categories?post=19314"},{"taxonomy":"post_tag","embeddable":true,"href":"https:\/\/linitiative.ca\/International\/wp-json\/wp\/v2\/tags?post=19314"}],"curies":[{"name":"wp","href":"https:\/\/api.w.org\/{rel}","templated":true}]}}