{"id":19327,"date":"2019-03-04T07:00:35","date_gmt":"2019-03-04T12:00:35","guid":{"rendered":"https:\/\/linitiative.ca\/International\/officine-expo-2019-une-agence-africaine-du-medicament-dans-le-pipe\/"},"modified":"2019-03-04T07:00:35","modified_gmt":"2019-03-04T12:00:35","slug":"officine-expo-2019-une-agence-africaine-du-medicament-dans-le-pipe","status":"publish","type":"post","link":"https:\/\/linitiative.ca\/International\/officine-expo-2019-une-agence-africaine-du-medicament-dans-le-pipe\/","title":{"rendered":"Officine Expo 2019 : Une Agence africaine  du m\u00e9dicament dans le pipe"},"content":{"rendered":"<p><img decoding=\"async\" class=\"post_layout_5_img\" src=\"http:\/\/aujourdhui.ma\/wp-content\/uploads\/2019\/03\/Officine-Expo-2019.jpg?x29840\" alt=\"Officine Expo 2019 : Une Agence africaine du m\u00e9dicament dans le pipe\"\/><\/p>\n<p class=\"p1\"><span class=\"c4\"><strong>Cette \u00e9dition a accueilli plus de 125 exposants ouvrant plus d\u2019\u00e9changes entre partenaires du secteur du m\u00e9dicament, fournisseurs de produits de sant\u00e9 et d\u2019hygi\u00e8ne et sp\u00e9cialistes de dermo-cosm\u00e9tologie.<\/strong><\/span><span id=\"more-306516\"\/><\/p>\n<div class=\"base-box mom_box_sc_custom mom_box_sc clear c5\" readability=\"13\">\n<p class=\"p1\"><em>Cinq projets de loi sont finalis\u00e9s et mis dans le circuit d\u2019approbation concernant la pharmacop\u00e9e, la pharmacovigilance, le conseil de l\u2019Ordre, la biodisponibilit\u00e9 et l\u2019inspection, alors que d\u2019autres textes suivront.<\/em><\/p>\n<\/div>\n<p class=\"p1\"><span class=\"s1\">Clap de fin pour la 16\u00e8me \u00e9dition d\u2019Officine Expo 2019. Sous le signe de l\u2019innovation, cette \u00e9dition qui s\u2019est tenue les 1er et 2 mars a tenu ses promesses. En effet, des experts de l\u2019industrie pharmaceutique des 5 continents ont pris part \u00e0 ce rendez-vous d\u00e9sormais devenu traditionnel. Lors de l\u2019ouverture, Anass Doukkali, ministre de la sant\u00e9, a expliqu\u00e9 que la pharmacie est l\u2019un des maillons forts de notre syst\u00e8me national de sant\u00e9, soulignant qu\u2019elle joue un r\u00f4le important dans le domaine de la sant\u00e9 publique.<\/span><\/p>\n<p class=\"p1\"><span class=\"s1\">Il a \u00e9galement mis l\u2019accent sur l\u2019importante contribution des pharmaciens dans la pr\u00e9vention, la lutte contre les m\u00e9susages des m\u00e9dicaments et la pharmacovigilance qui constituent ainsi un danger pour la s\u00e9curit\u00e9 sanitaire des citoyens. Il a indiqu\u00e9 \u00e0 cette occasion que cinq projets de loi sont finalis\u00e9s et mis dans le circuit d\u2019approbation concernant la pharmacop\u00e9e, la pharmacovigilance, le conseil de l\u2019Ordre, la biodisponibilit\u00e9 et l\u2019inspection, alors que d\u2019autres textes suivront. Plac\u00e9e sous le Haut patronage de Sa Majest\u00e9 Mohammed VI, cette \u00e9dition a trait\u00e9 un \u00e9ventail de th\u00e9matiques cruciales comme \u00abL\u2019ob\u00e9sit\u00e9, fl\u00e9au mondial\u00bb, \u00abL\u2019autom\u00e9dication responsable, enjeux et bonnes pratiques de dispensation en officine\u00bb, \u00abLes nouvelles th\u00e9rapies en 2019\u00bb, \u00abL\u2019intelligence artificielle au service de l\u2019exercice officinal : Actualit\u00e9s, enjeux et perspectives\u00bb, ou encore \u00abLes responsabilit\u00e9s du pharmacien vues sous l\u2019angle du droit pharmaceutique\u00bb.<\/span><\/p>\n<p class=\"p1\"><span class=\"s1\">Une trentaine de sujets diversifi\u00e9s autour de l\u2019industrie pharmaceutique et du r\u00f4le des pharmaciens dans la pr\u00e9vention et le conseil des patients ont \u00e9t\u00e9 abord\u00e9s. Cette \u00e9dition a accueilli plus de 125 exposants ouvrant plus d\u2019\u00e9changes entre partenaires du secteur du m\u00e9dicament, fournisseurs de produits de sant\u00e9 et d\u2019hygi\u00e8ne et sp\u00e9cialistes de dermo-cosm\u00e9tologie. Ainsi, ont \u00e9t\u00e9 mises en lumi\u00e8re les cons\u00e9quences de l\u2019ob\u00e9sit\u00e9 qui gagne de plus en plus de terrain au Maroc, selon les derniers chiffres du minist\u00e8re de la sant\u00e9. 20% de la population en souffrent. Les experts ont alert\u00e9 sur la dangerosit\u00e9 de ce ph\u00e9nom\u00e8ne et sur la n\u00e9cessit\u00e9 de prendre des mesures face \u00e0 l\u2019ampleur qu\u2019il prend aussi bien sur la sant\u00e9 des adultes que des enfants appelant \u00e0 revoir nos habitudes alimentaires, rappelant le lien entre le diab\u00e8te et l\u2019ob\u00e9sit\u00e9. S\u00e9dentarit\u00e9, alimentation d\u00e9s\u00e9quilibr\u00e9e, mauvaises habitudes alimentaires \u2026tous contribuent \u00e0 aggraver les risques d\u2019\u00eatre touch\u00e9 par ces complications de sant\u00e9 (notamment cardio-vasculaires). Ainsi, l\u2019accent a \u00e9t\u00e9 mis sur la n\u00e9cessit\u00e9 d\u2019inculquer les bonnes habitudes alimentaires aux enfants et de les mettre \u00e0 l\u2019activit\u00e9 physique afin de pr\u00e9venir ces maladies.<\/span><\/p>\n<p class=\"p1\"><span class=\"s1\">Dans cette perspective, le r\u00f4le du pharmacien dans la pr\u00e9vention de l\u2019ob\u00e9sit\u00e9, la prise en charge et l\u2019accompagnement des patients ob\u00e8ses a \u00e9t\u00e9 discut\u00e9 par des experts d\u2019Alg\u00e9rie, de France et du Maroc prenant part \u00e0 cet \u00e9v\u00e8nement. La deuxi\u00e8me th\u00e9matique abord\u00e9e durant la premi\u00e8re journ\u00e9e a \u00e9t\u00e9 celle de \u00abL\u2019autom\u00e9dication responsable: le conseil du pharmacien indispensable\u00bb. Il s\u2019agit de l\u2019utilisation, hors prescription m\u00e9dicale, par des personnes pour elles-m\u00eames ou pour leurs proches et de leur propre initiative, de m\u00e9dicaments consid\u00e9r\u00e9s comme tels. En France par exemple, 80% de la population ont eu recours \u00e0 l\u2019autom\u00e9dication sur les 12 derniers mois et un Fran\u00e7ais sur deux demande conseil \u00e0 son pharmacien. Sur ce sujet, l\u2019OMS recommande d\u2019associer les professionnels de sant\u00e9 et les patients \u00e0 cette d\u00e9marche d\u2019autom\u00e9dication.<\/span><\/p>\n<p class=\"p1\"><span class=\"s1\">Cet \u00e9v\u00e9nement a \u00e9galement accueilli le Meeting Pharma Africa dans sa 3\u00e8me \u00e9dition qui se focalise cette ann\u00e9e sur la coop\u00e9ration Sud-Sud. Ce rendez-vous annuel participe \u00e0 la promotion des relations Sud-Sud dans les domaines de l\u2019harmonisation de la r\u00e9glementation pharmaceutique de l\u2019acc\u00e8s \u00e0 des m\u00e9dicaments des produits de sant\u00e9 de qualit\u00e9 et au partage d\u2019exp\u00e9riences et d\u2019expertises dans le secteur de la pharmacie industrielle. Dans ce sens, la cr\u00e9ation d\u2019une Agence africaine du m\u00e9dicament, pour l\u2019impl\u00e9mentation d\u2019une politique africaine de la pharmacie prenant en consid\u00e9ration les caract\u00e9ristiques et sp\u00e9cificit\u00e9s de la r\u00e9gion est en cours de r\u00e9flexion. A ce sujet le ministre de la sant\u00e9 a expliqu\u00e9 que l\u2019av\u00e8nement de l\u2019AMA est un pas important vers l\u2019int\u00e9gration qui sera compl\u00e9t\u00e9e par la cr\u00e9ation d\u2019un espace de libre-\u00e9change. Il a soulign\u00e9 que l\u2019initiative africaine de l\u2019harmonisation des r\u00e9glementations des m\u00e9dicaments (AMRH) a beaucoup \u0153uvr\u00e9 pour la mise en place d\u2019une r\u00e9glementation mod\u00e8le et par l\u2019adoption des statuts de l\u2019AMA. Ces statuts ont \u00e9t\u00e9 adopt\u00e9s en f\u00e9vrier dernier par les ministres de la sant\u00e9 africains \u00e0 Addis-Abeba et il faut que 15 pays au moins les ratifient pour que l\u2019agence soit d\u00e9finitivement cr\u00e9\u00e9e.<\/span><\/p>\n<p>Auteur: Ouchagour Leila<br \/>\n<a href=\"http:\/\/aujourdhui.ma\/societe\/officine-expo-2019-une-agence-africaine-du-medicament-dans-le-pipe\">Cliquez ici pour lire l&rsquo;article depuis sa source.<\/a><\/p>\n","protected":false},"excerpt":{"rendered":"<p>Cette \u00e9dition a accueilli plus de 125 exposants ouvrant plus d\u2019\u00e9changes entre partenaires du secteur du m\u00e9dicament, fournisseurs de produits de sant\u00e9 et d\u2019hygi\u00e8ne et sp\u00e9cialistes de dermo-cosm\u00e9tologie. Cinq projets de loi sont finalis\u00e9s et mis dans le circuit d\u2019approbation concernant la pharmacop\u00e9e, la pharmacovigilance, le conseil de l\u2019Ordre, la biodisponibilit\u00e9 et l\u2019inspection, alors que [&hellip;]<\/p>\n","protected":false},"author":1759,"featured_media":0,"comment_status":"closed","ping_status":"closed","sticky":false,"template":"","format":"standard","meta":{"fifu_image_url":"","fifu_image_alt":"","footnotes":""},"categories":[73,54],"tags":[],"class_list":["post-19327","post","type-post","status-publish","format-standard","hentry","category-actualite","category-maroc"],"_links":{"self":[{"href":"https:\/\/linitiative.ca\/International\/wp-json\/wp\/v2\/posts\/19327","targetHints":{"allow":["GET"]}}],"collection":[{"href":"https:\/\/linitiative.ca\/International\/wp-json\/wp\/v2\/posts"}],"about":[{"href":"https:\/\/linitiative.ca\/International\/wp-json\/wp\/v2\/types\/post"}],"author":[{"embeddable":true,"href":"https:\/\/linitiative.ca\/International\/wp-json\/wp\/v2\/users\/1759"}],"replies":[{"embeddable":true,"href":"https:\/\/linitiative.ca\/International\/wp-json\/wp\/v2\/comments?post=19327"}],"version-history":[{"count":0,"href":"https:\/\/linitiative.ca\/International\/wp-json\/wp\/v2\/posts\/19327\/revisions"}],"wp:attachment":[{"href":"https:\/\/linitiative.ca\/International\/wp-json\/wp\/v2\/media?parent=19327"}],"wp:term":[{"taxonomy":"category","embeddable":true,"href":"https:\/\/linitiative.ca\/International\/wp-json\/wp\/v2\/categories?post=19327"},{"taxonomy":"post_tag","embeddable":true,"href":"https:\/\/linitiative.ca\/International\/wp-json\/wp\/v2\/tags?post=19327"}],"curies":[{"name":"wp","href":"https:\/\/api.w.org\/{rel}","templated":true}]}}