{"id":19374,"date":"2019-03-04T14:15:28","date_gmt":"2019-03-04T19:15:28","guid":{"rendered":"https:\/\/linitiative.ca\/International\/essaouira-le-prescolaire-et-les-projets-inscrits-dans-le-cadre-de-lindh-au-centre-dune-reunion-de-travail-du-cpdh\/"},"modified":"2019-03-04T14:15:28","modified_gmt":"2019-03-04T19:15:28","slug":"essaouira-le-prescolaire-et-les-projets-inscrits-dans-le-cadre-de-lindh-au-centre-dune-reunion-de-travail-du-cpdh","status":"publish","type":"post","link":"https:\/\/linitiative.ca\/International\/essaouira-le-prescolaire-et-les-projets-inscrits-dans-le-cadre-de-lindh-au-centre-dune-reunion-de-travail-du-cpdh\/","title":{"rendered":"Essaouira: Le pr\u00e9scolaire et les projets inscrits dans le cadre de l\u2019INDH, au centre d\u2019une r\u00e9union de travail du CPDH"},"content":{"rendered":"<div readability=\"36\">\n<p>Essaouira \u2013 Le Comit\u00e9 provincial du D\u00e9veloppement Humain (CPDH) a tenu, lundi \u00e0 Essaouira, une r\u00e9union de travail ax\u00e9e sur les projets inscrits dans le cadre de l\u2019Initiative Nationale pour le D\u00e9veloppement Humain (INDH) ainsi que sur le pr\u00e9scolaire au niveau de la province.<\/p>\n<\/div>\n<div readability=\"108\">\n<p>Tenue sous la pr\u00e9sidence du gouverneur de la province d\u2019Essaouira, M. Adil El Maliki, cette r\u00e9union a \u00e9t\u00e9 marqu\u00e9e par la pr\u00e9sence notamment du directeur g\u00e9n\u00e9ral de la Fondation Marocaine pour la promotion de l\u2019enseignement pr\u00e9scolaire, M. Aziz Kaichouh, des membres du CPDH, des chefs des services ext\u00e9rieurs concern\u00e9s, ainsi que des acteurs de la soci\u00e9t\u00e9 civile.<\/p>\n<p>Dans une allocution de circonstance, M. El Maliki a mis l\u2019accent sur l\u2019importance de cette r\u00e9union ainsi que sur les points figurant \u00e0 l\u2019ordre du jour notamment la question du pr\u00e9scolaire qui, a-t-il dit, b\u00e9n\u00e9ficie d\u2019un int\u00e9r\u00eat particulier au niveau de la province et ce, en application des Hautes Instructions de Sa Majest\u00e9 le Roi Mohammed VI de la sollicitude dont le Souverain ne cesse d\u2019entourer ce secteur strat\u00e9gique.<\/p>\n<p>Dans la foul\u00e9e, il a invit\u00e9 l\u2019ensemble des parties concern\u00e9es \u00e0 f\u00e9d\u00e9rer leurs efforts, et \u00e0 agir ensemble pour acc\u00e9l\u00e9rer la cadence de la r\u00e9alisation des projets programm\u00e9s et permettre ainsi de r\u00e9pondre aux attentes des populations dans les d\u00e9lais impartis.<\/p>\n<p>Lors de cette r\u00e9union, l\u2019assistance a \u00e9t\u00e9 convi\u00e9e \u00e0 suivre un expos\u00e9 relatif au statut interne r\u00e9gissant le CPDH, avec un focus sur la composition dudit comit\u00e9, ainsi que ses missions et comp\u00e9tences.<\/p>\n<p>Par la suite, l\u2019accent a \u00e9t\u00e9 mis sur les principaux projets programm\u00e9s dans le cadre de l\u2019INDH au niveau de la province pour la p\u00e9riode 2019-2023, tels que r\u00e9partis en 4 axes principaux \u00e0 savoir : \u00a0\u00bble rattrapage du d\u00e9ficit enregistr\u00e9 en mati\u00e8re d\u2019infrastructures et des services de base dans les zones territoriales les moins \u00e9quip\u00e9es\u00a0\u00bb, \u00a0\u00bbl\u2019accompagnement des personnes en situation de pr\u00e9carit\u00e9\u00a0\u00bb, \u00a0\u00bbl\u2019am\u00e9lioration du revenu et de l\u2019insertion \u00e9conomique des jeunes\u00a0\u00bb et \u00a0\u00bbla promotion d\u2019une forte dynamique du d\u00e9veloppement humain au profit des g\u00e9n\u00e9rations montantes\u00a0\u00bb.<\/p>\n<p>Les discussions ont port\u00e9 \u00e9galement lors de cette r\u00e9union sur le projet d\u2019une convention de partenariat \u00e0 signer entre la province d\u2019Essaouira et la Fondation Marocaine pour la promotion de l\u2019enseignement pr\u00e9scolaire, son contenu ainsi que sur les moyens \u00e0 mobiliser pour atteindre tous les objectifs escompt\u00e9s.<\/p>\n<p>Dans une d\u00e9claration \u00e0 la presse au terme de cette r\u00e9union, M. Ka\u00efchouh, a fait savoir que si de grands efforts ont \u00e9t\u00e9 d\u00e9ploy\u00e9s par le pass\u00e9 concernant la question du pr\u00e9scolaire au niveau de la province, ceux-ci demeurent insuffisants comme en t\u00e9moigne le nombre des enfants cibl\u00e9s mais aussi des ressources humaines op\u00e9rant dans ce secteur.<\/p>\n<p>Aujourd\u2019hui, l\u2019accent a \u00e9t\u00e9 mis, dans le cadre de la 3\u00e8 phase de l\u2019INDH, sur les moyens \u00e0 mettre en oeuvre pour aboutir \u00e0 la g\u00e9n\u00e9ralisation de l\u2019enseignement pr\u00e9scolaire au niveau de la province notamment en milieu rural, s\u2019est-il f\u00e9licit\u00e9, notant que tous les aspects de cette question b\u00e9n\u00e9ficieront d\u2019un int\u00e9r\u00eat particulier pour pouvoir instaurer un pr\u00e9scolaire de qualit\u00e9 avec des outils \u00e9ducatifs, p\u00e9dagogiques et de formation bien d\u00e9velopp\u00e9s.<\/p>\n<p>L\u2019objectif \u00e9tant de faire b\u00e9n\u00e9ficier les enfants cibl\u00e9s d\u2019une meilleure formation et d\u2019un encadrement et suivi efficients, a-t-il pr\u00e9cis\u00e9, relevant qu\u2019il s\u2019agit aussi de r\u00e9pondre \u00e0 l\u2019ensemble des besoins de cette frange de la soci\u00e9t\u00e9 notamment en milieu rural, sachant que la province d\u2019Essaouira est \u00e0 dominante rurale.<\/p>\n<p>Et de conclure que la Fondation ne m\u00e9nagera aucun effort pour que le chantier de promotion et de g\u00e9n\u00e9ralisation du pr\u00e9scolaire au niveau de la province d\u2019Essaouira puisse aboutir.<\/p>\n<\/div>\n<p>Auteur: Meriem IGASS<br \/>\n<a href=\"http:\/\/www.mapmarrakech.ma\/fr\/essaouira-le-prescolaire-et-les-projets-inscrits-dans-le-cadre-de-lindh-au-centre-dune-reunion-de-travail-du-cpdh\/\">Cliquez ici pour lire l&rsquo;article depuis sa source.<\/a><\/p>\n","protected":false},"excerpt":{"rendered":"<p>Essaouira \u2013 Le Comit\u00e9 provincial du D\u00e9veloppement Humain (CPDH) a tenu, lundi \u00e0 Essaouira, une r\u00e9union de travail ax\u00e9e sur les projets inscrits dans le cadre de l\u2019Initiative Nationale pour le D\u00e9veloppement Humain (INDH) ainsi que sur le pr\u00e9scolaire au niveau de la province. Tenue sous la pr\u00e9sidence du gouverneur de la province d\u2019Essaouira, M. [&hellip;]<\/p>\n","protected":false},"author":1788,"featured_media":0,"comment_status":"closed","ping_status":"closed","sticky":false,"template":"","format":"standard","meta":{"fifu_image_url":"","fifu_image_alt":"","footnotes":""},"categories":[54,76],"tags":[],"class_list":["post-19374","post","type-post","status-publish","format-standard","hentry","category-maroc","category-regions"],"_links":{"self":[{"href":"https:\/\/linitiative.ca\/International\/wp-json\/wp\/v2\/posts\/19374","targetHints":{"allow":["GET"]}}],"collection":[{"href":"https:\/\/linitiative.ca\/International\/wp-json\/wp\/v2\/posts"}],"about":[{"href":"https:\/\/linitiative.ca\/International\/wp-json\/wp\/v2\/types\/post"}],"author":[{"embeddable":true,"href":"https:\/\/linitiative.ca\/International\/wp-json\/wp\/v2\/users\/1788"}],"replies":[{"embeddable":true,"href":"https:\/\/linitiative.ca\/International\/wp-json\/wp\/v2\/comments?post=19374"}],"version-history":[{"count":0,"href":"https:\/\/linitiative.ca\/International\/wp-json\/wp\/v2\/posts\/19374\/revisions"}],"wp:attachment":[{"href":"https:\/\/linitiative.ca\/International\/wp-json\/wp\/v2\/media?parent=19374"}],"wp:term":[{"taxonomy":"category","embeddable":true,"href":"https:\/\/linitiative.ca\/International\/wp-json\/wp\/v2\/categories?post=19374"},{"taxonomy":"post_tag","embeddable":true,"href":"https:\/\/linitiative.ca\/International\/wp-json\/wp\/v2\/tags?post=19374"}],"curies":[{"name":"wp","href":"https:\/\/api.w.org\/{rel}","templated":true}]}}