{"id":19403,"date":"2019-03-04T15:14:15","date_gmt":"2019-03-04T20:14:15","guid":{"rendered":"https:\/\/linitiative.ca\/International\/international-real-solari-evoque-la-rumeur-jose-mourinho\/"},"modified":"2019-03-04T15:14:15","modified_gmt":"2019-03-04T20:14:15","slug":"international-real-solari-evoque-la-rumeur-jose-mourinho","status":"publish","type":"post","link":"https:\/\/linitiative.ca\/International\/international-real-solari-evoque-la-rumeur-jose-mourinho\/","title":{"rendered":"International : Real : Solari \u00e9voque la rumeur Jos\u00e9 Mourinho"},"content":{"rendered":"<div readability=\"32\">\n<p>Auteur : <span class=\"time\">lundi 04 mars 2019 20:12<\/span><\/p>\n<\/div>\n<div id=\"post_core\" readability=\"54\">\n<p><strong>Comment prenez-vous les rumeurs de retour de Jos\u00e9 Mourinho au Real Madrid ?<\/strong><\/p>\n<p>\u00ab\u00a0Mourinho ? Ce club a toujours eu plus de candidats que Julia Roberts.\u00a0\u00bb<\/p>\n<p><strong>La sanction de deux matches de suspension \u00e0 l&rsquo;encontre de Sergio Ramos vous para\u00eet-elle injuste ?<\/strong><\/p>\n<p>\u00ab\u00a0Cela me fait de la peine qu&rsquo;il ne puisse pas jouer le match de demain, comme vous le savez. C&rsquo;est un joueur tr\u00e8s important, un leader. Il est \u00e9vident que nous avons des joueurs de personnalit\u00e9 qui peuvent le remplacer. Son caract\u00e8re impr\u00e8gne cette \u00e9quipe. La sanction ? Je ne vais pas me prononcer.\u00a0\u00bb<\/p>\n<p><strong>Comment va le vestiaire ?<\/strong><\/p>\n<p>\u00ab\u00a0Le vestiaire est tr\u00e8s fort, les joueurs ont beaucoup de caract\u00e8re, ce qui ne signifie pas que nous ne sommes pas m\u00e9contents. Nous ne pouvons pas \u00eatre satisfaits parce que nous avons perdu et nous voulons toujours gagner. Mais demain nous avons un autre match et nous sommes pr\u00e9par\u00e9s. Nous sommes habitu\u00e9s \u00e0 encha\u00eener la comp\u00e9tition.\u00a0\u00bb Des propos relay\u00e9s par Goal.<\/p>\n<p><strong>Publi\u00e9 dans :<\/strong> <span>real madrid<\/span><\/p>\n<\/div>\n<p>Auteur:<br \/>\n<a href=\"http:\/\/www.lebuteur.com\/article\/detail?titre=real-solari-evoque-la-rumeur-jose-mourinho&#038;id=86870&#038;utm_source=feedburner&#038;utm_medium=feed&#038;utm_campaign=Feed%3A+GalerieFArtciles+%28Les+derniers+articles++-+lebuteur.com%29\">Cliquez ici pour lire l&rsquo;article depuis sa source.<\/a><\/p>\n","protected":false},"excerpt":{"rendered":"<p>Auteur : lundi 04 mars 2019 20:12 Comment prenez-vous les rumeurs de retour de Jos\u00e9 Mourinho au Real Madrid ? \u00ab\u00a0Mourinho ? Ce club a toujours eu plus de candidats que Julia Roberts.\u00a0\u00bb La sanction de deux matches de suspension \u00e0 l&rsquo;encontre de Sergio Ramos vous para\u00eet-elle injuste ? \u00ab\u00a0Cela me fait de la peine [&hellip;]<\/p>\n","protected":false},"author":1738,"featured_media":19404,"comment_status":"closed","ping_status":"closed","sticky":false,"template":"","format":"standard","meta":{"fifu_image_url":"","fifu_image_alt":"","footnotes":""},"categories":[53,75],"tags":[],"class_list":["post-19403","post","type-post","status-publish","format-standard","has-post-thumbnail","hentry","category-algerie","category-sport"],"_links":{"self":[{"href":"https:\/\/linitiative.ca\/International\/wp-json\/wp\/v2\/posts\/19403","targetHints":{"allow":["GET"]}}],"collection":[{"href":"https:\/\/linitiative.ca\/International\/wp-json\/wp\/v2\/posts"}],"about":[{"href":"https:\/\/linitiative.ca\/International\/wp-json\/wp\/v2\/types\/post"}],"author":[{"embeddable":true,"href":"https:\/\/linitiative.ca\/International\/wp-json\/wp\/v2\/users\/1738"}],"replies":[{"embeddable":true,"href":"https:\/\/linitiative.ca\/International\/wp-json\/wp\/v2\/comments?post=19403"}],"version-history":[{"count":0,"href":"https:\/\/linitiative.ca\/International\/wp-json\/wp\/v2\/posts\/19403\/revisions"}],"wp:featuredmedia":[{"embeddable":true,"href":"https:\/\/linitiative.ca\/International\/wp-json\/"}],"wp:attachment":[{"href":"https:\/\/linitiative.ca\/International\/wp-json\/wp\/v2\/media?parent=19403"}],"wp:term":[{"taxonomy":"category","embeddable":true,"href":"https:\/\/linitiative.ca\/International\/wp-json\/wp\/v2\/categories?post=19403"},{"taxonomy":"post_tag","embeddable":true,"href":"https:\/\/linitiative.ca\/International\/wp-json\/wp\/v2\/tags?post=19403"}],"curies":[{"name":"wp","href":"https:\/\/api.w.org\/{rel}","templated":true}]}}