{"id":19431,"date":"2019-03-04T07:37:00","date_gmt":"2019-03-04T12:37:00","guid":{"rendered":"https:\/\/linitiative.ca\/International\/comment-khaled-babbou-nouveau-president-de-rugby-africa-a-contracte-la-passion-du-ballon-ovale\/"},"modified":"2019-03-04T07:37:00","modified_gmt":"2019-03-04T12:37:00","slug":"comment-khaled-babbou-nouveau-president-de-rugby-africa-a-contracte-la-passion-du-ballon-ovale","status":"publish","type":"post","link":"https:\/\/linitiative.ca\/International\/comment-khaled-babbou-nouveau-president-de-rugby-africa-a-contracte-la-passion-du-ballon-ovale\/","title":{"rendered":"Comment Khaled Babbou, nouveau pr\u00e9sident de Rugby Africa, a contract\u00e9 la passion du ballon ovale"},"content":{"rendered":"<p><img loading=\"lazy\" decoding=\"async\" src=\"\/uploads\/FCK_files\/50433024_n.jpg\" alt=\"\" width=\"150\" vspace=\"5\" hspace=\"5\" height=\"231\" align=\"left\"\/>Vingt ans apr\u00e8s son premier engagement devenu intensif dans le rugby tunisien, <a href=\"http:\/\/www.leaders.com.tn\/article\/18686-qui-est-khaled-babbou-nouveau-president-de-l-amcham-tunisia\" target=\"_blank\">Khaled Babbou<\/a>, 52 ans, a finalement r\u00e9alis\u00e9 son r\u00eave\u00a0: il vient d\u2019\u00eatre \u00e9lu pr\u00e9sident de la conf\u00e9d\u00e9ration africaine. Une cons\u00e9cration pour un dirigeant qui n\u2019a cess\u00e9 de sillonn\u00e9 le continent et de participer aux instances internationale, un v\u00e9ritable pl\u00e9biscite. Khaled Babbou, bien que comptant de tr\u00e8s nombreux amis en Tunisie, peut se targuer d\u2019\u00eatre encore plus connu en Afrique du Sud, en Namibie au Botsawana et autres pays de pr\u00e9dilection du ballon ovale, dans toutes les sous-r\u00e9gions. Assureur de profession (pr\u00e9sident fondateur en 1994 de Tunisie Courtage), ce titulaire d\u2019un MBA en Business Management obtenu en 1992 \u00e0 la Golden Gate University, San Francisco (USA) a plus d\u2019une fl\u00e8che dans son arc. Tr\u00e8s actif au sein de l\u2019American Chamber of Commerce in Tunisia, (AmCham), il en sera successivement tr\u00e9sorier, puis pr\u00e9sident, succ\u00e9dant \u00e0 Amel Bouchamaoui en 2015. Deux ans plus tard, au terme de son mandat, il passera le relai, en 2017, \u00e0 Naceur Hidoussi.<\/p>\n<p class=\"c3\"><img loading=\"lazy\" decoding=\"async\" src=\"\/uploads\/FCK_files\/37395343_10155454614377321_8287361129613623296_n.jpg\" class=\"responsive_img\" width=\"700\" vspace=\"5\" hspace=\"5\" height=\"427\" align=\"middle\" alt=\"\"\/><\/p>\n<p>Esp\u00e9rantiste de p\u00e8re en fils depuis des g\u00e9n\u00e9rations, Khaled Babbou \u00e9tait \u00e0 l\u2019origine d\u2019un fan du foot. Quand son ami de longue date, Fathi Hachicha est sollicit\u00e9 pour soutenir le rugby tunisien, il s\u2019engagera \u00e0 ses c\u00f4t\u00e9s. Et quand il est vivement invit\u00e9 par tous les clubs \u00e0 prendre la pr\u00e9sidence de la F\u00e9d\u00e9ration tunisienne de Rugby, Khaled Babbou fera partie du nouveau noyau dur. Il montera au charbon et sera de toutes les rencontres, partout, gagnant l\u2019estime des clubs, des f\u00e9d\u00e9rations \u00e9trang\u00e8res et des dirigeants r\u00e9gionaux et internationaux.<\/p>\n<p class=\"c3\"><img loading=\"lazy\" decoding=\"async\" src=\"\/uploads\/FCK_files\/19554098_1743827438965524_1996221857738596082_n(1).jpg\" class=\"responsive_img\" alt=\"\" width=\"700\" vspace=\"5\" hspace=\"5\" height=\"525\" align=\"middle\"\/><\/p>\n<p>Grand m\u00e9c\u00e8ne du sport, Fathi Hachicha finira par r\u00e9pondre \u00e0 la demande des clubs et des autorit\u00e9s sportives pour diriger la F\u00e9d\u00e9ration tunisienne d\u2019Athl\u00e9tisme, c\u2019est Babbou qui lui succ\u00e8dera au Rugby. Il ne fera que redoubler d\u2019effort et de rayonnement et rejoindra l\u2019ex\u00e9cutif de la Conf\u00e9d\u00e9ration africaine de Rugby (CAR). Le mandat du pr\u00e9sident du CAR, Abdelaziz Bougja (Maroc), arriv\u00e9 \u00e0 terme, la voie lui est alors grande ouverte. Il saura assurer.<\/p>\n<h2>Composition du bureau ex\u00e9cutif de la CAR<\/h2>\n<ul>\n<li>Pr\u00e9sident : Khaled Babbou (Tunisie)<\/li>\n<li>Vice-Pr\u00e9sident : Andrew Owor (Ouganda)<\/li>\n<li>Tr\u00e9sorier : Tano Elvis (Cote d\u2019Ivoire)<\/li>\n<li>Secr\u00e9taire G\u00e9n\u00e9ral : Jurie Roux (Afrique du Sud)<\/li>\n<li>Abdelaziz Bougja, Pr\u00e9sident sortant, est \u00e9lu Pr\u00e9sident d\u2019Honneur \u00e0 l\u2019unanimit\u00e9.<\/li>\n<\/ul>\n<p class=\"MsoNormal\">\u00a0<\/p>\n<p class=\"MsoNormal\">\u00a0<\/p>\n<p>Auteur:<br \/>\n<a href=\"http:\/\/www.leaders.com.tn\/article\/26611-comment-khaled-babbou-nouveau-president-de-rugby-africa-a-contracte-la-passion-du-ballon-ovale\">Cliquez ici pour lire l&rsquo;article depuis sa source.<\/a><\/p>\n","protected":false},"excerpt":{"rendered":"<p>Vingt ans apr\u00e8s son premier engagement devenu intensif dans le rugby tunisien, Khaled Babbou, 52 ans, a finalement r\u00e9alis\u00e9 son r\u00eave\u00a0: il vient d\u2019\u00eatre \u00e9lu pr\u00e9sident de la conf\u00e9d\u00e9ration africaine. Une cons\u00e9cration pour un dirigeant qui n\u2019a cess\u00e9 de sillonn\u00e9 le continent et de participer aux instances internationale, un v\u00e9ritable pl\u00e9biscite. Khaled Babbou, bien que [&hellip;]<\/p>\n","protected":false},"author":1772,"featured_media":19432,"comment_status":"closed","ping_status":"closed","sticky":false,"template":"","format":"standard","meta":{"fifu_image_url":"","fifu_image_alt":"","footnotes":""},"categories":[73,55],"tags":[],"class_list":["post-19431","post","type-post","status-publish","format-standard","has-post-thumbnail","hentry","category-actualite","category-tunisie"],"_links":{"self":[{"href":"https:\/\/linitiative.ca\/International\/wp-json\/wp\/v2\/posts\/19431","targetHints":{"allow":["GET"]}}],"collection":[{"href":"https:\/\/linitiative.ca\/International\/wp-json\/wp\/v2\/posts"}],"about":[{"href":"https:\/\/linitiative.ca\/International\/wp-json\/wp\/v2\/types\/post"}],"author":[{"embeddable":true,"href":"https:\/\/linitiative.ca\/International\/wp-json\/wp\/v2\/users\/1772"}],"replies":[{"embeddable":true,"href":"https:\/\/linitiative.ca\/International\/wp-json\/wp\/v2\/comments?post=19431"}],"version-history":[{"count":0,"href":"https:\/\/linitiative.ca\/International\/wp-json\/wp\/v2\/posts\/19431\/revisions"}],"wp:featuredmedia":[{"embeddable":true,"href":"https:\/\/linitiative.ca\/International\/wp-json\/"}],"wp:attachment":[{"href":"https:\/\/linitiative.ca\/International\/wp-json\/wp\/v2\/media?parent=19431"}],"wp:term":[{"taxonomy":"category","embeddable":true,"href":"https:\/\/linitiative.ca\/International\/wp-json\/wp\/v2\/categories?post=19431"},{"taxonomy":"post_tag","embeddable":true,"href":"https:\/\/linitiative.ca\/International\/wp-json\/wp\/v2\/tags?post=19431"}],"curies":[{"name":"wp","href":"https:\/\/api.w.org\/{rel}","templated":true}]}}