{"id":19434,"date":"2019-03-04T11:43:00","date_gmt":"2019-03-04T16:43:00","guid":{"rendered":"https:\/\/linitiative.ca\/International\/mohamed-adel-chehida-quatre-ans-dalliance-nidaa-nahdha-nina-quel-bilan\/"},"modified":"2019-03-04T11:43:00","modified_gmt":"2019-03-04T16:43:00","slug":"mohamed-adel-chehida-quatre-ans-dalliance-nidaa-nahdha-nina-quel-bilan","status":"publish","type":"post","link":"https:\/\/linitiative.ca\/International\/mohamed-adel-chehida-quatre-ans-dalliance-nidaa-nahdha-nina-quel-bilan\/","title":{"rendered":"Mohamed Adel Chehida: Quatre ans d\u2019alliance Nidaa Nahdha &#8211; NiNa &#8211;   Quel Bilan?"},"content":{"rendered":"<p><img loading=\"lazy\" decoding=\"async\" src=\"\/uploads\/FCK_files\/Mohamed-Adel-Chehida(8).jpg\" alt=\"\" width=\"201\" vspace=\"5\" hspace=\"5\" height=\"239\" align=\"left\"\/>Quatre ans d\u00e9j\u00e0 sont pass\u00e9s. En 2014, tout content je me suis v\u00eatu comme pour une f\u00eate, f\u00eate de la d\u00e9mocratie Tunisienne. Je prend ma voiture pour aller au si\u00e8ge \u00e9lectoral \u00e0 Porto R\u00e9canati (Italie)\u00a0 \u00e0 30 km de chez moi pour voter, j\u2019arrive sur les lieux je me trouve dans un immeuble de 17 \u00e9tages de la p\u00e9riph\u00e9rie, je cherche le si\u00e8ge, je me trouve dans un caf\u00e9 tunisien plein de fum\u00e9de narghil\u00e9 et un fond de musique tunisienne. Je demande o\u00f9 on vote ? Un compatriote me r\u00e9pond qu\u2019ils l\u2019ont transf\u00e9r\u00e9 \u00e0 Anc\u00f4ne(\u00e0 25 Km) pour raison de s\u00e9curit\u00e9, en ajoutant \u00e0 quoi \u00e7a sert voter surtout quand il s\u2019agit de nous tunisiens r\u00e9sidents \u00e0 l\u2019\u00e9tranger?<br \/>Bref je vais \u00e0 Anc\u00f4ne et je vote.<\/p>\n<h2>Vote Utile<\/h2>\n<p>Le vote \u00e9tait fameux par l&rsquo;adjectif \u201cutile\u201d en faveur de Nidaa et son p\u00e8re fondateur, avec son programme de 200 pages, promettant de sauver la Tunisie de la pauvret\u00e9 et de l\u2019islam politique. Juste apr\u00e8s les \u00e9lections grand vainqueur Nida s\u2019empare des trois plus hautes fonctions de l\u2019\u00e9tat et fait une alliance avec Nahdha jug\u00e9e n\u00e9cessaire pour faire de grandes r\u00e9formes pour le pays.<\/p>\n<p class=\"c3\"><img loading=\"lazy\" decoding=\"async\" src=\"\/uploads\/FCK_files\/Graph-1(20).jpg\" class=\"responsive_img\" alt=\"\" width=\"700\" vspace=\"5\" hspace=\"5\" height=\"478\" align=\"middle\"\/><\/p>\n<h2>O\u00f9 en sommes-nous apr\u00e8s 4 ans?<\/h2>\n<p>Si on doit reconnaitre qu\u2019apr\u00e8s un long travail et une d\u00e9livrance difficile, des \u00e9lections municipales se sont d\u00e9roul\u00e9es donnant plus d\u2019autonomie apparente aux localit\u00e9s, un d\u00e9cret de loi a \u00e9t\u00e9 vot\u00e9 en 2018 contre la s\u00e9gr\u00e9gation raciale et le racisme. La majeure partie des travaux de l\u2019ARP se sont concentr\u00e9s sur des litiges de nominations des pr\u00e9sidents des instances (ISIE\u2026), sur une grande majorit\u00e9 de lois concernant les finances ou des pr\u00eats internationaux augmentant notre d\u00e9bit national a plus de 70%. Il suffit de visiter le site officiel www.arp.tn pour s\u2019en rendre compte rapidement.<\/p>\n<p>Une assembl\u00e9e nationale caract\u00e9ris\u00e9e par un absent\u00e9isme, bas niveau de d\u00e9bats donnant lieu par fois \u00e0 des sc\u00e8nes inacceptables que nous ne m\u00e9ritons pas nous \u00e9lecteurs. N\u2019en parlons pas du tourisme des d\u00e9put\u00e9s d\u2019un parti \u00e0 un autre et en fin de compte on a le droit \u00e0 une tentative de guider les prochaines \u00e9lections \u00e0 partir de l\u2019h\u00e9micycle \u00e0 travers des alliances internes bas\u00e9es plut\u00f4t sur des int\u00e9r\u00eats personnels que de partis ou pour la Patrie.<br \/>Entre temps, on attend encore la promesse \u00e9lectorale d\u2019\u00e9lucider la v\u00e9rit\u00e9 sur les assassinats politiques des martyrs Chokri Belaid et Haj Brahmi.<\/p>\n<p class=\"c3\"><img loading=\"lazy\" decoding=\"async\" src=\"\/uploads\/FCK_files\/Graph-2(19).jpg\" class=\"responsive_img\" alt=\"\" width=\"700\" vspace=\"5\" hspace=\"5\" height=\"499\" align=\"middle\"\/><\/p>\n<p class=\"c3\"><img loading=\"lazy\" decoding=\"async\" src=\"\/uploads\/FCK_files\/Graph-3(16).jpg\" class=\"responsive_img\" alt=\"\" width=\"700\" vspace=\"5\" hspace=\"5\" height=\"391\" align=\"middle\"\/><\/p>\n<p>Si L\u2019ARP nous a ennuy\u00e9s, la pr\u00e9sidence du gouvernement nous a bien tenu en suspense durant, par un conflit institutionnel avec la pr\u00e9sidence de la R\u00e9publique d\u2019une part et une interminable n\u00e9gociations avec UGTT pour nous surprendre derni\u00e8rement avec la cr\u00e9ation de son parti Tahya Tounes (certes sera un cas \u00e0 \u00e9tudier dans les facult\u00e9s de sciences politiques concernant le printemps tunisien).Tout \u00e7a sous le slogan qui plait \u00e0 tous\u00ab La lutte contre la corruption \u00bb alors que le dinar d\u00e9gringole et l\u2019inflation d\u00e9passe les 7,5 %, du ch\u00f4mage et des p\u00e9nuries comme la crise des m\u00e9dicaments l\u2019\u00e9t\u00e9 dernier.<\/p>\n<h2>Grandes Op\u00e9ra d\u2019Infrastructures et R\u00e9formes<\/h2>\n<p>Malgr\u00e9 toute l\u2019honn\u00eatet\u00e9 intellectuelle que j\u2019ai essay\u00e9 de m\u2019imposer je n\u2019ai rien vu de consistant. O\u00f9 est l\u2019autoroute qui relie Gafsa et Tozeur pour combler le gap avec les r\u00e9gions de l\u2019int\u00e9rieur ? J\u2019ai fait le voyage avec ma famille l\u2019ann\u00e9e derni\u00e8re, on a eu droit en moyennes \u00e0 trois dos d\u2019\u00e2nes au passage de chaque localit\u00e9 et aux nids de poules. O\u00f9 en est la voie de chemin de fer qui devait arriver jusqu&rsquo;\u00e0 Kasserine ?<br \/>Que dire des r\u00e9formes en mati\u00e8re de sant\u00e9, d\u2019enseignement, des retraites ? Absence totale !<br \/>C\u2019est ce qu\u2019on appelle la politique politicienne plut\u00f4t que le courage politique.<\/p>\n<h2>Grand D\u00e9bat<\/h2>\n<p>Certes, on a eu le grand d\u00e9bat concernant l\u2019\u00e9galit\u00e9 en h\u00e9ritage homme \/femme propos\u00e9 comme projet de loi COLIBE par le pr\u00e9sident de la r\u00e9publique Mr BejiCaied Essebsi mais le gouvernement a \u00e9t\u00e9 le grand absent de ce d\u00e9bat.<br \/>Etrange d\u00e9mocratie.<\/p>\n<h2>Opposition d\u00e9cim\u00e9e<\/h2>\n<p>Dans les d\u00e9mocraties cr\u00e9dibles l\u2019opposition politique est forte. La n\u00f4tre ? Elle a \u00e9t\u00e9 d\u00e9cim\u00e9e, fragilis\u00e9e, elle n\u2019arrive pas \u00e0 d\u00e9coller affaiblie qu\u2019elle est par une pr\u00e9sidence de la R\u00e9publique ayant voulu contr\u00f4ler tout le monde au nom de l\u2019int\u00e9r\u00eat commun mais aussi par la vampirisation de la pr\u00e9sidence du gouvernement de plusieurs noms et partis de l\u2019opposition moyennant des postes importants. Le fameux GUN a creus\u00e9 le tombeau de la vie politique en Tunisie.<\/p>\n<p>Si je\u00a0 dresse un bilan n\u00e9gatif de la classe politique c\u2019est pour souligner les faiblesses de notre paysage politique et pour tirer les conclusions devant le d\u00e9fi et les \u00e9ch\u00e9ances\u00a0 qui nous attendent. Le temps presse. Le syst\u00e8me a \u00e9t\u00e9 perverti par le jeu des intrigues et des alliances inavouables. Le mal risque de devenir chronique et nous n\u2019aurons plus beaucoup d\u2019autres occasions pour tirer notre pays de ses difficult\u00e9s.<\/p>\n<p>Mon sentiment final ne peut qu\u2019\u00eatre positif envers le peuple \u00e0 qui j\u2019appartiens et son sens de solidarit\u00e9. Nous l\u2019avons constat\u00e9 aussi bien durant les \u00e9v\u00e8nements de terrorisme je cite Ben Guerdane et ses patriotes en soutenant nos courageux forces de l\u2019ordres et nos militaires qui ne cessent de pleurer leurs coll\u00e8gues martyrs ou bien \u00e0 Sousse en faisant faces avec des pierres \u00e0 la main au terroriste arm\u00e9.<\/p>\n<p>Rappelons-nous des derni\u00e8res inondations aux Cap Bon et cette photo des jeunes lyc\u00e9ennes et lyc\u00e9ens qui nettoyaient leur structure avec un beau sourire et faces joyeuses.Eux sont le pr\u00e9sent et seront le futur de notre nation. Je les appelle \u00e0 aller voter massivement aux prochaines \u00e9lections.<\/p>\n<p>La Tunisie dans notre C\u0153ur<\/p>\n<p class=\"c4\"><strong>Mohamed Adel Chehida<\/strong><\/p>\n<p>Auteur:<br \/>\n<a href=\"http:\/\/www.leaders.com.tn\/article\/26614-mohamed-adel-chehida-quatre-ans-d-alliance-nidaa-nahdha-nina-quel-bilan\">Cliquez ici pour lire l&rsquo;article depuis sa source.<\/a><\/p>\n","protected":false},"excerpt":{"rendered":"<p>Quatre ans d\u00e9j\u00e0 sont pass\u00e9s. En 2014, tout content je me suis v\u00eatu comme pour une f\u00eate, f\u00eate de la d\u00e9mocratie Tunisienne. Je prend ma voiture pour aller au si\u00e8ge \u00e9lectoral \u00e0 Porto R\u00e9canati (Italie)\u00a0 \u00e0 30 km de chez moi pour voter, j\u2019arrive sur les lieux je me trouve dans un immeuble de 17 [&hellip;]<\/p>\n","protected":false},"author":1772,"featured_media":19435,"comment_status":"closed","ping_status":"closed","sticky":false,"template":"","format":"standard","meta":{"fifu_image_url":"","fifu_image_alt":"","footnotes":""},"categories":[73,55],"tags":[],"class_list":["post-19434","post","type-post","status-publish","format-standard","has-post-thumbnail","hentry","category-actualite","category-tunisie"],"_links":{"self":[{"href":"https:\/\/linitiative.ca\/International\/wp-json\/wp\/v2\/posts\/19434","targetHints":{"allow":["GET"]}}],"collection":[{"href":"https:\/\/linitiative.ca\/International\/wp-json\/wp\/v2\/posts"}],"about":[{"href":"https:\/\/linitiative.ca\/International\/wp-json\/wp\/v2\/types\/post"}],"author":[{"embeddable":true,"href":"https:\/\/linitiative.ca\/International\/wp-json\/wp\/v2\/users\/1772"}],"replies":[{"embeddable":true,"href":"https:\/\/linitiative.ca\/International\/wp-json\/wp\/v2\/comments?post=19434"}],"version-history":[{"count":0,"href":"https:\/\/linitiative.ca\/International\/wp-json\/wp\/v2\/posts\/19434\/revisions"}],"wp:featuredmedia":[{"embeddable":true,"href":"https:\/\/linitiative.ca\/International\/wp-json\/"}],"wp:attachment":[{"href":"https:\/\/linitiative.ca\/International\/wp-json\/wp\/v2\/media?parent=19434"}],"wp:term":[{"taxonomy":"category","embeddable":true,"href":"https:\/\/linitiative.ca\/International\/wp-json\/wp\/v2\/categories?post=19434"},{"taxonomy":"post_tag","embeddable":true,"href":"https:\/\/linitiative.ca\/International\/wp-json\/wp\/v2\/tags?post=19434"}],"curies":[{"name":"wp","href":"https:\/\/api.w.org\/{rel}","templated":true}]}}