{"id":19436,"date":"2019-03-04T11:44:00","date_gmt":"2019-03-04T16:44:00","guid":{"rendered":"https:\/\/linitiative.ca\/International\/siel-expo-2019-une-17eme-edition-reussie\/"},"modified":"2019-03-04T11:44:00","modified_gmt":"2019-03-04T16:44:00","slug":"siel-expo-2019-une-17eme-edition-reussie","status":"publish","type":"post","link":"https:\/\/linitiative.ca\/International\/siel-expo-2019-une-17eme-edition-reussie\/","title":{"rendered":"SIEL EXPO 2019: une 17\u00e8me \u00e9dition r\u00e9ussie"},"content":{"rendered":"<p>La soci\u00e9t\u00e9 SOGEFOIRES a organis\u00e9 la 17\u00e8me \u00e9dition du Salon International des Industries \u00c9lectriques et \u00c9lectroniques \u00abSIEL EXPO 2019\u00bb (https:\/\/sielexpo.com\/) du 27 f\u00e9vrier au 2 mars 2019 au centre des Expositions Tunis \u2013 La Charguia. L\u2019inauguration du salon s\u2019est d\u00e9roul\u00e9e sous l\u2019\u00e9gide de M. Slim Feriani, ministre de l\u2019Industrie et des Petites et Moyennes entreprises, le mercredi 27 f\u00e9vrier.<\/p>\n<p>\u00ab Il est important de cr\u00e9er un climat d\u2019affaires favorable aux opportunit\u00e9s et \u00e0 l\u2019\u00e9change pour l\u2019entreprenariat\u00bb, a d\u00e9clar\u00e9 Slim Feriani, ministre de l\u2019Industrie. Il poursuit: \u00abCe salon SIEL EXPO 2019 en est l\u2019incarnation. Il s\u2019agit de faire \u00e0 la fois d\u00e9couvrir les derni\u00e8res nouveaut\u00e9s dans l\u2019industrie \u00e9lectrique, \u00e9lectronique et de l\u2019\u00e9nergie, et de d\u00e9velopper la coop\u00e9ration entre l\u2019ensemble des acteurs du secteur. Ainsi, cela permettra de faire progresser l\u2019activit\u00e9 \u00e9conomique, industrielle et technologique.\u00bb.<\/p>\n<p>Organis\u00e9 en collaboration avec la F\u00e9d\u00e9ration nationale des Industries \u00e9lectriques et \u00e9lectroniques (FEDELEC), ce rendez-vous biennal est d\u00e9di\u00e9 aux professionnels des secteurs \u00e9lectriques et \u00e9lectroniques. Il a pour vocation d&rsquo;\u00eatre une vitrine des r\u00e9alisations de la Tunisie. Il repr\u00e9sente une plateforme pour la connaissance et le partage de connaissance, et ce afin de d\u00e9velopper le partenariat de l\u2019ensemble des branches du secteur.<\/p>\n<p>Le salon SIEL EXPO 2019 a confirm\u00e9 sa r\u00e9ussite, puisqu\u2019il a vu la participation de plusieurs milliers de visiteurs, parmi les professionnels des secteurs, et de nombreuses opportunit\u00e9s de collaboration.<\/p>\n<p>Auteur:<br \/>\n<a href=\"http:\/\/www.leaders.com.tn\/article\/26615-siel-expo-2019-une-17eme-edition-reussie\">Cliquez ici pour lire l&rsquo;article depuis sa source.<\/a><\/p>\n","protected":false},"excerpt":{"rendered":"<p>La soci\u00e9t\u00e9 SOGEFOIRES a organis\u00e9 la 17\u00e8me \u00e9dition du Salon International des Industries \u00c9lectriques et \u00c9lectroniques \u00abSIEL EXPO 2019\u00bb (https:\/\/sielexpo.com\/) du 27 f\u00e9vrier au 2 mars 2019 au centre des Expositions Tunis \u2013 La Charguia. L\u2019inauguration du salon s\u2019est d\u00e9roul\u00e9e sous l\u2019\u00e9gide de M. Slim Feriani, ministre de l\u2019Industrie et des Petites et Moyennes entreprises, [&hellip;]<\/p>\n","protected":false},"author":1772,"featured_media":0,"comment_status":"closed","ping_status":"closed","sticky":false,"template":"","format":"standard","meta":{"fifu_image_url":"","fifu_image_alt":"","footnotes":""},"categories":[73,55],"tags":[],"class_list":["post-19436","post","type-post","status-publish","format-standard","hentry","category-actualite","category-tunisie"],"_links":{"self":[{"href":"https:\/\/linitiative.ca\/International\/wp-json\/wp\/v2\/posts\/19436","targetHints":{"allow":["GET"]}}],"collection":[{"href":"https:\/\/linitiative.ca\/International\/wp-json\/wp\/v2\/posts"}],"about":[{"href":"https:\/\/linitiative.ca\/International\/wp-json\/wp\/v2\/types\/post"}],"author":[{"embeddable":true,"href":"https:\/\/linitiative.ca\/International\/wp-json\/wp\/v2\/users\/1772"}],"replies":[{"embeddable":true,"href":"https:\/\/linitiative.ca\/International\/wp-json\/wp\/v2\/comments?post=19436"}],"version-history":[{"count":0,"href":"https:\/\/linitiative.ca\/International\/wp-json\/wp\/v2\/posts\/19436\/revisions"}],"wp:attachment":[{"href":"https:\/\/linitiative.ca\/International\/wp-json\/wp\/v2\/media?parent=19436"}],"wp:term":[{"taxonomy":"category","embeddable":true,"href":"https:\/\/linitiative.ca\/International\/wp-json\/wp\/v2\/categories?post=19436"},{"taxonomy":"post_tag","embeddable":true,"href":"https:\/\/linitiative.ca\/International\/wp-json\/wp\/v2\/tags?post=19436"}],"curies":[{"name":"wp","href":"https:\/\/api.w.org\/{rel}","templated":true}]}}