{"id":19445,"date":"2019-03-04T05:00:00","date_gmt":"2019-03-04T10:00:00","guid":{"rendered":"https:\/\/linitiative.ca\/International\/deces-du-realisateur-med-hondo-a-lage-de-82-ans\/"},"modified":"2019-03-04T05:00:00","modified_gmt":"2019-03-04T10:00:00","slug":"deces-du-realisateur-med-hondo-a-lage-de-82-ans","status":"publish","type":"post","link":"https:\/\/linitiative.ca\/International\/deces-du-realisateur-med-hondo-a-lage-de-82-ans\/","title":{"rendered":"D\u00e9c\u00e8s du r\u00e9alisateur Med Hondo \u00e0 l&rsquo;\u00e2ge de 82 ans"},"content":{"rendered":"<p>Le r\u00e9alisateur fran\u00e7ais d&rsquo;origine mauritanienne Med Hondo est mort samedi \u00e0 82 ans \u00e0 Paris, a annonc\u00e9 sa famille.<br \/>N\u00e9 Mohamed Abib Hondo en 1936 en Mauritanie, Med Hondo est connu dans le\u00a0 monde du doublage et aupr\u00e8s du grand public comme la voix fran\u00e7aise\u00a0 d&rsquo;acteurs afro-am\u00e9ricains comme Eddie Murphy, Morgan Freeman, Richard\u00a0 Pryor.\u00a0<br \/>Parmi ses r\u00f4les marquants dans des films d&rsquo;animation figurent aussi la voix de Rafiki dans le classique de Disney, Le roi lion et l&rsquo;\u00e2ne de \u00abShrek\u00bb dans la saga \u00e0 succ\u00e8s.\u00a0<br \/>Arriv\u00e9 en France \u00e0 la fin des ann\u00e9es 1950, Med Hondo a exerc\u00e9 de nombreux\u00a0 m\u00e9tiers (docker, cuisinier) avant de se lancer dans le cin\u00e9ma avec comme\u00a0 credo l&rsquo;anticolonialisme et le go\u00fbt de la r\u00e9bellion.\u00a0<br \/>Son premier film Soleil O, sorti en 1969, est \u00abune attaque cinglante contre le colonialisme\u00bb, selon le Festival de Cannes qui l&rsquo;a pr\u00e9sent\u00e9 il y a deux ans dans sa section r\u00e9serv\u00e9e aux reprises de classiques.\u00a0<br \/>Le film a b\u00e9n\u00e9fici\u00e9 d&rsquo;un programme de restauration via la World Film Foundation de Martin Scorsese, afin de d\u00e9fendre le cin\u00e9ma africain.\u00a0<br \/>Viendront ensuite Les Bicots-n\u00e8gres, vos voisins (1973), West Indies ou les N\u00e8gres marrons de la libert\u00e9 (1979), une com\u00e9die musicale sur la traite des esclaves et Sarraounia, \u00e9vocation de la reine du m\u00eame nom, qui sera r\u00e9compens\u00e9 au Fespaco en 1987.\u00a0<br \/>Med Hondo devrait \u00eatre enterr\u00e9 au Maroc, a indiqu\u00e9 sa s\u0153ur Zahra \u00e0 l&rsquo;AFP.<\/p>\n<p>Auteur:<br \/>\n<a href=\"https:\/\/www.lesoirdalgerie.com\/culture\/deces-du-realisateur-med-hondo-a-lage-de-82-ans-19976\">Cliquez ici pour lire l&rsquo;article depuis sa source.<\/a><\/p>\n","protected":false},"excerpt":{"rendered":"<p>Le r\u00e9alisateur fran\u00e7ais d&rsquo;origine mauritanienne Med Hondo est mort samedi \u00e0 82 ans \u00e0 Paris, a annonc\u00e9 sa famille.N\u00e9 Mohamed Abib Hondo en 1936 en Mauritanie, Med Hondo est connu dans le\u00a0 monde du doublage et aupr\u00e8s du grand public comme la voix fran\u00e7aise\u00a0 d&rsquo;acteurs afro-am\u00e9ricains comme Eddie Murphy, Morgan Freeman, Richard\u00a0 Pryor.\u00a0Parmi ses r\u00f4les [&hellip;]<\/p>\n","protected":false},"author":1741,"featured_media":0,"comment_status":"closed","ping_status":"closed","sticky":false,"template":"","format":"standard","meta":{"fifu_image_url":"","fifu_image_alt":"","footnotes":""},"categories":[73,53],"tags":[],"class_list":["post-19445","post","type-post","status-publish","format-standard","hentry","category-actualite","category-algerie"],"_links":{"self":[{"href":"https:\/\/linitiative.ca\/International\/wp-json\/wp\/v2\/posts\/19445","targetHints":{"allow":["GET"]}}],"collection":[{"href":"https:\/\/linitiative.ca\/International\/wp-json\/wp\/v2\/posts"}],"about":[{"href":"https:\/\/linitiative.ca\/International\/wp-json\/wp\/v2\/types\/post"}],"author":[{"embeddable":true,"href":"https:\/\/linitiative.ca\/International\/wp-json\/wp\/v2\/users\/1741"}],"replies":[{"embeddable":true,"href":"https:\/\/linitiative.ca\/International\/wp-json\/wp\/v2\/comments?post=19445"}],"version-history":[{"count":0,"href":"https:\/\/linitiative.ca\/International\/wp-json\/wp\/v2\/posts\/19445\/revisions"}],"wp:attachment":[{"href":"https:\/\/linitiative.ca\/International\/wp-json\/wp\/v2\/media?parent=19445"}],"wp:term":[{"taxonomy":"category","embeddable":true,"href":"https:\/\/linitiative.ca\/International\/wp-json\/wp\/v2\/categories?post=19445"},{"taxonomy":"post_tag","embeddable":true,"href":"https:\/\/linitiative.ca\/International\/wp-json\/wp\/v2\/tags?post=19445"}],"curies":[{"name":"wp","href":"https:\/\/api.w.org\/{rel}","templated":true}]}}