{"id":19461,"date":"2019-03-04T15:20:30","date_gmt":"2019-03-04T20:20:30","guid":{"rendered":"https:\/\/linitiative.ca\/International\/un-jeune-tunisien-retrouve-sa-mere-apres-26-ans-de-recherches\/"},"modified":"2019-03-04T15:20:30","modified_gmt":"2019-03-04T20:20:30","slug":"un-jeune-tunisien-retrouve-sa-mere-apres-26-ans-de-recherches","status":"publish","type":"post","link":"https:\/\/linitiative.ca\/International\/un-jeune-tunisien-retrouve-sa-mere-apres-26-ans-de-recherches\/","title":{"rendered":"Un jeune tunisien retrouve sa m\u00e8re apr\u00e8s 26 ans de recherches"},"content":{"rendered":"<div class=\"post-cont-in left relative\">\n<div class=\"nc_socialPanel swp_flatFresh swp_d_fullColor swp_i_fullColor swp_o_fullColor scale-100 scale-fullWidth\" data-position=\"none\" data-float=\"floatNone\" data-count=\"5\" data-floatcolor=\"#ffffff\" data-emphasize=\"0\">\n<div class=\"nc_tweetContainer totes totesalt\" data-id=\"6\"><span class=\"swp_count\"><span class=\"swp_label\">Partages<\/span> 11<\/span><\/div>\n<\/div>\n<p>Un jeune tunisien de 27 ans, Samuel Daly, a lanc\u00e9 \u00e0 travers les r\u00e9seaux sociaux une s\u00e9quence vid\u00e9o, dans laquelle il exhorte les autorit\u00e9s tunisiennes et italiennes, ainsi que toute personnes ayant des renseignements le concernant, pour retrouver sa m\u00e8re italienne dont il avait \u00e9t\u00e9 arrach\u00e9 par son p\u00e8re, il y a de \u00e7\u00e0 26 ans, quand il l\u2019a kidnapp\u00e9 et ramen\u00e9 en Tunisie.<\/p>\n<p>Les efforts du jeune homme ont pay\u00e9 puisqu\u2019il a re\u00e7u des nouvelles de sa m\u00e8re, qui se pr\u00e9nomme Anna, et qui vit, actuellement, \u00e0 Genova, en Italie. Et ils pourront, bient\u00f4t, se retrouver de nouveau.<\/p>\n<div class=\"code-block code-block-1 c3\"><ins class=\"adsbygoogle c2\" data-ad-layout=\"in-article\" data-ad-format=\"fluid\" data-ad-client=\"ca-pub-2102118777505746\" data-ad-slot=\"7301775417\"\/> <\/div>\n<div class=\"mvp-org-wrap mvp-org-logo\" itemprop=\"publisher\" itemscope=\"\" itemtype=\"https:\/\/schema.org\/Organization\"><img decoding=\"async\" src=\"https:\/\/www.tunisienumerique.com\/wp-content\/uploads\/2017\/02\/logo_tunisie_numerique.png\"\/><\/div>\n<div class=\"nc_socialPanel swp_flatFresh swp_d_fullColor swp_i_fullColor swp_o_fullColor scale-100 scale-fullWidth\" data-position=\"none\" data-float=\"floatNone\" data-count=\"5\" data-floatcolor=\"#ffffff\" data-emphasize=\"0\">\n<div class=\"nc_tweetContainer totes totesalt\" data-id=\"6\"><span class=\"swp_count\"><span class=\"swp_label\">Partages<\/span> 11<\/span><\/div>\n<\/div>\n<div class=\"mvp-related-posts left relative\">\n<h4 class=\"post-header\"><span class=\"post-header\">Lire aussi<\/span><\/h4>\n<\/div>\n<\/div>\n<p>Auteur: LM<br \/>\n<a href=\"https:\/\/www.tunisienumerique.com\/un-jeune-tunisien-retrouve-sa-mere-apres-26-ans-de-recherches\/\">Cliquez ici pour lire l&rsquo;article depuis sa source.<\/a><\/p>\n","protected":false},"excerpt":{"rendered":"<p>Partages 11 Un jeune tunisien de 27 ans, Samuel Daly, a lanc\u00e9 \u00e0 travers les r\u00e9seaux sociaux une s\u00e9quence vid\u00e9o, dans laquelle il exhorte les autorit\u00e9s tunisiennes et italiennes, ainsi que toute personnes ayant des renseignements le concernant, pour retrouver sa m\u00e8re italienne dont il avait \u00e9t\u00e9 arrach\u00e9 par son p\u00e8re, il y a de [&hellip;]<\/p>\n","protected":false},"author":1789,"featured_media":19462,"comment_status":"closed","ping_status":"closed","sticky":false,"template":"","format":"standard","meta":{"fifu_image_url":"","fifu_image_alt":"","footnotes":""},"categories":[73,55],"tags":[],"class_list":["post-19461","post","type-post","status-publish","format-standard","has-post-thumbnail","hentry","category-actualite","category-tunisie"],"_links":{"self":[{"href":"https:\/\/linitiative.ca\/International\/wp-json\/wp\/v2\/posts\/19461","targetHints":{"allow":["GET"]}}],"collection":[{"href":"https:\/\/linitiative.ca\/International\/wp-json\/wp\/v2\/posts"}],"about":[{"href":"https:\/\/linitiative.ca\/International\/wp-json\/wp\/v2\/types\/post"}],"author":[{"embeddable":true,"href":"https:\/\/linitiative.ca\/International\/wp-json\/wp\/v2\/users\/1789"}],"replies":[{"embeddable":true,"href":"https:\/\/linitiative.ca\/International\/wp-json\/wp\/v2\/comments?post=19461"}],"version-history":[{"count":0,"href":"https:\/\/linitiative.ca\/International\/wp-json\/wp\/v2\/posts\/19461\/revisions"}],"wp:featuredmedia":[{"embeddable":true,"href":"https:\/\/linitiative.ca\/International\/wp-json\/"}],"wp:attachment":[{"href":"https:\/\/linitiative.ca\/International\/wp-json\/wp\/v2\/media?parent=19461"}],"wp:term":[{"taxonomy":"category","embeddable":true,"href":"https:\/\/linitiative.ca\/International\/wp-json\/wp\/v2\/categories?post=19461"},{"taxonomy":"post_tag","embeddable":true,"href":"https:\/\/linitiative.ca\/International\/wp-json\/wp\/v2\/tags?post=19461"}],"curies":[{"name":"wp","href":"https:\/\/api.w.org\/{rel}","templated":true}]}}