{"id":19479,"date":"2019-03-04T15:51:54","date_gmt":"2019-03-04T20:51:54","guid":{"rendered":"https:\/\/linitiative.ca\/International\/bagarre-autour-du-nouveau-gouvernement-centrafricain\/"},"modified":"2019-03-04T15:51:54","modified_gmt":"2019-03-04T20:51:54","slug":"bagarre-autour-du-nouveau-gouvernement-centrafricain","status":"publish","type":"post","link":"https:\/\/linitiative.ca\/International\/bagarre-autour-du-nouveau-gouvernement-centrafricain\/","title":{"rendered":"BAGARRE AUTOUR DU NOUVEAU GOUVERNEMENT CENTRAFRICAIN"},"content":{"rendered":"<p><img decoding=\"async\" class=\"post_layout_5_img\" src=\"http:\/\/lepays.bf\/wp-content\/uploads\/2019\/03\/image24.jpg\" alt=\"BAGARRE AUTOUR DU NOUVEAU GOUVERNEMENT CENTRAFRICAIN\"\/><\/p>\n<p><strong>La RCA victime de la rapacit\u00e9 de ses fils<\/strong><\/p>\n<p>Paraph\u00e9 le 5 f\u00e9vrier 2019 \u00e0 Khartoum et sign\u00e9 le lendemain \u00e0 Bangui, l\u2019accord de paix sur la RCA (R\u00e9publique centrafricaine) est en train de voler en \u00e9clats. Non pas parce que les diff\u00e9rents signataires ont repris les combats sur le terrain mais tout simplement parce qu\u2019ils passent le temps \u00e0 se chamailler pour des int\u00e9r\u00eats bassement \u00e9go\u00efstes. Tenez\u00a0! A peine d\u00e9voil\u00e9 au grand public, le gouvernement d\u2019union nationale, fort de 37 membres, cens\u00e9 permettre le retour progressif de la paix en RCA, a \u00e9t\u00e9 remis en cause\u00a0; certains protagonistes et pas des moindres, ayant annonc\u00e9 qu\u2019ils ne participeraient pas \u00e0 un \u00ab\u00a0<em>gouvernement de mascarade\u00a0<\/em>\u00bb. Sont de ceux-l\u00e0 le Front populaire pour la renaissance de la Centrafrique (FRPC) de Nourredine Adam qui, tout en d\u00e9non\u00e7ant la formation d\u2019un \u00ab\u00a0<em>ancien nouveau gouvernement\u00a0<\/em>\u00bb avait, nagu\u00e8re, revendiqu\u00e9, dans un communiqu\u00e9, huit portefeuilles minist\u00e9riels dont celui de Premier ministre. C\u2019est dire donc que tous ceux qui avaient applaudi au lendemain de l\u2019accord de Khartoum, doivent commencer \u00e0 d\u00e9chanter. Car le neuvi\u00e8me accord qui donnait \u00e0 esp\u00e9rer, risque de conna\u00eetre le m\u00eame sort que les pr\u00e9c\u00e9dents et cela, du fait de la rapacit\u00e9 des Centrafricains et des Centrafricaines qui ne jurent que par leurs int\u00e9r\u00eats. En fait, certains groupes arm\u00e9s semblent trouver plus leurs comptes dans le chaos actuel que dans une normalisation de la situation en ex-Oubangui-Chari. S\u2019ils acceptent donc d\u2019entrer dans le gouvernement d\u2019union nationale, la contrepartie serait qu\u2019on leur conc\u00e8de des postes juteux\u00a0; histoire de compenser le manque \u00e0 gagner qu\u2019ils obtenaient dans les rapines et le pillage syst\u00e9matique des ressources mini\u00e8res.<\/p>\n<p><strong>Les premiers couacs enregistr\u00e9s dans la mise en \u0153uvre de cet accord ne sont ni plus ni moins que la ran\u00e7on du clair-obscur<\/strong><\/p>\n<p>Du reste, pouvait-il en \u00eatre autrement quand on sait que depuis qu\u2019il a \u00e9t\u00e9 paraph\u00e9 et sign\u00e9, l\u2019accord de Khartoum n\u2019a jamais \u00e9t\u00e9 rendu public. Except\u00e9e l\u2019amnistie dont on dit qu\u2019elle a \u00e9t\u00e9 n\u00e9goci\u00e9e pour les groupes arm\u00e9s qui contr\u00f4lent 80% du territoire centrafricain, personne, jusqu\u2019\u00e0 ce jour, ne conna\u00eet la teneur de cet accord sign\u00e9 sous le manteau. Alors pourquoi\u00a0? Difficile d\u2019y r\u00e9pondre. Mais le moins que l\u2019on puisse dire, c\u2019est que les premiers couacs enregistr\u00e9s dans la mise en \u0153uvre de cet accord ne sont ni plus ni moins que la ran\u00e7on du clair-obscur. Et c\u2019est peu dire. En tout cas, ce qui se passe actuellement au pays de Faustin Archange Touad\u00e9ra, n\u2019a rien d\u2019\u00e9tonnant. Car les gouvernements d\u2019union nationale sont ainsi fait qu\u2019ils sont toujours l\u2019objet de contestation d\u00e8s lors que les int\u00e9r\u00eats sont divergents ou inassouvis. Cons\u00e9quence\u00a0: ces gouvernements enfant\u00e9s par les crises durent g\u00e9n\u00e9ralement le temps que l\u2019encre des accords s\u00e8che. Et \u00e0 l\u2019allure o\u00f9 vont les choses, il faut craindre que dans les jours \u00e0 venir, les armes ne commencent \u00e0 cr\u00e9piter sur le terrain. Ce n\u2019est pas exclu. A moins que, fort du soutien de la Russie, le pr\u00e9sident Touad\u00e9ra ne d\u00e9cide de prendre ses responsabilit\u00e9s en bandant les muscles contre ceux-l\u00e0 qui rameraient \u00e0 contre-courant de l\u2019accord de Khartoum. On attend de voir. Car, on ne le sait que trop bien, le rapport de forces compte beaucoup dans la r\u00e9solution des crises.<\/p>\n<p><strong>\u00a0<\/strong><\/p>\n<p><strong>Boundi OUOBA<\/strong><\/p>\n<p><strong>\u00a0<\/strong><\/p>\n<p>Auteur: Le Pays<br \/>\n<a href=\"http:\/\/lepays.bf\/bagarre-autour-du-nouveau-gouvernement-centrafricain\/\">Cliquez ici pour lire l&rsquo;article depuis sa source.<\/a><\/p>\n","protected":false},"excerpt":{"rendered":"<p>La RCA victime de la rapacit\u00e9 de ses fils Paraph\u00e9 le 5 f\u00e9vrier 2019 \u00e0 Khartoum et sign\u00e9 le lendemain \u00e0 Bangui, l\u2019accord de paix sur la RCA (R\u00e9publique centrafricaine) est en train de voler en \u00e9clats. Non pas parce que les diff\u00e9rents signataires ont repris les combats sur le terrain mais tout simplement parce [&hellip;]<\/p>\n","protected":false},"author":1813,"featured_media":19480,"comment_status":"closed","ping_status":"closed","sticky":false,"template":"","format":"standard","meta":{"fifu_image_url":"","fifu_image_alt":"","footnotes":""},"categories":[73,81],"tags":[],"class_list":["post-19479","post","type-post","status-publish","format-standard","has-post-thumbnail","hentry","category-actualite","category-burkina-faso"],"_links":{"self":[{"href":"https:\/\/linitiative.ca\/International\/wp-json\/wp\/v2\/posts\/19479","targetHints":{"allow":["GET"]}}],"collection":[{"href":"https:\/\/linitiative.ca\/International\/wp-json\/wp\/v2\/posts"}],"about":[{"href":"https:\/\/linitiative.ca\/International\/wp-json\/wp\/v2\/types\/post"}],"author":[{"embeddable":true,"href":"https:\/\/linitiative.ca\/International\/wp-json\/wp\/v2\/users\/1813"}],"replies":[{"embeddable":true,"href":"https:\/\/linitiative.ca\/International\/wp-json\/wp\/v2\/comments?post=19479"}],"version-history":[{"count":0,"href":"https:\/\/linitiative.ca\/International\/wp-json\/wp\/v2\/posts\/19479\/revisions"}],"wp:featuredmedia":[{"embeddable":true,"href":"https:\/\/linitiative.ca\/International\/wp-json\/"}],"wp:attachment":[{"href":"https:\/\/linitiative.ca\/International\/wp-json\/wp\/v2\/media?parent=19479"}],"wp:term":[{"taxonomy":"category","embeddable":true,"href":"https:\/\/linitiative.ca\/International\/wp-json\/wp\/v2\/categories?post=19479"},{"taxonomy":"post_tag","embeddable":true,"href":"https:\/\/linitiative.ca\/International\/wp-json\/wp\/v2\/tags?post=19479"}],"curies":[{"name":"wp","href":"https:\/\/api.w.org\/{rel}","templated":true}]}}