{"id":19481,"date":"2019-03-04T15:54:50","date_gmt":"2019-03-04T20:54:50","guid":{"rendered":"https:\/\/linitiative.ca\/International\/contestation-du-5e-mandat-de-bouteflika\/"},"modified":"2019-03-04T15:54:50","modified_gmt":"2019-03-04T20:54:50","slug":"contestation-du-5e-mandat-de-bouteflika","status":"publish","type":"post","link":"https:\/\/linitiative.ca\/International\/contestation-du-5e-mandat-de-bouteflika\/","title":{"rendered":"CONTESTATION DU 5e MANDAT DE BOUTEFLIKA"},"content":{"rendered":"<p><img decoding=\"async\" class=\"post_layout_5_img\" src=\"http:\/\/lepays.bf\/wp-content\/uploads\/2019\/03\/Algerie.png\" alt=\"CONTESTATION DU 5e MANDAT DE BOUTEFLIKA\"\/><\/p>\n<p><strong>Le glas sonne-t-il pour le FLN\u00a0?<\/strong><\/p>\n<p>En Alg\u00e9rie, \u00e0 quelque un mois et demi de la pr\u00e9sidentielle, la mobilisation ne faiblit pas contre un cinqui\u00e8me mandat du pr\u00e9sident Abdelaziz Bouteflika. Malgr\u00e9 la grogne d\u2019une partie de plus en plus grandissante de ses compatriotes, le val\u00e9tudinaire pr\u00e9sident en s\u00e9jour m\u00e9dical en Suisse, a confirm\u00e9 sa candidature \u00e0 la pr\u00e9sidentielle de la mi-avril prochain. Toutefois, il a promis l\u2019organisation d\u2019\u00e9lections anticip\u00e9es auxquelles il ne prendra pas part, en cas de r\u00e9\u00e9lection. Une proposition aussi incompr\u00e9hensible qu\u2019absurde et dans laquelle l\u2019on a de quoi perdre son\u2026 arabe, puisque l\u2019on ne sait pas \u00e0 quelle logique r\u00e9pond le fait de se faire r\u00e9\u00e9lire si c\u2019est pour ne pas terminer son mandat et organiser des \u00e9lections anticip\u00e9es. Autant s\u2019abstenir, d\u00e8s \u00e0 pr\u00e9sent, et \u00e9viter de briguer un mandat qui fait d\u00e9j\u00e0 pol\u00e9mique.<\/p>\n<p><strong>Bouteflika et son entourage ne veulent pas donner l\u2019impression que le quadruple vainqueur a \u00e9t\u00e9 pouss\u00e9 \u00e0 la sortie<\/strong><\/p>\n<p>D\u2019autant plus qu\u2019affaibli par le poids de l\u2019\u00e2ge et la maladie, l\u2019octog\u00e9naire pr\u00e9sident qui est clou\u00e9 sur un fauteuil roulant depuis quelques ann\u00e9es, a du mal \u00e0 avoir la pl\u00e9nitude de ses moyens physiques et c\u00e9r\u00e9braux pour continuer \u00e0 diriger le pays. D\u2019ailleurs, au moment du d\u00e9p\u00f4t de sa candidature, il \u00e9tait toujours en soins intensifs dans un h\u00f4pital en Suisse\u00a0; ce qui pousse plus d\u2019un \u00e0 voir dans cette candidature d\u00e9cri\u00e9e du chef de l\u2019Etat, une man\u0153uvre de son entourage qui d\u00e9tient la r\u00e9alit\u00e9 du pouvoir, pour rester aux affaires. C\u2019est pourquoi l\u2019on est port\u00e9 \u00e0 croire que l\u2019annonce de son retrait prochain de la vie politique est une ruse de guerre qui vise d\u2019une part \u00e0 calmer la col\u00e8re des contestataires et d\u2019autre part \u00e0 se m\u00e9nager une porte de sortie honorable. L\u2019on est d\u2019autant plus port\u00e9 \u00e0 le penser que l\u2019on est enclin \u00e0 croire que Bouteflika et son entourage ne veulent pas donner l\u2019impression que le quadruple vainqueur des quatre derni\u00e8res pr\u00e9sidentielles dans son pays, a \u00e9t\u00e9 pouss\u00e9 \u00e0 la sortie, mais plut\u00f4t qu\u2019un \u00e9ventuel renoncement au pouvoir serait une d\u00e9cision personnelle et m\u00fbrement r\u00e9fl\u00e9chie. Mais le temps et surtout le contexte, semblent jouer en leur d\u00e9faveur. Et pour causes. <em>Primo<\/em>, apr\u00e8s vingt ans de pouvoir et surtout son s\u00e9v\u00e8re accident vasculaire c\u00e9r\u00e9bral en 2013, la pr\u00e9occupation premi\u00e8re de Bouteflika qui a vu sa mobilit\u00e9 se r\u00e9duire comme peau de chagrin, est, m\u00eame sans le dire, de se d\u00e9barrasser de son fauteuil roulant qui est un handicap et pas des moindres, dans l\u2019exercice de ses fonctions pr\u00e9sidentielles. <em>Secundo<\/em>, dans un contexte mondial o\u00f9 la tendance est \u00e0 l\u2019apologie de la d\u00e9mocratie et de l\u2019alternance, contexte qui a vu le vent du changement souffler sur bien des puissances arabes, si l\u2019ic\u00f4ne du FLN est rest\u00e9e \u00ab\u00a0<em>intouchable<\/em>\u00a0\u00bb pendant toutes ces ann\u00e9es pour son r\u00f4le et celui de son parti dans l\u2019histoire politique de l\u2019Alg\u00e9rie, il semble que pour de nombreux Alg\u00e9riens qui lui sont toujours reconnaissants, l\u2019heure est venue, pour lui, de passer la main, ici et maintenant. Malheureusement, tout porte \u00e0 croire que son cercle n\u2019est pas encore pr\u00eat et veut se donner du temps pour colmater les br\u00e8ches. Pire, l\u2019on a le sentiment que tous ces atermoiements ne sont que des manigances de son entourage pour qui l\u2019Alg\u00e9rie est une rente viag\u00e8re qui vaut bien la \u00ab\u00a0<em>prise en otage\u00a0<\/em>\u00bb d\u2019un vieux pr\u00e9sident us\u00e9 par le pouvoir et clou\u00e9 par la maladie sur un lit d\u2019h\u00f4pital et dont il ne veut pas voir la manne lui \u00e9chapper.<\/p>\n<p><strong>Ce cinqui\u00e8me mandat de Bouteflika est visiblement le mandat de trop<\/strong><\/p>\n<p>Seulement, le peuple alg\u00e9rien ne semble pas l\u2019entendre de cette oreille et tend \u00e0 montrer, \u00e0 la veille de cette nouvelle consultation populaire, plus que des signes d\u2019impatience pour obtenir un changement qu\u2019il ne voit pas venir par la voie des urnes. C\u2019est pourquoi il y a des raisons de croire que la promesse de retrait de Bouteflika n\u2019engage que ceux qui y croient. En tout cas, elle ne semble pas en mesure d\u2019anesth\u00e9sier la rue qui a jusque-l\u00e0 contenu sa col\u00e8re face \u00e0 l\u2019absence d\u2019alternative et d\u2019alternance. En t\u00e9moigne cette nouvelle manifestation d\u2019\u00e9tudiants, hier, 4 mars 2019, au lendemain de la d\u00e9claration de Boutef. Aussi est-on port\u00e9 \u00e0 se demander si l\u2019on ne s\u2019achemine pas vers un bras de fer entre le pr\u00e9sident Bouteflika et cette partie de son peuple qui a d\u00e9cid\u00e9 de raidir la nuque. Jusqu\u2019o\u00f9 ira la fronde contre le 5<sup>e<\/sup> mandat de Boutef\u00a0? Bien malin qui saurait r\u00e9pondre \u00e0 cette question. En attendant, le doute n\u2019est plus permis que ce cinqui\u00e8me mandat de Bouteflika est visiblement le mandat de trop. En tout cas, il est difficile de s\u2019y tromper quand on voit comment la lib\u00e9ration de la parole a permis \u00e0 ses compatriotes de surmonter la peur pour exprimer haut et fort leur rejet de la candidature de celui qui passait aussi comme le rempart contre le chaos islamiste. Et la vague de la contestation ne semble pas pr\u00eate \u00e0 s\u2019arr\u00eater puisque l\u2019annonce de sa retraite prochaine du pouvoir apr\u00e8s la pr\u00e9sidentielle du 18 avril prochain, n\u2019a pas r\u00e9ussi \u00e0 calmer la rue. Mieux, les manifestants peuvent \u00eatre d\u2019autant plus motiv\u00e9s \u00e0 aller jusqu\u2019au bout de leur revendication que le camp pr\u00e9sidentiel commence \u00e0 se fissurer. Mais au-del\u00e0 de la question du cinqui\u00e8me mandat querell\u00e9 de Bouteflika, c\u2019est l\u2019avenir du Front de lib\u00e9ration national (FLN) lui-m\u00eame qui semble aujourd\u2019hui se jouer en Alg\u00e9rie. D\u2019autant que face aux islamistes qui restent toujours en embuscade et \u00e0 la mont\u00e9e en puissance d\u2019une nouvelle classe politique incarn\u00e9e par un certain Rachid Nekkaz que d\u2019aucuns pr\u00e9sentent d\u2019ores et d\u00e9j\u00e0, comme le \u00ab\u00a0<em>Macron alg\u00e9rien<\/em>\u00a0\u00bb, aucun dauphin connu ne semble se d\u00e9gager dans le sillage du pr\u00e9sident Bouteflika.<\/p>\n<p>En tout \u00e9tat de cause, il appartient \u00e0 l\u2019opposition alg\u00e9rienne, de ne pas rater ce tournant de l\u2019histoire de son pays et de s\u2019engouffrer dans la br\u00e8che ouverte par la rue pour essayer de transformer l\u2019essai de l\u2019alternance dans les urnes. C\u2019est peut-\u00eatre maintenant ou jamais\u00a0!<\/p>\n<p><strong>\u00a0<\/strong><\/p>\n<p><strong><em>\u00ab\u00a0Le Pays\u00a0\u00bb<\/em><\/strong><\/p>\n<p><strong>\u00a0<\/strong><\/p>\n<p><strong>\u00a0<\/strong><\/p>\n<p>Auteur: Le Pays<br \/>\n<a href=\"http:\/\/lepays.bf\/contestation-du-5e-mandat-de-bouteflika\/\">Cliquez ici pour lire l&rsquo;article depuis sa source.<\/a><\/p>\n","protected":false},"excerpt":{"rendered":"<p>Le glas sonne-t-il pour le FLN\u00a0? En Alg\u00e9rie, \u00e0 quelque un mois et demi de la pr\u00e9sidentielle, la mobilisation ne faiblit pas contre un cinqui\u00e8me mandat du pr\u00e9sident Abdelaziz Bouteflika. Malgr\u00e9 la grogne d\u2019une partie de plus en plus grandissante de ses compatriotes, le val\u00e9tudinaire pr\u00e9sident en s\u00e9jour m\u00e9dical en Suisse, a confirm\u00e9 sa candidature [&hellip;]<\/p>\n","protected":false},"author":1813,"featured_media":19482,"comment_status":"closed","ping_status":"closed","sticky":false,"template":"","format":"standard","meta":{"fifu_image_url":"","fifu_image_alt":"","footnotes":""},"categories":[73,81],"tags":[],"class_list":["post-19481","post","type-post","status-publish","format-standard","has-post-thumbnail","hentry","category-actualite","category-burkina-faso"],"_links":{"self":[{"href":"https:\/\/linitiative.ca\/International\/wp-json\/wp\/v2\/posts\/19481","targetHints":{"allow":["GET"]}}],"collection":[{"href":"https:\/\/linitiative.ca\/International\/wp-json\/wp\/v2\/posts"}],"about":[{"href":"https:\/\/linitiative.ca\/International\/wp-json\/wp\/v2\/types\/post"}],"author":[{"embeddable":true,"href":"https:\/\/linitiative.ca\/International\/wp-json\/wp\/v2\/users\/1813"}],"replies":[{"embeddable":true,"href":"https:\/\/linitiative.ca\/International\/wp-json\/wp\/v2\/comments?post=19481"}],"version-history":[{"count":0,"href":"https:\/\/linitiative.ca\/International\/wp-json\/wp\/v2\/posts\/19481\/revisions"}],"wp:featuredmedia":[{"embeddable":true,"href":"https:\/\/linitiative.ca\/International\/wp-json\/"}],"wp:attachment":[{"href":"https:\/\/linitiative.ca\/International\/wp-json\/wp\/v2\/media?parent=19481"}],"wp:term":[{"taxonomy":"category","embeddable":true,"href":"https:\/\/linitiative.ca\/International\/wp-json\/wp\/v2\/categories?post=19481"},{"taxonomy":"post_tag","embeddable":true,"href":"https:\/\/linitiative.ca\/International\/wp-json\/wp\/v2\/tags?post=19481"}],"curies":[{"name":"wp","href":"https:\/\/api.w.org\/{rel}","templated":true}]}}