{"id":19484,"date":"2019-03-04T15:51:32","date_gmt":"2019-03-04T20:51:32","guid":{"rendered":"https:\/\/linitiative.ca\/International\/developpement-de-lafrique-de-louest-lue-investit-plus-de-700-milliards-f-cfa\/"},"modified":"2019-03-04T15:51:32","modified_gmt":"2019-03-04T20:51:32","slug":"developpement-de-lafrique-de-louest-lue-investit-plus-de-700-milliards-f-cfa","status":"publish","type":"post","link":"https:\/\/linitiative.ca\/International\/developpement-de-lafrique-de-louest-lue-investit-plus-de-700-milliards-f-cfa\/","title":{"rendered":"D\u00e9veloppement de l\u2019Afrique de l\u2019Ouest : l\u2019UE investit plus de 700 milliards  F CFA"},"content":{"rendered":"<div class=\"td-post-featured-image\"><a href=\"https:\/\/i2.wp.com\/www.sidwaya.info\/wp-content\/uploads\/2019\/03\/1-3.jpg?fit=797%2C532&#038;ssl=1\" data-caption=\"\"><img loading=\"lazy\" decoding=\"async\" width=\"696\" height=\"465\" class=\"entry-thumb td-modal-image\" src=\"https:\/\/i2.wp.com\/www.sidwaya.info\/wp-content\/uploads\/2019\/03\/1-3.jpg?resize=696%2C465&#038;ssl=1\" srcset=\"https:\/\/i2.wp.com\/www.sidwaya.info\/wp-content\/uploads\/2019\/03\/1-3.jpg?w=797&#038;ssl=1 797w, https:\/\/i2.wp.com\/www.sidwaya.info\/wp-content\/uploads\/2019\/03\/1-3.jpg?resize=300%2C200&#038;ssl=1 300w, https:\/\/i2.wp.com\/www.sidwaya.info\/wp-content\/uploads\/2019\/03\/1-3.jpg?resize=768%2C513&#038;ssl=1 768w, https:\/\/i2.wp.com\/www.sidwaya.info\/wp-content\/uploads\/2019\/03\/1-3.jpg?resize=696%2C465&#038;ssl=1 696w, https:\/\/i2.wp.com\/www.sidwaya.info\/wp-content\/uploads\/2019\/03\/1-3.jpg?resize=629%2C420&#038;ssl=1 629w\" sizes=\"auto, (max-width: 696px) 100vw, 696px\" alt=\"\" title=\"1\"\/><\/a><\/div>\n<div class=\"td-a-rec td-a-rec-id-content_top td_uid_24_5c7daa44d6869_rand td_block_template_1\"><img loading=\"lazy\" decoding=\"async\" class=\"aligncenter size-full wp-image-4463\" src=\"https:\/\/www.sidwaya.info\/wp-content\/uploads\/2019\/02\/FESPACO-TOUR-2019-Bannie%CC%80re-728x90-1.jpg\" alt=\"\" width=\"728\" height=\"90\"\/><\/div>\n<p><strong>Le directeur g\u00e9n\u00e9ral de la coop\u00e9ration internationale et du d\u00e9veloppement de la commission de l\u2019Union europ\u00e9enne, Stefano Manservisi, a eu une r\u00e9union de travail, le samedi 2 mars 2019 \u00e0 Ouagadougou, avec les pr\u00e9sidents des commissions de la CEDEAO, Jean-Claude Brou et de l\u2019UEMOA, Abdallah Boureima.<\/strong><\/p>\n<p><img loading=\"lazy\" decoding=\"async\" class=\"wp-image-5081 size-medium\" src=\"https:\/\/i1.wp.com\/www.sidwaya.info\/wp-content\/uploads\/2019\/03\/2.jpg?resize=200%2C300&#038;ssl=1\" alt=\"\" width=\"200\" height=\"300\" srcset=\"https:\/\/i1.wp.com\/www.sidwaya.info\/wp-content\/uploads\/2019\/03\/2.jpg?resize=200%2C300&#038;ssl=1 200w, https:\/\/i1.wp.com\/www.sidwaya.info\/wp-content\/uploads\/2019\/03\/2.jpg?resize=280%2C420&#038;ssl=1 280w, https:\/\/i1.wp.com\/www.sidwaya.info\/wp-content\/uploads\/2019\/03\/2.jpg?w=414&#038;ssl=1 414w\" sizes=\"auto, (max-width: 200px) 100vw, 200px\" data-recalc-dims=\"1\"\/>Le directeur g\u00e9n\u00e9ral de la coop\u00e9ration internationale et du d\u00e9veloppement de la commission de l\u2019UE, Stefano Manservisi, a relev\u00e9 la n\u00e9cessit\u00e9 de renforcer l\u2019approche int\u00e9gr\u00e9e d\u00e9veloppement-s\u00e9curit\u00e9.<\/p>\n<p>La coop\u00e9ration entre l\u2019Union europ\u00e9enne (UE) et la Communaut\u00e9 \u00e9conomique des Etats de l\u2019Afrique de l\u2019Ouest (CEDEAO) et l\u2019Union \u00e9conomique et mon\u00e9taire ouest africaine (UEMOA) est au beau fixe. Cette d\u00e9claration a \u00e9t\u00e9 faite, le samedi 2 mars 2019 \u00e0 Ouagadougou, par le directeur g\u00e9n\u00e9ral de la coop\u00e9ration internationale et du d\u00e9veloppement de la commission de l\u2019UE, Stefano Manservisi \u00e0 l\u2019issue d\u2019une audience d\u2019une heure avec les pr\u00e9sidents des commissions de la CEDEAO, Jean-Claude Brou et de l\u2019UEMOA, Abdallah Boureima, pr\u00e9sents dans la capitale burkinab\u00e8 pour le FESPACO.<\/p>\n<p>A l\u2019\u00e9couter, la rencontre a permis de faire le point de la collaboration entre son institution et les deux autres.\u00a0\u00abNous sommes \u00e0 un taux d\u2019engagement de 98% du Programme indicatif r\u00e9gional mis en \u0153uvre en Afrique de l\u2019Ouest. Ce sont ainsi plus de 700 milliards F CFA qui ont \u00e9t\u00e9 d\u00e9caiss\u00e9s\u00a0 par le Fonds europ\u00e9en de d\u00e9veloppement (FED)\u00bb, a-t-il annonc\u00e9. Bien que jug\u00e9s satisfaisants par toutes les parties, l\u2019UE ne compte pas s\u2019arr\u00eater \u00e0 ces r\u00e9sultats. D\u2019o\u00f9 selon M. Manservisi, l\u2019occasion de la r\u00e9union a \u00e9t\u00e9 saisie pour discuter des activit\u00e9s \u00e0 mener \u00e0 court et long terme. \u00abNous avons imm\u00e9diatement un projet de blinding et d\u2019investissement pour lequel des discussions sont en cours, en particulier l\u2019interconnexion \u00e9lectrique entre le Burkina Faso et le Ghana. Il y a aussi le projet de syst\u00e8me portuaire du Cap Vert, l\u2019autoroute Lagos-Abidjan comme un maillon important\u00bb, a-t-il d\u00e9voil\u00e9.<\/p>\n<p>Avancer avec le projet WAPIS-SIPAO<\/p>\n<p><img loading=\"lazy\" decoding=\"async\" class=\"wp-image-5082 size-medium\" src=\"https:\/\/i0.wp.com\/www.sidwaya.info\/wp-content\/uploads\/2019\/03\/3.jpg?resize=200%2C300&#038;ssl=1\" alt=\"\" width=\"200\" height=\"300\" srcset=\"https:\/\/i0.wp.com\/www.sidwaya.info\/wp-content\/uploads\/2019\/03\/3.jpg?resize=200%2C300&#038;ssl=1 200w, https:\/\/i0.wp.com\/www.sidwaya.info\/wp-content\/uploads\/2019\/03\/3.jpg?resize=280%2C420&#038;ssl=1 280w, https:\/\/i0.wp.com\/www.sidwaya.info\/wp-content\/uploads\/2019\/03\/3.jpg?w=414&#038;ssl=1 414w\" sizes=\"auto, (max-width: 200px) 100vw, 200px\" data-recalc-dims=\"1\"\/>Le pr\u00e9sident de la commission de la CEDEAO, Jean-Claude Brou, s\u2019est r\u00e9joui du taux \u00e9lev\u00e9 de r\u00e9alisation des activit\u00e9s.<\/p>\n<p>Aussi, il a soutenu que l\u2019UE apportera sa contribution au processus de r\u00e9forme du syst\u00e8me des r\u00e9gions qui est en cours pour plus d\u2019efficacit\u00e9. Pour ce faire, il a annonc\u00e9 que son institution est pr\u00eate \u00e0 travailler avec la Banque d\u2019investissement de la CEDEAO (BIDC) et la Banque ouest africaine de d\u00e9veloppement (BOAD) afin que l\u2019 Afrique de l\u2019Ouest ait aussi un syst\u00e8me bancaire qui puisse travailler directement avec l\u2019UE dans le Blinding et le syst\u00e8me de garantie pour l\u2019investissement priv\u00e9.<\/p>\n<p>\u00abNous avons aussi discut\u00e9 du projet WAPIS-SIPAO (un projet d\u2019interconnexion des bases de donn\u00e9es entre polices pour permettre de traquer les criminels et les trafiquants). C\u2019est un cadre dans lequel la r\u00e9gion et le G5 Sahel peuvent trouver des synergies fortes. Nous avons d\u00e9cid\u00e9 d\u2019avancer plus rapidement car cela fait beaucoup d\u2019ann\u00e9es qu\u2019on y travaille\u00a0\u00bb, a-t-il relev\u00e9. En attendant les avanc\u00e9es significatives esp\u00e9r\u00e9es \u00e0 ce niveau, le pr\u00e9sident de la commission de la CEDEAO, Jean-Claude Brou, s\u2019est r\u00e9joui des progr\u00e8s r\u00e9alis\u00e9s dans les domaines des infrastructures d\u2019interconnexion \u00e9lectrique, de la s\u00e9curit\u00e9, des r\u00e9sformes institutionnels\u2026<\/p>\n<p><img loading=\"lazy\" decoding=\"async\" class=\"wp-image-5083 size-medium\" src=\"https:\/\/i2.wp.com\/www.sidwaya.info\/wp-content\/uploads\/2019\/03\/4.jpg?resize=200%2C300&#038;ssl=1\" alt=\"\" width=\"200\" height=\"300\" srcset=\"https:\/\/i2.wp.com\/www.sidwaya.info\/wp-content\/uploads\/2019\/03\/4.jpg?resize=200%2C300&#038;ssl=1 200w, https:\/\/i2.wp.com\/www.sidwaya.info\/wp-content\/uploads\/2019\/03\/4.jpg?resize=280%2C420&#038;ssl=1 280w, https:\/\/i2.wp.com\/www.sidwaya.info\/wp-content\/uploads\/2019\/03\/4.jpg?w=414&#038;ssl=1 414w\" sizes=\"auto, (max-width: 200px) 100vw, 200px\" data-recalc-dims=\"1\"\/>Le Pr\u00e9sident de la commission de l\u2019UEMOA, Abdallah Boureima, a remerci\u00e9 l\u2019UE pour les investissements faits en faveur des populations.<\/p>\n<p>\u00abGlobalement, la coop\u00e9ration est dynamique. Les choses se passent bien mais il faut faire mieux. C\u2019est pourquoi, nous avons jet\u00e9 les bases pour les prochaines rencontres et les actions \u00e0 mener pour que la coop\u00e9ration soit plus dynamique\u00a0\u00bb, a-t-il inform\u00e9. Pour sa part, le pr\u00e9sident de la commission de l\u2019UEMOA, Abdallah Boureima, a relev\u00e9 que la collaboration avec l\u2019UE est b\u00e9n\u00e9fique pour les populations de l\u2019Afrique de l\u2019Ouest.<\/p>\n<p class=\"c1\"><strong>Eliane SOME<\/strong><br \/><strong>elianesome4@gmail.com<\/strong><\/p>\n<div class=\"td-a-rec td-a-rec-id-content_bottom td_uid_25_5c7daa44d699f_rand td_block_template_1\"><img loading=\"lazy\" decoding=\"async\" class=\"alignright size-full wp-image-1724\" src=\"https:\/\/www.sidwaya.info\/wp-content\/uploads\/2018\/12\/sidwaya-pub.jpg\" alt=\"\" width=\"720\" height=\"90\"\/><\/div>\n<p>Auteur: DD. Sidwaya<br \/>\n<a href=\"https:\/\/www.sidwaya.info\/blog\/2019\/03\/04\/developpement-de-lafrique-de-louest-lue-investit-plus-de-700-milliards-f-cfa\/\">Cliquez ici pour lire l&rsquo;article depuis sa source.<\/a><\/p>\n","protected":false},"excerpt":{"rendered":"<p>Le directeur g\u00e9n\u00e9ral de la coop\u00e9ration internationale et du d\u00e9veloppement de la commission de l\u2019Union europ\u00e9enne, Stefano Manservisi, a eu une r\u00e9union de travail, le samedi 2 mars 2019 \u00e0 Ouagadougou, avec les pr\u00e9sidents des commissions de la CEDEAO, Jean-Claude Brou et de l\u2019UEMOA, Abdallah Boureima. Le directeur g\u00e9n\u00e9ral de la coop\u00e9ration internationale et du [&hellip;]<\/p>\n","protected":false},"author":1816,"featured_media":0,"comment_status":"closed","ping_status":"closed","sticky":false,"template":"","format":"standard","meta":{"fifu_image_url":"","fifu_image_alt":"","footnotes":""},"categories":[73,81],"tags":[],"class_list":["post-19484","post","type-post","status-publish","format-standard","hentry","category-actualite","category-burkina-faso"],"_links":{"self":[{"href":"https:\/\/linitiative.ca\/International\/wp-json\/wp\/v2\/posts\/19484","targetHints":{"allow":["GET"]}}],"collection":[{"href":"https:\/\/linitiative.ca\/International\/wp-json\/wp\/v2\/posts"}],"about":[{"href":"https:\/\/linitiative.ca\/International\/wp-json\/wp\/v2\/types\/post"}],"author":[{"embeddable":true,"href":"https:\/\/linitiative.ca\/International\/wp-json\/wp\/v2\/users\/1816"}],"replies":[{"embeddable":true,"href":"https:\/\/linitiative.ca\/International\/wp-json\/wp\/v2\/comments?post=19484"}],"version-history":[{"count":0,"href":"https:\/\/linitiative.ca\/International\/wp-json\/wp\/v2\/posts\/19484\/revisions"}],"wp:attachment":[{"href":"https:\/\/linitiative.ca\/International\/wp-json\/wp\/v2\/media?parent=19484"}],"wp:term":[{"taxonomy":"category","embeddable":true,"href":"https:\/\/linitiative.ca\/International\/wp-json\/wp\/v2\/categories?post=19484"},{"taxonomy":"post_tag","embeddable":true,"href":"https:\/\/linitiative.ca\/International\/wp-json\/wp\/v2\/tags?post=19484"}],"curies":[{"name":"wp","href":"https:\/\/api.w.org\/{rel}","templated":true}]}}