{"id":19486,"date":"2019-03-04T15:58:45","date_gmt":"2019-03-04T20:58:45","guid":{"rendered":"https:\/\/linitiative.ca\/International\/soutien-aux-personnes-agees-un-reseau-sollicite-laccompagnement-du-parlement\/"},"modified":"2019-03-04T15:58:45","modified_gmt":"2019-03-04T20:58:45","slug":"soutien-aux-personnes-agees-un-reseau-sollicite-laccompagnement-du-parlement","status":"publish","type":"post","link":"https:\/\/linitiative.ca\/International\/soutien-aux-personnes-agees-un-reseau-sollicite-laccompagnement-du-parlement\/","title":{"rendered":"Soutien aux personnes \u00e2g\u00e9es : un r\u00e9seau sollicite l\u2019accompagnement du Parlement"},"content":{"rendered":"<div class=\"td-post-featured-image\"><a href=\"https:\/\/i2.wp.com\/www.sidwaya.info\/wp-content\/uploads\/2019\/03\/1-5.jpg?fit=797%2C532&#038;ssl=1\" data-caption=\"\"><img loading=\"lazy\" decoding=\"async\" width=\"696\" height=\"465\" class=\"entry-thumb td-modal-image\" src=\"https:\/\/i2.wp.com\/www.sidwaya.info\/wp-content\/uploads\/2019\/03\/1-5.jpg?resize=696%2C465&#038;ssl=1\" srcset=\"https:\/\/i2.wp.com\/www.sidwaya.info\/wp-content\/uploads\/2019\/03\/1-5.jpg?w=797&#038;ssl=1 797w, https:\/\/i2.wp.com\/www.sidwaya.info\/wp-content\/uploads\/2019\/03\/1-5.jpg?resize=300%2C200&#038;ssl=1 300w, https:\/\/i2.wp.com\/www.sidwaya.info\/wp-content\/uploads\/2019\/03\/1-5.jpg?resize=768%2C513&#038;ssl=1 768w, https:\/\/i2.wp.com\/www.sidwaya.info\/wp-content\/uploads\/2019\/03\/1-5.jpg?resize=696%2C465&#038;ssl=1 696w, https:\/\/i2.wp.com\/www.sidwaya.info\/wp-content\/uploads\/2019\/03\/1-5.jpg?resize=629%2C420&#038;ssl=1 629w\" sizes=\"auto, (max-width: 696px) 100vw, 696px\" alt=\"\" title=\"1\"\/><\/a><\/div>\n<div class=\"td-a-rec td-a-rec-id-content_top td_uid_24_5c7daa4b028a9_rand td_block_template_1\"><img loading=\"lazy\" decoding=\"async\" class=\"aligncenter size-full wp-image-4463\" src=\"https:\/\/www.sidwaya.info\/wp-content\/uploads\/2019\/02\/FESPACO-TOUR-2019-Bannie%CC%80re-728x90-1.jpg\" alt=\"\" width=\"728\" height=\"90\"\/><\/div>\n<p><strong>Le pr\u00e9sident de l\u2019Assembl\u00e9e nationale, Alassane Bala Sankand\u00e9, s\u2019est entretenu, le lundi 4 mars 2019 \u00e0 Ouagadougou, avec une d\u00e9l\u00e9gation du R\u00e9seau international francophone des a\u00cen\u00e9s du Burkina Faso (RIFA\/BF). Les \u00e9changes ont port\u00e9 sur les formes de soutien que le Parlement peut apporter aux personnes \u00e2g\u00e9es.<\/strong><\/p>\n<p>Le R\u00e9seau international francophone des a\u00een\u00e9s, section du Burkina Faso (RIFA\/BF), peut compter sur le Parlement burkinab\u00e8 pour mener \u00e0 bien ses activit\u00e9s. Une d\u00e9l\u00e9gation du r\u00e9seau l\u2019a fait savoir, le lundi 4 mars 2019 \u00e0 Ouagadougou, \u00e0 sa sortie d\u2019audience avec le Pr\u00e9sident de l\u2019Assembl\u00e9e nationale (PAN), Alassane Bala Sankand\u00e9. \u00abLe chef du Parlement s\u2019est montr\u00e9 dispos\u00e9 \u00e0 nous soutenir et il nous a demand\u00e9 de lui soumettre des requ\u00eates. Il pense faire quelque chose de sp\u00e9cial au niveau national comme le forum sur l\u2019autonomisation des femmes\u00a0\u00bb, a indiqu\u00e9 la charg\u00e9e de communication du RIFA\/BF, B\u00e9atrice Damiba. Pour elle, le r\u00e9seau fonctionne avec ses ressources \u00abmodestes\u00bb, limit\u00e9es aux cotisations de ses membres alors qu\u2019elle a, \u00e0 son compteur, une s\u00e9rie d\u2019activit\u00e9s. D\u2019o\u00f9 cette d\u00e9marche aupr\u00e8s de l\u2019H\u00e9micycle.<\/p>\n<p>Mme Damiba a, en outre, confi\u00e9 que les \u00e9changes ont port\u00e9 sur la mise en \u0153uvre de la loi sur les personnes \u00e2g\u00e9es qui n\u00e9cessite l\u2019adoption de d\u00e9crets d\u2019application. Pour la pr\u00e9sidente du RIFA\/BF, Aminata Salamb\u00e9r\u00e9, sa structure s\u2019est fix\u00e9e pour objectif de rendre plus actives les personnes retrait\u00e9es. Nous pr\u00e9parons aussi, a-t-elle poursuivi, les jeunes \u00e0 s\u2019organiser afin qu\u2019\u00e0 la retraite, ils puissent \u00eatre actifs en menant des activit\u00e9s de d\u00e9veloppement de leur communaut\u00e9. Et la charg\u00e9e de communication de pr\u00e9ciser que le r\u00e9seau intervient \u00e9galement dans le domaine de la sant\u00e9 en faveur des personnes \u00e2g\u00e9es.<\/p>\n<p>\u00abNous avons ce probl\u00e8me de l\u2019incivisme et de la perte des valeurs chez les jeunes. Nous entendons faire des conf\u00e9rences et des contes pour sensibiliser les plus jeunes \u00e0 la conservation des valeurs positives de notre soci\u00e9t\u00e9\u00bb, a-t-elle ajout\u00e9. Le R\u00e9seau international francophone des a\u00een\u00e9s (RIFA) est compos\u00e9 de neuf pays dont la France, le Burkina Faso, le Burundi, le Cameroun, le Gabon et le S\u00e9n\u00e9gal. Chaque pays dispose d\u2019une section et la structure m\u00e8re est actuellement dirig\u00e9e par la Burkinab\u00e8 Aminata Salamb\u00e9r\u00e9.<\/p>\n<p class=\"c1\"><strong>Abdoulaye BALBONE<\/strong><\/p>\n<div class=\"td-a-rec td-a-rec-id-content_bottom td_uid_25_5c7daa4b02a08_rand td_block_template_1\"><img loading=\"lazy\" decoding=\"async\" class=\"alignright size-full wp-image-1724\" src=\"https:\/\/www.sidwaya.info\/wp-content\/uploads\/2018\/12\/sidwaya-pub.jpg\" alt=\"\" width=\"720\" height=\"90\"\/><\/div>\n<p>Auteur: DD. Sidwaya<br \/>\n<a href=\"https:\/\/www.sidwaya.info\/blog\/2019\/03\/04\/soutien-aux-personnes-agees-un-reseau-sollicite-laccompagnement-du-parlement\/\">Cliquez ici pour lire l&rsquo;article depuis sa source.<\/a><\/p>\n","protected":false},"excerpt":{"rendered":"<p>Le pr\u00e9sident de l\u2019Assembl\u00e9e nationale, Alassane Bala Sankand\u00e9, s\u2019est entretenu, le lundi 4 mars 2019 \u00e0 Ouagadougou, avec une d\u00e9l\u00e9gation du R\u00e9seau international francophone des a\u00cen\u00e9s du Burkina Faso (RIFA\/BF). Les \u00e9changes ont port\u00e9 sur les formes de soutien que le Parlement peut apporter aux personnes \u00e2g\u00e9es. Le R\u00e9seau international francophone des a\u00een\u00e9s, section du [&hellip;]<\/p>\n","protected":false},"author":1816,"featured_media":0,"comment_status":"closed","ping_status":"closed","sticky":false,"template":"","format":"standard","meta":{"fifu_image_url":"","fifu_image_alt":"","footnotes":""},"categories":[73,81],"tags":[],"class_list":["post-19486","post","type-post","status-publish","format-standard","hentry","category-actualite","category-burkina-faso"],"_links":{"self":[{"href":"https:\/\/linitiative.ca\/International\/wp-json\/wp\/v2\/posts\/19486","targetHints":{"allow":["GET"]}}],"collection":[{"href":"https:\/\/linitiative.ca\/International\/wp-json\/wp\/v2\/posts"}],"about":[{"href":"https:\/\/linitiative.ca\/International\/wp-json\/wp\/v2\/types\/post"}],"author":[{"embeddable":true,"href":"https:\/\/linitiative.ca\/International\/wp-json\/wp\/v2\/users\/1816"}],"replies":[{"embeddable":true,"href":"https:\/\/linitiative.ca\/International\/wp-json\/wp\/v2\/comments?post=19486"}],"version-history":[{"count":0,"href":"https:\/\/linitiative.ca\/International\/wp-json\/wp\/v2\/posts\/19486\/revisions"}],"wp:attachment":[{"href":"https:\/\/linitiative.ca\/International\/wp-json\/wp\/v2\/media?parent=19486"}],"wp:term":[{"taxonomy":"category","embeddable":true,"href":"https:\/\/linitiative.ca\/International\/wp-json\/wp\/v2\/categories?post=19486"},{"taxonomy":"post_tag","embeddable":true,"href":"https:\/\/linitiative.ca\/International\/wp-json\/wp\/v2\/tags?post=19486"}],"curies":[{"name":"wp","href":"https:\/\/api.w.org\/{rel}","templated":true}]}}