{"id":19489,"date":"2019-03-04T16:13:00","date_gmt":"2019-03-04T21:13:00","guid":{"rendered":"https:\/\/linitiative.ca\/International\/la-poste-burkina-faso-hommage-rendu-a-23-agents-admis-a-la-retraite\/"},"modified":"2019-03-04T16:13:00","modified_gmt":"2019-03-04T21:13:00","slug":"la-poste-burkina-faso-hommage-rendu-a-23-agents-admis-a-la-retraite","status":"publish","type":"post","link":"https:\/\/linitiative.ca\/International\/la-poste-burkina-faso-hommage-rendu-a-23-agents-admis-a-la-retraite\/","title":{"rendered":"La Poste Burkina Faso : hommage rendu \u00e0 23 agents admis  \u00e0 la retraite"},"content":{"rendered":"<div class=\"td-post-featured-image\"><a href=\"https:\/\/i0.wp.com\/www.sidwaya.info\/wp-content\/uploads\/2019\/03\/1-8.jpg?fit=482%2C322&#038;ssl=1\" data-caption=\"\"><img loading=\"lazy\" decoding=\"async\" width=\"482\" height=\"322\" class=\"entry-thumb td-modal-image\" src=\"https:\/\/i0.wp.com\/www.sidwaya.info\/wp-content\/uploads\/2019\/03\/1-8.jpg?resize=482%2C322&#038;ssl=1\" srcset=\"https:\/\/i0.wp.com\/www.sidwaya.info\/wp-content\/uploads\/2019\/03\/1-8.jpg?w=482&#038;ssl=1 482w, https:\/\/i0.wp.com\/www.sidwaya.info\/wp-content\/uploads\/2019\/03\/1-8.jpg?resize=300%2C200&#038;ssl=1 300w\" sizes=\"auto, (max-width: 482px) 100vw, 482px\" alt=\"\" title=\"1\"\/><\/a><\/div>\n<div class=\"td-a-rec td-a-rec-id-content_top td_uid_24_5c7daa53db874_rand td_block_template_1\"><img loading=\"lazy\" decoding=\"async\" class=\"aligncenter size-full wp-image-4463\" src=\"https:\/\/www.sidwaya.info\/wp-content\/uploads\/2019\/02\/FESPACO-TOUR-2019-Bannie%CC%80re-728x90-1.jpg\" alt=\"\" width=\"728\" height=\"90\"\/><\/div>\n<p><strong>La Poste Burkina Faso a rendu hommage \u00e0 23 postiers admis \u00e0 faire valoir leurs droits \u00e0 la retraite le vendredi 1er mars 2019 \u00e0 son si\u00e8ge \u00e0 Ouagadougou.<\/strong><\/p>\n<p>Pour le compte de l\u2019ann\u00e9e 2018, La Poste Burkina Faso a enregistr\u00e9 des d\u00e9parts dans ses rangs. Il s\u2019agit de 23 agents, dont quatre femmes, admis \u00e0 faire valoir leurs droits \u00e0 la retraite. Ces agents ont consacr\u00e9 entre 20 et 42 ans de leur vie au service de la poste. Le vendredi 1er mars 2019, la Poste Burkina Faso a marqu\u00e9 un \u00abarr\u00eat\u00bb pour saluer les beaux et loyaux services \u00e0 lui rendu par ces agents dans ses locaux \u00e0 Ouagadougou. Pot d\u2019au revoir et remise de cadeaux ont \u00e9t\u00e9 les temps forts de cette c\u00e9r\u00e9monie. \u00ab Vous avez pass\u00e9 beaucoup d\u2019ann\u00e9es de vie professionnelle avec nous et c\u2019est \u00e9galement une grande partie de votre vie. C\u2019est ainsi que nous vous reconnaissons comme des amis\u00bb, a confi\u00e9 le Directeur g\u00e9n\u00e9ral (DG) de la Poste Burkina Faso, Nabi Issa Coulibaly aux agents admis \u00e0 la retraite. Il a rappel\u00e9 qu\u2019il est temps pour eux de profiter des plaisirs de la vie d\u2019\u00eatre \u00e0 c\u00f4t\u00e9 de leurs familles et leurs proches.<\/p>\n<p>Le DG de La Poste Burkina Faso a, au nom du personnel, pr\u00e9sent\u00e9 ses v\u0153ux du nouvel an \u00e0 ses anciens collaborateurs. \u00ab Nous vous souhaitons beaucoup de sant\u00e9, et de bonheur dans votre autre vie que je veux active. Je souhaite que les outils et les formations dont vous avez b\u00e9n\u00e9fici\u00e9 sur la pr\u00e9paration de la retraite vous soient tr\u00e8s b\u00e9n\u00e9fiques. Ces v\u0153ux vont \u00e9galement \u00e0 l\u2019endroit de vos familles respectives et vos proches \u00bb, a formul\u00e9 le DG \u00e0 ses devanciers.<\/p>\n<p>Le porte-parole des retrait\u00e9s, Abdou Karim Traor\u00e9, pr\u00e9c\u00e9demment inspecteur g\u00e9n\u00e9ral des services du minist\u00e8re en charge de l\u2019Economie num\u00e9rique, a dit avoir embrass\u00e9 la carri\u00e8re d\u2019agent postier \u00e0 l\u2019\u00e2ge de 20 ans. Il a confi\u00e9 qu\u2019en 40 ans de service, il a servi dans plusieurs localit\u00e9s du pays. Il s\u2019agit entre autres des villes de Koudougou, Gaoua, Bobo-Dioulasso et Ouagadougou ce, apr\u00e8s deux concours professionnels. \u00abSi nous oublions la Poste, c\u2019est de l\u2019ingratitude\u00bb, a-t-il dit. Car pour lui, la soci\u00e9t\u00e9 les a nourris et soign\u00e9s et leur permet aujourd\u2019hui d\u2019avoir une retraite paisible avec une pension appr\u00e9ciable.<\/p>\n<p>\u00ab Nous devons chaque jour faire en sorte que la poste r\u00e9alise un bon chiffre d\u2019affaires en vendant les produits postaux partout o\u00f9 nous allons, inviter les jeunes \u00e0 \u00e9pargner et souscrire aux produits postaux\u00bb, a lanc\u00e9 le repr\u00e9sentant des retrait\u00e9s. Ainsi, il a appr\u00e9ci\u00e9 positivement l\u2019initiative qui, selon lui, d\u00e9montre que les retrait\u00e9s ont toujours de la valeur aux yeux de la Poste.<\/p>\n<p class=\"c1\"><strong>Mariam OUEDRAOGO<\/strong><\/p>\n<div class=\"td-a-rec td-a-rec-id-content_bottom td_uid_25_5c7daa53db9a9_rand td_block_template_1\"><img loading=\"lazy\" decoding=\"async\" class=\"alignright size-full wp-image-1724\" src=\"https:\/\/www.sidwaya.info\/wp-content\/uploads\/2018\/12\/sidwaya-pub.jpg\" alt=\"\" width=\"720\" height=\"90\"\/><\/div>\n<p>Auteur: DD. Sidwaya<br \/>\n<a href=\"https:\/\/www.sidwaya.info\/blog\/2019\/03\/04\/la-poste-burkina-faso-hommage-rendu-a-23-agents-admis-a-la-retraite\/\">Cliquez ici pour lire l&rsquo;article depuis sa source.<\/a><\/p>\n","protected":false},"excerpt":{"rendered":"<p>La Poste Burkina Faso a rendu hommage \u00e0 23 postiers admis \u00e0 faire valoir leurs droits \u00e0 la retraite le vendredi 1er mars 2019 \u00e0 son si\u00e8ge \u00e0 Ouagadougou. Pour le compte de l\u2019ann\u00e9e 2018, La Poste Burkina Faso a enregistr\u00e9 des d\u00e9parts dans ses rangs. Il s\u2019agit de 23 agents, dont quatre femmes, admis [&hellip;]<\/p>\n","protected":false},"author":1816,"featured_media":0,"comment_status":"closed","ping_status":"closed","sticky":false,"template":"","format":"standard","meta":{"fifu_image_url":"","fifu_image_alt":"","footnotes":""},"categories":[73,81],"tags":[],"class_list":["post-19489","post","type-post","status-publish","format-standard","hentry","category-actualite","category-burkina-faso"],"_links":{"self":[{"href":"https:\/\/linitiative.ca\/International\/wp-json\/wp\/v2\/posts\/19489","targetHints":{"allow":["GET"]}}],"collection":[{"href":"https:\/\/linitiative.ca\/International\/wp-json\/wp\/v2\/posts"}],"about":[{"href":"https:\/\/linitiative.ca\/International\/wp-json\/wp\/v2\/types\/post"}],"author":[{"embeddable":true,"href":"https:\/\/linitiative.ca\/International\/wp-json\/wp\/v2\/users\/1816"}],"replies":[{"embeddable":true,"href":"https:\/\/linitiative.ca\/International\/wp-json\/wp\/v2\/comments?post=19489"}],"version-history":[{"count":0,"href":"https:\/\/linitiative.ca\/International\/wp-json\/wp\/v2\/posts\/19489\/revisions"}],"wp:attachment":[{"href":"https:\/\/linitiative.ca\/International\/wp-json\/wp\/v2\/media?parent=19489"}],"wp:term":[{"taxonomy":"category","embeddable":true,"href":"https:\/\/linitiative.ca\/International\/wp-json\/wp\/v2\/categories?post=19489"},{"taxonomy":"post_tag","embeddable":true,"href":"https:\/\/linitiative.ca\/International\/wp-json\/wp\/v2\/tags?post=19489"}],"curies":[{"name":"wp","href":"https:\/\/api.w.org\/{rel}","templated":true}]}}