{"id":19490,"date":"2019-03-04T16:16:12","date_gmt":"2019-03-04T21:16:12","guid":{"rendered":"https:\/\/linitiative.ca\/International\/soutien-aux-fds-les-ambassadeurs-deboursent-22-millions-f-cfa\/"},"modified":"2019-03-04T16:16:12","modified_gmt":"2019-03-04T21:16:12","slug":"soutien-aux-fds-les-ambassadeurs-deboursent-22-millions-f-cfa","status":"publish","type":"post","link":"https:\/\/linitiative.ca\/International\/soutien-aux-fds-les-ambassadeurs-deboursent-22-millions-f-cfa\/","title":{"rendered":"Soutien aux FDS : les ambassadeurs d\u00e9boursent  22 millions  F CFA"},"content":{"rendered":"<div class=\"td-post-featured-image\"><a href=\"https:\/\/i2.wp.com\/www.sidwaya.info\/wp-content\/uploads\/2019\/03\/1-9.jpg?fit=521%2C347&#038;ssl=1\" data-caption=\"\"><img loading=\"lazy\" decoding=\"async\" width=\"521\" height=\"347\" class=\"entry-thumb td-modal-image\" src=\"https:\/\/i2.wp.com\/www.sidwaya.info\/wp-content\/uploads\/2019\/03\/1-9.jpg?resize=521%2C347&#038;ssl=1\" srcset=\"https:\/\/i2.wp.com\/www.sidwaya.info\/wp-content\/uploads\/2019\/03\/1-9.jpg?w=521&#038;ssl=1 521w, https:\/\/i2.wp.com\/www.sidwaya.info\/wp-content\/uploads\/2019\/03\/1-9.jpg?resize=300%2C200&#038;ssl=1 300w\" sizes=\"auto, (max-width: 521px) 100vw, 521px\" alt=\"\" title=\"1\"\/><\/a><\/div>\n<div class=\"td-a-rec td-a-rec-id-content_top td_uid_24_5c7daa568a306_rand td_block_template_1\"><img loading=\"lazy\" decoding=\"async\" class=\"aligncenter size-full wp-image-4463\" src=\"https:\/\/www.sidwaya.info\/wp-content\/uploads\/2019\/02\/FESPACO-TOUR-2019-Bannie%CC%80re-728x90-1.jpg\" alt=\"\" width=\"728\" height=\"90\"\/><\/div>\n<p><strong>Le pr\u00e9sident du Faso, Roch Marc Christian Kabor\u00e9, a re\u00e7u en audience une d\u00e9l\u00e9gation des ambassadeurs et consuls g\u00e9n\u00e9raux du Burkina \u00e0 l\u2019\u00e9tranger, le lundi 4 mars 2019 au palais de Kosyam. Les visiteurs ont annonc\u00e9 un soutien de plus de 22 millions F CFA aux Forces de d\u00e9fense et de s\u00e9curit\u00e9 (FDS).<\/strong><\/p>\n<p>Le contexte s\u00e9curitaire difficile du Burkina Faso a cr\u00e9\u00e9 un front uni autour des Forces de d\u00e9fense et de s\u00e9curit\u00e9 (FDS), objet d\u2019actions de soutien diversifi\u00e9es. La derni\u00e8re initiative dans ce sens provient des ambassadeurs et consuls g\u00e9n\u00e9raux du Burkina aupr\u00e8s des pays \u00e9trangers qui, \u00e0 l\u2019occasion d\u2019une visite, le 4 mars 2019, au pr\u00e9sident du Faso, Roch Marc Christian Kabor\u00e9, ont annonc\u00e9 leur intention de soutenir le combat des FDS avec une enveloppe financi\u00e8re de 22,4 millions francs CFA. Pr\u00e9sents dans la m\u00e8re-patrie dans le cadre du cinquantenaire du FESPACO, ils ont aussi rendu compte au chef de l\u2019Etat de leurs activit\u00e9s dans leurs missions respectives et re\u00e7u des instructions y relatives.<\/p>\n<p>Selon le ministre des Affaires \u00e9trang\u00e8res et de la Coop\u00e9ration, Alpha Barry, le pr\u00e9sident Kabor\u00e9 a salu\u00e9 le geste des ambassadeurs et consuls g\u00e9n\u00e9raux et leur a donn\u00e9 des \u00ab informations utiles \u00bb sur la situation nationale ainsi que les \u00ab \u00e9normes efforts de s\u00e9curisation du pays \u00bb en relation avec les partenaires du Burkina Faso. Du point fait aux ambassadeurs, il ressort, selon le ministre Barry, que le pays jouit de la grande confiance de ses partenaires au d\u00e9veloppement. \u00ab La preuve est qu\u2019en l\u2019espace de six mois, le PF a \u00e9t\u00e9 re\u00e7u chez nos principaux partenaires, que ce soit \u00e0 P\u00e9kin, \u00e0 Tokyo, \u00e0 Bruxelles, \u00e0 Paris et r\u00e9cemment \u00e0 Berlin \u2026 Cette confiance qui est assez forte a \u00e9galement permis que le Burkina acc\u00e8de \u00e0 un compact national et r\u00e9gional du MCC \u00bb, a d\u00e9taill\u00e9 Alpha Barry.<\/p>\n<p>A l\u2019entendre, le chef de l\u2019Etat a demand\u00e9 aux ambassadeurs de continuer \u00e0 \u0153uvrer de sorte que le Burkina Faso b\u00e9n\u00e9ficie davantage de soutiens de ses partenaires pour combler le repli budg\u00e9taire d\u00fb aux efforts en mati\u00e8re de d\u00e9fense et de s\u00e9curit\u00e9, r\u00e9duisant les d\u00e9penses pour les autres secteurs. Par ailleurs, la rencontre a \u00e9t\u00e9 l\u2019occasion d\u2019informer les ambassadeurs de la feuille de route du chef de l\u2019Etat dans le cadre de sa pr\u00e9sidence du G5 Sahel et de l\u2019initiative d\u2019Accra, un nouvel espace de s\u00e9curisation des fronti\u00e8res avec la C\u00f4te d\u2019Ivoire, le Togo, le Ghana et le B\u00e9nin.<\/p>\n<p class=\"c1\"><strong>Fab\u00e9 Mamadou OUATTARA<\/strong><\/p>\n<div class=\"td-a-rec td-a-rec-id-content_bottom td_uid_25_5c7daa568a439_rand td_block_template_1\"><img loading=\"lazy\" decoding=\"async\" class=\"alignright size-full wp-image-1724\" src=\"https:\/\/www.sidwaya.info\/wp-content\/uploads\/2018\/12\/sidwaya-pub.jpg\" alt=\"\" width=\"720\" height=\"90\"\/><\/div>\n<p>Auteur: DD. Sidwaya<br \/>\n<a href=\"https:\/\/www.sidwaya.info\/blog\/2019\/03\/04\/soutien-aux-fds-les-ambassadeurs-deboursent-22-millions-f-cfa\/\">Cliquez ici pour lire l&rsquo;article depuis sa source.<\/a><\/p>\n","protected":false},"excerpt":{"rendered":"<p>Le pr\u00e9sident du Faso, Roch Marc Christian Kabor\u00e9, a re\u00e7u en audience une d\u00e9l\u00e9gation des ambassadeurs et consuls g\u00e9n\u00e9raux du Burkina \u00e0 l\u2019\u00e9tranger, le lundi 4 mars 2019 au palais de Kosyam. Les visiteurs ont annonc\u00e9 un soutien de plus de 22 millions F CFA aux Forces de d\u00e9fense et de s\u00e9curit\u00e9 (FDS). Le contexte [&hellip;]<\/p>\n","protected":false},"author":1816,"featured_media":0,"comment_status":"closed","ping_status":"closed","sticky":false,"template":"","format":"standard","meta":{"fifu_image_url":"","fifu_image_alt":"","footnotes":""},"categories":[73,81],"tags":[],"class_list":["post-19490","post","type-post","status-publish","format-standard","hentry","category-actualite","category-burkina-faso"],"_links":{"self":[{"href":"https:\/\/linitiative.ca\/International\/wp-json\/wp\/v2\/posts\/19490","targetHints":{"allow":["GET"]}}],"collection":[{"href":"https:\/\/linitiative.ca\/International\/wp-json\/wp\/v2\/posts"}],"about":[{"href":"https:\/\/linitiative.ca\/International\/wp-json\/wp\/v2\/types\/post"}],"author":[{"embeddable":true,"href":"https:\/\/linitiative.ca\/International\/wp-json\/wp\/v2\/users\/1816"}],"replies":[{"embeddable":true,"href":"https:\/\/linitiative.ca\/International\/wp-json\/wp\/v2\/comments?post=19490"}],"version-history":[{"count":0,"href":"https:\/\/linitiative.ca\/International\/wp-json\/wp\/v2\/posts\/19490\/revisions"}],"wp:attachment":[{"href":"https:\/\/linitiative.ca\/International\/wp-json\/wp\/v2\/media?parent=19490"}],"wp:term":[{"taxonomy":"category","embeddable":true,"href":"https:\/\/linitiative.ca\/International\/wp-json\/wp\/v2\/categories?post=19490"},{"taxonomy":"post_tag","embeddable":true,"href":"https:\/\/linitiative.ca\/International\/wp-json\/wp\/v2\/tags?post=19490"}],"curies":[{"name":"wp","href":"https:\/\/api.w.org\/{rel}","templated":true}]}}