{"id":19502,"date":"2019-03-04T15:50:04","date_gmt":"2019-03-04T20:50:04","guid":{"rendered":"https:\/\/linitiative.ca\/International\/jerry-nadler-et-donald-trump-une-hostilite-vieille-de-plus-de-30-ans\/"},"modified":"2019-03-04T15:50:04","modified_gmt":"2019-03-04T20:50:04","slug":"jerry-nadler-et-donald-trump-une-hostilite-vieille-de-plus-de-30-ans","status":"publish","type":"post","link":"https:\/\/linitiative.ca\/International\/jerry-nadler-et-donald-trump-une-hostilite-vieille-de-plus-de-30-ans\/","title":{"rendered":"Jerry Nadler et Donald Trump, une hostilit\u00e9 vieille de plus de 30 ans"},"content":{"rendered":"<div readability=\"32\">\n<p>Publi\u00e9 le 04.03.2019 \u00e0 21h50 par AFP<\/p>\n<\/div>\n<div readability=\"111\">\n<p>Il a presque le m\u00eame \u00e2ge que Trump, et combattait d\u00e9j\u00e0 les projets immobiliers du magnat dans les ann\u00e9es 1980, lorsqu\u2019il n\u2019\u00e9tait encore qu\u2019un \u00e9lu local de Manhattan.<\/p>\n<p>Devenu en janvier le pr\u00e9sident de la puissance commission judiciaire de la Chambre des repr\u00e9sentants, le d\u00e9mocrate new-yorkais Jerry Nadler, 71 ans, peut d\u00e9sormais s\u2019attaquer frontalement au milliardaire de la Maison Blanche, et a lanc\u00e9 lundi une vaste enqu\u00eate sur le pr\u00e9sident am\u00e9ricain qu\u2019il soup\u00e7onne d\u2019entrave \u00e0 la justice, de corruption et d\u2019autres abus de pouvoir.<\/p>\n<p>La hache de guerre entre ce v\u00e9t\u00e9ran de la politique new-yorkaise \u2013 son premier mandat d\u2019\u00e9lu remonte \u00e0 1976 \u2013 et Donald Trump a \u00e9t\u00e9 d\u00e9terr\u00e9e il y a longtemps: dans les ann\u00e9es 1980, lorsque Jerry Nadler repr\u00e9sentait le quartier de l&rsquo;\u00a0\u00bbUpper West Side\u00a0\u00bb au Parlement de l\u2019Etat de New York, il s\u2019\u00e9tait oppos\u00e9 \u00e0 un vaste projet immobilier qui aurait transform\u00e9 ce quartier historique \u00e0 l\u2019ouest de Manhattan.<\/p>\n<p>Initi\u00e9 peu apr\u00e8s la construction de \u00ab\u00a0Trump Tower\u00a0\u00bb sur la 5e Avenue, le projet incluait initialement une tour de 150 \u00e9tages, au sommet de laquelle Donald Trump devait avoir une penthouse.<\/p>\n<p>Mais devant l\u2019opposition des habitants du quartier et de Jerry Nadler, Donald Trump dut revoir consid\u00e9rablement ses ambitions. Et une fois \u00e9lu au Congr\u00e8s en 1992, M. Nadler r\u00e9ussit \u00e0 faire supprimer des fonds f\u00e9d\u00e9raux promis \u00e0 Trump pour cette entreprise.<\/p>\n<p>\u2013 \u00ab\u00a0Un des pires politicards\u00a0\u00bb \u2013<\/p>\n<p>Dans un livre publi\u00e9 en 2000, \u00ab\u00a0The America we deserve\u00a0\u00bb (\u00ab\u00a0L\u2019Am\u00e9rique que nous m\u00e9ritons\u00a0\u00bb), Donald Trump prit une petite revanche sur celui qui \u00e9tait devenu une de ses b\u00eates noires, en le qualifiant d&rsquo;\u00a0\u00bbun des pires politicards am\u00e9ricains\u00a0\u00bb.<\/p>\n<p>Le magnat de l\u2019immobilier a m\u00eame attaqu\u00e9 un jour pour son surpoids cet \u00e9lu d\u00e9mocrate respect\u00e9, originaire d\u2019une famille juive de Brooklyn, affirmant qu&rsquo;\u00a0\u00bbil devrait perdre 100 kilos\u00a0\u00bb.<\/p>\n<p><ins data-revive-zoneid=\"9\" data-revive-id=\"10111e19d28d19d031742ee3b0b33eb0\"\/> <\/p>\n<p>Jerry Nadler souffrait alors d\u2019ob\u00e9sit\u00e9, un probl\u00e8me qu\u2019il a r\u00e9solu dans les ann\u00e9es 2000 en subissant une op\u00e9ration de r\u00e9duction de l\u2019estomac et en changeant radicalement d\u2019alimentation et de mode de vie.<\/p>\n<p>Aujourd\u2019hui, alors que les d\u00e9mocrates ont repris la majorit\u00e9 \u00e0 la Chambre des repr\u00e9sentants, M. Nadler, fervent d\u00e9fenseur des transports en commun, des droits individuels ou des droits de la communaut\u00e9 homosexuelle, a fait de l\u2019animosit\u00e9 de Trump contre lui un point d\u2019honneur.<\/p>\n<p>Apr\u00e8s avoir \u00e9t\u00e9 r\u00e9\u00e9lu au Congr\u00e8s avec 82% des voix en novembre, sa pr\u00e9sidence de la commission judiciaire parlementaire le place en p\u00f4le position pour lancer une \u00e9ventuelle proc\u00e9dure en destitution contre le pr\u00e9sident am\u00e9ricain.<\/p>\n<p>Il conna\u00eet bien la proc\u00e9dure: il fut l\u2019un des plus \u00e2pres d\u00e9fenseurs du pr\u00e9sident d\u00e9mocrate Bill Clinton en 1998, face aux r\u00e9publicains qui voulaient le chasser de la Maison Blanche suite \u00e0 l\u2019affaire Lewinsky.<\/p>\n<p>Jusqu\u2019\u00e0 pr\u00e9sent, M. Nadler a cependant \u00e9t\u00e9 d\u2019une extr\u00eame prudence sur ce sujet.<\/p>\n<p>Dans une interview \u00e0 la cha\u00eene ABC dimanche, il estimait que, m\u00eame si Michael Cohen avait dans son audition au Congr\u00e8s mercredi impliqu\u00e9 le pr\u00e9sident dans plusieurs d\u00e9lits, \u00ab\u00a0la route (\u00e9tait) encore longue jusqu\u2019\u00e0 l\u2019+impeachment+\u00a0\u00bb<\/p>\n<\/div>\n<p>Auteur: AFP<br \/>\n<a href=\"https:\/\/www.journalducameroun.com\/jerry-nadler-et-donald-trump-une-hostilite-vieille-de-plus-de-30-ans\/\">Cliquez ici pour lire l&rsquo;article depuis sa source.<\/a><\/p>\n","protected":false},"excerpt":{"rendered":"<p>Publi\u00e9 le 04.03.2019 \u00e0 21h50 par AFP Il a presque le m\u00eame \u00e2ge que Trump, et combattait d\u00e9j\u00e0 les projets immobiliers du magnat dans les ann\u00e9es 1980, lorsqu\u2019il n\u2019\u00e9tait encore qu\u2019un \u00e9lu local de Manhattan. Devenu en janvier le pr\u00e9sident de la puissance commission judiciaire de la Chambre des repr\u00e9sentants, le d\u00e9mocrate new-yorkais Jerry Nadler, [&hellip;]<\/p>\n","protected":false},"author":1965,"featured_media":0,"comment_status":"closed","ping_status":"closed","sticky":false,"template":"","format":"standard","meta":{"fifu_image_url":"","fifu_image_alt":"","footnotes":""},"categories":[73,82],"tags":[],"class_list":["post-19502","post","type-post","status-publish","format-standard","hentry","category-actualite","category-cameroun"],"_links":{"self":[{"href":"https:\/\/linitiative.ca\/International\/wp-json\/wp\/v2\/posts\/19502","targetHints":{"allow":["GET"]}}],"collection":[{"href":"https:\/\/linitiative.ca\/International\/wp-json\/wp\/v2\/posts"}],"about":[{"href":"https:\/\/linitiative.ca\/International\/wp-json\/wp\/v2\/types\/post"}],"author":[{"embeddable":true,"href":"https:\/\/linitiative.ca\/International\/wp-json\/wp\/v2\/users\/1965"}],"replies":[{"embeddable":true,"href":"https:\/\/linitiative.ca\/International\/wp-json\/wp\/v2\/comments?post=19502"}],"version-history":[{"count":0,"href":"https:\/\/linitiative.ca\/International\/wp-json\/wp\/v2\/posts\/19502\/revisions"}],"wp:attachment":[{"href":"https:\/\/linitiative.ca\/International\/wp-json\/wp\/v2\/media?parent=19502"}],"wp:term":[{"taxonomy":"category","embeddable":true,"href":"https:\/\/linitiative.ca\/International\/wp-json\/wp\/v2\/categories?post=19502"},{"taxonomy":"post_tag","embeddable":true,"href":"https:\/\/linitiative.ca\/International\/wp-json\/wp\/v2\/tags?post=19502"}],"curies":[{"name":"wp","href":"https:\/\/api.w.org\/{rel}","templated":true}]}}