{"id":19533,"date":"2019-03-05T03:22:21","date_gmt":"2019-03-05T08:22:21","guid":{"rendered":"https:\/\/linitiative.ca\/International\/nagoum-yamassoum-le-president-prend-ses-fonctions-a-la-nouvelle-cosumaf\/"},"modified":"2019-03-05T03:22:21","modified_gmt":"2019-03-05T08:22:21","slug":"nagoum-yamassoum-le-president-prend-ses-fonctions-a-la-nouvelle-cosumaf","status":"publish","type":"post","link":"https:\/\/linitiative.ca\/International\/nagoum-yamassoum-le-president-prend-ses-fonctions-a-la-nouvelle-cosumaf\/","title":{"rendered":"Nagoum YAMASSOUM: le pr\u00e9sident prend ses fonctions \u00e0 la \u2018\u2019nouvelle\u2019\u2019 COSUMAF"},"content":{"rendered":"<div class=\"entry-content entry clearfix\" readability=\"66.304670126\">\n<p><a href=\"https:\/\/i1.wp.com\/ecomatin.net\/wp-content\/uploads\/2019\/03\/ecomatin.net-nagoum-yamassoum-le-president-prend-ses-fonctions-a-la-nouvelle-cosumaf-nagoum-yamassoum1.jpg?ssl=1\"><\/p>\n<p><img loading=\"lazy\" decoding=\"async\" data-attachment-id=\"6353\" data-permalink=\"https:\/\/ecomatin.net\/nagoum-yamassoum-le-president-prend-ses-fonctions-a-la-nouvelle-cosumaf\/nagoum-yamassoum1\/\" data-orig-file=\"https:\/\/i1.wp.com\/ecomatin.net\/wp-content\/uploads\/2019\/03\/ecomatin.net-nagoum-yamassoum-le-president-prend-ses-fonctions-a-la-nouvelle-cosumaf-nagoum-yamassoum1.jpg?fit=676%2C692&#038;ssl=1\" data-orig-size=\"676,692\" data-comments-opened=\"0\" data-image-meta=\"{\"aperture\":\"5.6\",\"credit\":\"Picasa\",\"camera\":\"NIKON D700\",\"caption\":\"\",\"created_timestamp\":\"1386965010\",\"copyright\":\"\",\"focal_length\":\"145\",\"iso\":\"3200\",\"shutter_speed\":\"0.016666666666667\",\"title\":\"\",\"orientation\":\"1\"}\" data-image-title=\"Nagoum-Yamassoum1\" data-image-description=\"\" data-medium-file=\"https:\/\/i1.wp.com\/ecomatin.net\/wp-content\/uploads\/2019\/03\/ecomatin.net-nagoum-yamassoum-le-president-prend-ses-fonctions-a-la-nouvelle-cosumaf-nagoum-yamassoum1.jpg?fit=293%2C300&#038;ssl=1\" data-large-file=\"https:\/\/i1.wp.com\/ecomatin.net\/wp-content\/uploads\/2019\/03\/ecomatin.net-nagoum-yamassoum-le-president-prend-ses-fonctions-a-la-nouvelle-cosumaf-nagoum-yamassoum1.jpg?fit=676%2C692&#038;ssl=1\" class=\" wp-image-6353 alignleft\" src=\"https:\/\/i1.wp.com\/ecomatin.net\/wp-content\/uploads\/2019\/03\/ecomatin.net-nagoum-yamassoum-le-president-prend-ses-fonctions-a-la-nouvelle-cosumaf-nagoum-yamassoum1.jpg?resize=248%2C254&#038;ssl=1\" alt=\"\" width=\"248\" height=\"254\" srcset=\"https:\/\/i1.wp.com\/ecomatin.net\/wp-content\/uploads\/2019\/03\/ecomatin.net-nagoum-yamassoum-le-president-prend-ses-fonctions-a-la-nouvelle-cosumaf-nagoum-yamassoum1.jpg?w=676&#038;ssl=1 676w, https:\/\/i1.wp.com\/ecomatin.net\/wp-content\/uploads\/2019\/03\/ecomatin.net-nagoum-yamassoum-le-president-prend-ses-fonctions-a-la-nouvelle-cosumaf-nagoum-yamassoum1.jpg?resize=293%2C300&#038;ssl=1 293w\" sizes=\"auto, (max-width: 248px) 100vw, 248px\" data-recalc-dims=\"1\"\/><\/p>\n<p><\/a>Nomm\u00e9 le 31 Octobre 2017 par la Conf\u00e9rence des Chefs d\u2019Etat de la CEMAC pour un mandat de cinq ans, M. <strong>Nagoum YAMASSOUM<\/strong> s\u2019illustre d\u00e9sormais en tant que pr\u00e9sident de la \u2018\u2019nouvelle\u2019\u2019 Commission de Surveillance du March\u00e9 Financier de l\u2019Afrique Centrale (<strong>COSUMAF<\/strong>). En effet, l\u2019on apprend que la Commission des march\u00e9s financiers, (CMF) et l\u2019ancienne Cosumaf de Libreville viennent de fusionner conform\u00e9ment \u00e0 la d\u00e9cision prise le 31 octobre 2017 par les chefs d\u2019Etat de la Cemac concernant l\u2019unification des march\u00e9s financiers d\u2019Afrique centrale. Et Nagoum YAMASSOUM, 65 ans, est celui qui va pr\u00e9sider la \u2018\u2019nouvelle\u2019\u2019 commission dont le si\u00e8ge est \u00e0 Libreville, au Gabon, pour un mandat de cinq (05) ans.<\/p>\n<p>Titulaire d\u2019un Doctorat en Sciences Politiques, il est\u00a0aussi dipl\u00f4m\u00e9 en Diplomatie et Administration des Organisations Internationales, en Sciences Juridiques, Economiques et de Gestion. C\u2019est un habitu\u00e9 de hautes responsabilit\u00e9s. Il a commenc\u00e9 sa vie professionnelle comme Sous-Pr\u00e9fet avant d\u2019int\u00e9grer la haute administration au Minist\u00e8re du Plan et de la Coop\u00e9ration du Tchad.<\/p>\n<p>Secr\u00e9taire g\u00e9n\u00e9ral du Mouvement patriotique du Salut (<strong>MPS<\/strong>), il sera le directeur de campagne d\u2019Idriss Deby Itno \u00e0 l\u2019\u00e9lection pr\u00e9sidentielle en 1996. Le Chef de l\u2019Etat lui confiera plusieurs postes minist\u00e9riels y compris celui de Premier Ministre de la R\u00e9publique du Tchad du 14 d\u00e9cembre 1999 jusqu\u2019\u00e0 sa d\u00e9mission le 12 juin 2002. \u00a0Il sera par la suite ministre des Affaires \u00e9trang\u00e8res et de l\u2019int\u00e9gration africaine du gouvernement de Moussa Faki (Alors Premier ministre), du 24 juin 2003 au 08 aout 2005 avant d\u2019\u00eatre nomm\u00e9 pr\u00e9sident du Conseil constitutionnel. Il assurera cette fonction plusieurs fois, ainsi que la pr\u00e9sidence du Conseil d\u2019administration de plusieurs soci\u00e9t\u00e9s dont la derni\u00e8re est la Soci\u00e9t\u00e9 des Hydrocarbures du Tchad (SHT). Il est aussi Charg\u00e9 de Cours \u00e0 la Facult\u00e9 des Sciences Juridiques, Economiques et de Gestion de l\u2019Universit\u00e9 de N\u2019Djamena et auteur de plusieurs publications et travaux scientifiques.<\/p>\n<p>Fort de ce riche parcours professionnel, il b\u00e9n\u00e9ficie de la reconnaissance des hautes autorit\u00e9s de son pays, notamment du Pr\u00e9sident Idriss Deby Itno, qui propose sa candidature aupr\u00e8s des chefs d\u2019\u00c9tats de la Cemac. Ils l\u2019acceptent le 31 Octobre 2017<strong>.<\/strong> Ainsi devient-il le troisi\u00e8me pr\u00e9sident de la Commission de Surveillance du March\u00e9 Financier de l\u2019Afrique Centrale (COSUMAF).<\/p>\n<div class=\"about-author about-author-box container-wrapper\">\n<div class=\"author-avatar\">\n<p><img decoding=\"async\" src=\"http:\/\/\" alt=\"\"\/><\/p>\n<\/div>\n<p><h4>La R\u00e9daction EcoMatin<\/h4>\n<\/p>\n<\/div>\n<div class=\"awac-wrapper awac widget blog_subscription-2\">\n<h4 class=\"widget-title\">Abonnez-vous \u00e0 notre lettre d&rsquo;information<\/h4>\n<\/div>\n<\/div>\n<div class=\"toggle-post-content clearfix\"><a id=\"toggle-post-button\" class=\"button\" href=\"#\">Afficher plus <\/a><\/div>\n<p>Auteur: EcoMatin<br \/>\n<a href=\"https:\/\/ecomatin.net\/nagoum-yamassoum-le-president-prend-ses-fonctions-a-la-nouvelle-cosumaf\/\">Cliquez ici pour lire l&rsquo;article depuis sa source.<\/a><\/p>\n","protected":false},"excerpt":{"rendered":"<p>Nomm\u00e9 le 31 Octobre 2017 par la Conf\u00e9rence des Chefs d\u2019Etat de la CEMAC pour un mandat de cinq ans, M. Nagoum YAMASSOUM s\u2019illustre d\u00e9sormais en tant que pr\u00e9sident de la \u2018\u2019nouvelle\u2019\u2019 Commission de Surveillance du March\u00e9 Financier de l\u2019Afrique Centrale (COSUMAF). En effet, l\u2019on apprend que la Commission des march\u00e9s financiers, (CMF) et l\u2019ancienne [&hellip;]<\/p>\n","protected":false},"author":1969,"featured_media":0,"comment_status":"closed","ping_status":"closed","sticky":false,"template":"","format":"standard","meta":{"fifu_image_url":"","fifu_image_alt":"","footnotes":""},"categories":[82,78],"tags":[],"class_list":["post-19533","post","type-post","status-publish","format-standard","hentry","category-cameroun","category-economie"],"_links":{"self":[{"href":"https:\/\/linitiative.ca\/International\/wp-json\/wp\/v2\/posts\/19533","targetHints":{"allow":["GET"]}}],"collection":[{"href":"https:\/\/linitiative.ca\/International\/wp-json\/wp\/v2\/posts"}],"about":[{"href":"https:\/\/linitiative.ca\/International\/wp-json\/wp\/v2\/types\/post"}],"author":[{"embeddable":true,"href":"https:\/\/linitiative.ca\/International\/wp-json\/wp\/v2\/users\/1969"}],"replies":[{"embeddable":true,"href":"https:\/\/linitiative.ca\/International\/wp-json\/wp\/v2\/comments?post=19533"}],"version-history":[{"count":0,"href":"https:\/\/linitiative.ca\/International\/wp-json\/wp\/v2\/posts\/19533\/revisions"}],"wp:attachment":[{"href":"https:\/\/linitiative.ca\/International\/wp-json\/wp\/v2\/media?parent=19533"}],"wp:term":[{"taxonomy":"category","embeddable":true,"href":"https:\/\/linitiative.ca\/International\/wp-json\/wp\/v2\/categories?post=19533"},{"taxonomy":"post_tag","embeddable":true,"href":"https:\/\/linitiative.ca\/International\/wp-json\/wp\/v2\/tags?post=19533"}],"curies":[{"name":"wp","href":"https:\/\/api.w.org\/{rel}","templated":true}]}}