{"id":19559,"date":"2019-03-04T16:33:37","date_gmt":"2019-03-04T21:33:37","guid":{"rendered":"https:\/\/linitiative.ca\/International\/kelaat-des-sraghna-session-de-formation-au-profit-de-30-educateurs-dans-lenseignement-prescolaire\/"},"modified":"2019-03-04T16:33:37","modified_gmt":"2019-03-04T21:33:37","slug":"kelaat-des-sraghna-session-de-formation-au-profit-de-30-educateurs-dans-lenseignement-prescolaire","status":"publish","type":"post","link":"https:\/\/linitiative.ca\/International\/kelaat-des-sraghna-session-de-formation-au-profit-de-30-educateurs-dans-lenseignement-prescolaire\/","title":{"rendered":"Kelaat des Sraghna: Session de formation au profit de 30 \u00e9ducateurs dans l\u2019enseignement pr\u00e9scolaire"},"content":{"rendered":"<div class=\"single-featured\"><img alt=\"\" data-src=\"http:\/\/www.mapmarrakech.ma\/map\/uploads\/2019\/03\/formationkelaaesseraghna-copier.jpg\"\/><\/div>\n<div class=\"single-post-excerpt post-excerpt-bc\" readability=\"35\">\n<p>Kelaat des Sraghna \u2013 Une session de formation a \u00e9t\u00e9 organis\u00e9e r\u00e9cemment au Centre provincial des ressources p\u00e9dagogiques de Kelaat des Sraghna, au profit de 30 \u00e9ducateurs dans l\u2019enseignement pr\u00e9scolaire.<\/p>\n<\/div>\n<div class=\"entry-content clearfix single-post-content\" readability=\"47\">\n<p>Cette formation, organis\u00e9e par la Direction provinciale de l\u2019\u00e9ducation nationale, rentre dans le cadre de l\u2019ex\u00e9cution du Plan d\u2019action provinciale pour la mise en \u0153uvre du Programme national de g\u00e9n\u00e9ralisation et de d\u00e9veloppement de l\u2019enseignement pr\u00e9scolaire.<\/p>\n<p>Les participants \u00e0 cette formation ont d\u00e9battu de plusieurs th\u00e9matiques se rapportant notamment \u00e0 \u00ab\u00a0l\u2019enseignement pr\u00e9scolaire et l\u2019enfance pr\u00e9coce\u00a0\u00bb, \u00ab\u00a0les composantes \u00e9ducatives du cursus de l\u2019enseignement pr\u00e9scolaire\u00a0\u00bb et \u00ab\u00a0les mesures p\u00e9dagogiques pour la mise en \u0153uvre du cursus de l\u2019enseignement pr\u00e9scolaire\u00a0\u00bb.<\/p>\n<p>A rappeler que le nombre d\u2019enfants dans l\u2019enseignement pr\u00e9scolaire dans la province de Kela\u00e2t des Sraghna s\u2019\u00e9l\u00e8ve durant l\u2019ann\u00e9e scolaire 2018-2019 \u00e0 14.000 enfants, soit un taux de scolarit\u00e9 de 58%.<\/p>\n<\/div>\n<p>Auteur: Meriem IGASS<br \/>\n<a href=\"http:\/\/www.mapmarrakech.ma\/fr\/kelaat-des-sraghna-session-de-formation-au-profit-de-30-educateurs-dans-lenseignement-prescolaire\/\">Cliquez ici pour lire l&rsquo;article depuis sa source.<\/a><\/p>\n","protected":false},"excerpt":{"rendered":"<p>Kelaat des Sraghna \u2013 Une session de formation a \u00e9t\u00e9 organis\u00e9e r\u00e9cemment au Centre provincial des ressources p\u00e9dagogiques de Kelaat des Sraghna, au profit de 30 \u00e9ducateurs dans l\u2019enseignement pr\u00e9scolaire. Cette formation, organis\u00e9e par la Direction provinciale de l\u2019\u00e9ducation nationale, rentre dans le cadre de l\u2019ex\u00e9cution du Plan d\u2019action provinciale pour la mise en \u0153uvre [&hellip;]<\/p>\n","protected":false},"author":1788,"featured_media":19569,"comment_status":"closed","ping_status":"closed","sticky":false,"template":"","format":"standard","meta":{"fifu_image_url":"","fifu_image_alt":"","footnotes":""},"categories":[54,76],"tags":[],"class_list":["post-19559","post","type-post","status-publish","format-standard","has-post-thumbnail","hentry","category-maroc","category-regions"],"_links":{"self":[{"href":"https:\/\/linitiative.ca\/International\/wp-json\/wp\/v2\/posts\/19559","targetHints":{"allow":["GET"]}}],"collection":[{"href":"https:\/\/linitiative.ca\/International\/wp-json\/wp\/v2\/posts"}],"about":[{"href":"https:\/\/linitiative.ca\/International\/wp-json\/wp\/v2\/types\/post"}],"author":[{"embeddable":true,"href":"https:\/\/linitiative.ca\/International\/wp-json\/wp\/v2\/users\/1788"}],"replies":[{"embeddable":true,"href":"https:\/\/linitiative.ca\/International\/wp-json\/wp\/v2\/comments?post=19559"}],"version-history":[{"count":0,"href":"https:\/\/linitiative.ca\/International\/wp-json\/wp\/v2\/posts\/19559\/revisions"}],"wp:featuredmedia":[{"embeddable":true,"href":"https:\/\/linitiative.ca\/International\/wp-json\/"}],"wp:attachment":[{"href":"https:\/\/linitiative.ca\/International\/wp-json\/wp\/v2\/media?parent=19559"}],"wp:term":[{"taxonomy":"category","embeddable":true,"href":"https:\/\/linitiative.ca\/International\/wp-json\/wp\/v2\/categories?post=19559"},{"taxonomy":"post_tag","embeddable":true,"href":"https:\/\/linitiative.ca\/International\/wp-json\/wp\/v2\/tags?post=19559"}],"curies":[{"name":"wp","href":"https:\/\/api.w.org\/{rel}","templated":true}]}}