{"id":19587,"date":"2019-03-05T04:11:18","date_gmt":"2019-03-05T09:11:18","guid":{"rendered":"https:\/\/linitiative.ca\/International\/merzoug-touati-condamne-a-5-ans-de-prison-ferme-dont-3-avec-sursis-libere-apres-avoir-purge-sa-peine\/"},"modified":"2019-03-05T04:11:18","modified_gmt":"2019-03-05T09:11:18","slug":"merzoug-touati-condamne-a-5-ans-de-prison-ferme-dont-3-avec-sursis-libere-apres-avoir-purge-sa-peine","status":"publish","type":"post","link":"https:\/\/linitiative.ca\/International\/merzoug-touati-condamne-a-5-ans-de-prison-ferme-dont-3-avec-sursis-libere-apres-avoir-purge-sa-peine\/","title":{"rendered":"Merzoug Touati condamn\u00e9 \u00e0 5 ans de prison ferme dont 3 avec sursis, lib\u00e9r\u00e9 apr\u00e8s avoir purg\u00e9 sa peine"},"content":{"rendered":"<div>\n<div class=\"K2FeedImage\"><img decoding=\"async\" src=\"http:\/\/www.aps.dz\/media\/k2\/items\/cache\/e0ecdb869137301ef97993eda048c0e6_S.jpg\" alt=\"Merzoug Touati condamn\u00e9 \u00e0 5 ans de prison ferme dont 3 avec sursis, lib\u00e9r\u00e9 apr\u00e8s avoir purg\u00e9 sa peine\"><\/div>\n<div class=\"K2FeedIntroText\">\n<p><strong>SKIKDA- Le tribunal criminel d\u2019appel pr\u00e8s la cour de Skikda a condamn\u00e9 \u00a0Merzoug Touati (31 ans) \u00e0 2 ans de prison ferme et 3 autres avec sursis pour les d\u00e9lits d\u2019incitation de la population \u00e0 porter les armes contre l&rsquo;autorit\u00e9 de l&rsquo;Etat, d\u2019incitation \u00e0 l\u2019attroupement sur les places publiques, et d\u2019intelligence avec une puissance \u00e9trang\u00e8re susceptible de porter atteinte \u00e0 la diplomatie alg\u00e9rienne et d\u00e9lit\u00a0d&rsquo;incitation \u00e0 l&rsquo;attroupement arm\u00e9, a-t-on constat\u00e9.<\/strong><\/p>\n<\/div>\n<div class=\"K2FeedFullText\">\n<p>Apr\u00e8s la r\u00e9quisition du parquet qui avait requis cinq ans de prison contre l\u2019accus\u00e9,\u00a02 ans de prison ferme et 3 autres avec sursis, ce dernier a \u00e9t\u00e9 lib\u00e9r\u00e9 apr\u00e8s avoir purg\u00e9 sa peine (incarc\u00e9r\u00e9 en 2017).<\/p>\n<p>L&rsquo;affaire remonte \u00e0 janvier 2017 lorsque la brigade de cybercriminalit\u00e9 en\u00a0coordination avec le service central de lutte contre les crimes li\u00e9s aux\u00a0technologies de l\u2019information et de la communication (TIC) a rep\u00e9r\u00e9 un\u00a0compte sur un r\u00e9seau social au nom du bloggeur Touati Merzoug appelant \u00e0 la\u00a0r\u00e9bellion et \u00e0 l\u2019attroupement \u00e0 partir de janvier 2017 \u00e0 Bejaia dans une\u00a0vid\u00e9o contre la loi de finances.<\/p>\n<p>Le mis en cause a ni\u00e9 en bloc les accusations assurant avoir appel\u00e9 \u00e0 des\u00a0manifestations pacifiques.<\/p>\n<p>L\u2019enqu\u00eate a r\u00e9v\u00e9l\u00e9 que l\u2019accus\u00e9 a eu des contacts (intelligence) avec des\u00a0agents de pays \u00e9trangers de nature \u00e0 nuire \u00e0 la diplomatie alg\u00e9rienne,tenait deux compte sur un r\u00e9seau social titr\u00e9s \u00ab\u00a0El Hogra\u00a0\u00bb et \u00ab\u00a0Touati\u00a0Merzoug\u00a0\u00bb, partageait avec d\u2019autres personnes la gestion de la page\u00a0\u00ab\u00a0citoyennet\u00e9 isra\u00e9lienne\u00a0\u00bb et correspondait avec des personnes fuyant la\u00a0justice alg\u00e9rienne et incitant \u00e0 l\u2019atteinte de l\u2019unit\u00e9 nationale.<\/p>\n<p>Le repr\u00e9sentant du parquet a soulign\u00e9 dans son r\u00e9quisitoire que l\u2019accus\u00e9\u00a0\u00e9tait en contact avec\u00a0le nomm\u00e9 Hassan Kaiba porte-parole des affaires \u00e9trang\u00e8res isra\u00e9liennes\u00a0\u00a0pour les m\u00e9dias arabes et ancien colonel du Mossad isra\u00e9lien et a pr\u00e9sent\u00e9<\/p>\n<p>\u00e0 ce dernier des informations sur les biens de juifs dans la r\u00e9gion d\u2019oued\u00a0M\u2019zab au moment des \u00e9v\u00e8nements de Gharda\u00efa.<\/p>\n<p>L\u2019accus\u00e9 a \u00e9galement eu des discussions avec la m\u00eame personne \u00e0 propos de\u00a0la d\u00e9claration d\u2019un responsable alg\u00e9rien accusant des parties \u00e9trang\u00e8res\u00a0des \u00e9v\u00e8nements de Bejaia d\u00e9but 2016.<\/p>\n<p>L\u2019accus\u00e9 \u00e9tait \u00e9galement en rapport avec le nomm\u00e9 Yidine Cohen enseignant\u00a0dans une des universit\u00e9s isra\u00e9liennes d\u2019origine libanaise \u00e0 qui l\u2019accus\u00e9\u00a0avait demand\u00e9 de l\u2019aider \u00e0 \u00e9migrer vers Isra\u00ebl en plus de sa relation avec\u00a0Gabriel Kettaf membre du clerg\u00e9 chr\u00e9tien et avec Tajo Kodach, un syrien\u00a0kurde avec qui l\u2019accus\u00e9 g\u00e9rer la page \u00ab\u00a0citoyennet\u00e9 isra\u00e9lienne\u00a0\u00bb.<\/p>\n<p>La d\u00e9fense a soutenu que l\u2019accus\u00e9 \u00e9tait journaliste et avait le droit de\u00a0communiquer avec des \u00e9trangers et d\u2019exercer toute activit\u00e9 en rapport avec\u00a0sa profession et qu\u2019il n\u2019a pas incit\u00e9 \u00e0 l\u2019attroupement mais seulement\u00a0repris sur sa page des\u00a0 informations.<\/p>\n<p>L&rsquo;affaire a \u00e9t\u00e9 renvoy\u00e9e \u00e0 la cour de Skikda apr\u00e8s que la Cour supr\u00eame ait\u00a0accept\u00e9 l\u2019appel introduit par l\u2019accus\u00e9, condamn\u00e9 \u00e0 la prison par le\u00a0tribunal de Bejaia.<\/p>\n<p>Le tribunal criminel pr\u00e8s la cour de Bejaia a condamn\u00e9 en premi\u00e8re\u00a0instance l\u2019inculp\u00e9 \u00e0 10 ans puis 7 ans apr\u00e8s le proc\u00e8s en appel.<\/p>\n<p>\u00a0<\/p>\n<p>\u00a0<\/p>\n<p>\u00a0<\/p>\n<p>\u00a0<\/p>\n<p>\u00a0<\/p>\n<p>\u00a0<\/p>\n<\/div>\n<\/div>\n<p>Auteur:<br \/>\n<a href=\"http:\/\/www.aps.dz\/regions\/86442-skikda-2-ans-de-prison-ferme-et-3-autres-avec-sursis-pour-un-bloggeur-poursuivi-pour-intelligence-avec-une-puissance-etrangere\">Cliquez ici pour lire l&rsquo;article depuis sa source.<\/a><\/p>\n","protected":false},"excerpt":{"rendered":"<p>SKIKDA- Le tribunal criminel d\u2019appel pr\u00e8s la cour de Skikda a condamn\u00e9 \u00a0Merzoug Touati (31 ans) \u00e0 2 ans de prison ferme et 3 autres avec sursis pour les d\u00e9lits d\u2019incitation de la population \u00e0 porter les armes contre l&rsquo;autorit\u00e9 de l&rsquo;Etat, d\u2019incitation \u00e0 l\u2019attroupement sur les places publiques, et d\u2019intelligence avec une puissance \u00e9trang\u00e8re [&hellip;]<\/p>\n","protected":false},"author":1790,"featured_media":19598,"comment_status":"closed","ping_status":"closed","sticky":false,"template":"","format":"standard","meta":{"fifu_image_url":"","fifu_image_alt":"","footnotes":""},"categories":[53,76],"tags":[],"class_list":["post-19587","post","type-post","status-publish","format-standard","has-post-thumbnail","hentry","category-algerie","category-regions"],"_links":{"self":[{"href":"https:\/\/linitiative.ca\/International\/wp-json\/wp\/v2\/posts\/19587","targetHints":{"allow":["GET"]}}],"collection":[{"href":"https:\/\/linitiative.ca\/International\/wp-json\/wp\/v2\/posts"}],"about":[{"href":"https:\/\/linitiative.ca\/International\/wp-json\/wp\/v2\/types\/post"}],"author":[{"embeddable":true,"href":"https:\/\/linitiative.ca\/International\/wp-json\/wp\/v2\/users\/1790"}],"replies":[{"embeddable":true,"href":"https:\/\/linitiative.ca\/International\/wp-json\/wp\/v2\/comments?post=19587"}],"version-history":[{"count":0,"href":"https:\/\/linitiative.ca\/International\/wp-json\/wp\/v2\/posts\/19587\/revisions"}],"wp:featuredmedia":[{"embeddable":true,"href":"https:\/\/linitiative.ca\/International\/wp-json\/"}],"wp:attachment":[{"href":"https:\/\/linitiative.ca\/International\/wp-json\/wp\/v2\/media?parent=19587"}],"wp:term":[{"taxonomy":"category","embeddable":true,"href":"https:\/\/linitiative.ca\/International\/wp-json\/wp\/v2\/categories?post=19587"},{"taxonomy":"post_tag","embeddable":true,"href":"https:\/\/linitiative.ca\/International\/wp-json\/wp\/v2\/tags?post=19587"}],"curies":[{"name":"wp","href":"https:\/\/api.w.org\/{rel}","templated":true}]}}