{"id":19709,"date":"2019-03-04T18:00:00","date_gmt":"2019-03-04T23:00:00","guid":{"rendered":"https:\/\/linitiative.ca\/International\/rnd-la-voix-des-citoyens-a-ete-entendue\/"},"modified":"2019-03-04T18:00:00","modified_gmt":"2019-03-04T23:00:00","slug":"rnd-la-voix-des-citoyens-a-ete-entendue","status":"publish","type":"post","link":"https:\/\/linitiative.ca\/International\/rnd-la-voix-des-citoyens-a-ete-entendue\/","title":{"rendered":"RND : La voix des citoyens a \u00e9t\u00e9 entendue"},"content":{"rendered":"<p>Le parti du Rassemblement national d\u00e9mocratique (RND) a qualifi\u00e9, hier, le message du candidat \u00e0 la pr\u00e9sidentielle du 18 avril 2019, Abdelaziz Bouteflika, de \u00abconfirmation que la voix des citoyens a \u00e9t\u00e9 entendue\u00bb. Dans un communiqu\u00e9 publi\u00e9 sur sa page Facebook, le RND \u00abs&rsquo;est f\u00e9licit\u00e9 du contenu du message du moudjahid Abdelaziz Bouteflika \u00e0 l&rsquo;occasion du d\u00e9p\u00f4t de son dossier de candidature \u00e0 la prochaine pr\u00e9sidentielle\u00bb, estimant que c&rsquo;est l\u00e0 \u00abune confirmation que la voix des citoyens a \u00e9t\u00e9 entendue\u00bb.<br \/>Le RND a salu\u00e9, \u00e0 ce propos, le processus de \u00abr\u00e9formes r\u00e9v\u00e9l\u00e9es par le Pr\u00e9sident Bouteflika, le 10 f\u00e9vrier dernier lors de l&rsquo;annonce de sa candidature, et qu&rsquo;il a d\u00e9taill\u00e9es plus amplement dans son message \u00e0 la nation, dont la tenue d&rsquo;une conf\u00e9rence nationale de consensus, une profonde r\u00e9vision de la Constitution et l&rsquo;organisation, prochainement, d&rsquo;une \u00e9lection pr\u00e9sidentielle anticip\u00e9e, en couronnement de ce processus, sans la participation du moudjahid Abdelaziz Bouteflika\u00bb.<br \/>Estimant que les engagements du candidat Abdelaziz Bouteflika contenus dans sa lettre de candidature \u00abapportent des r\u00e9ponses satisfaisantes aux revendications des citoyens pour le changement\u00bb, le RND a souhait\u00e9 voir ce message contribuer \u00e0 l&rsquo;instauration de la qui\u00e9tude permettant \u00e0 notre pays de continuer \u00e0 avancer dans la s\u00e9r\u00e9nit\u00e9 et la stabilit\u00e9 vers le rendez-vous du 18 avril prochain\u00bb. Pour le RND cette \u00e9ch\u00e9ance \u00abest une halte importante pour aplanir la voie aux r\u00e9formes et au changement tout en pr\u00e9servant la stabilit\u00e9 du pays et sa p\u00e9rennit\u00e9\u00bb, conclut le communiqu\u00e9.<\/p>\n<p>Auteur: elmoudjahid<br \/>\n<a href=\"http:\/\/www.elmoudjahid.com\/fr\/actualites\/134436\">Cliquez ici pour lire l&rsquo;article depuis sa source.<\/a><\/p>\n","protected":false},"excerpt":{"rendered":"<p>Le parti du Rassemblement national d\u00e9mocratique (RND) a qualifi\u00e9, hier, le message du candidat \u00e0 la pr\u00e9sidentielle du 18 avril 2019, Abdelaziz Bouteflika, de \u00abconfirmation que la voix des citoyens a \u00e9t\u00e9 entendue\u00bb. Dans un communiqu\u00e9 publi\u00e9 sur sa page Facebook, le RND \u00abs&rsquo;est f\u00e9licit\u00e9 du contenu du message du moudjahid Abdelaziz Bouteflika \u00e0 l&rsquo;occasion [&hellip;]<\/p>\n","protected":false},"author":1744,"featured_media":0,"comment_status":"closed","ping_status":"closed","sticky":false,"template":"","format":"standard","meta":{"fifu_image_url":"","fifu_image_alt":"","footnotes":""},"categories":[73,53],"tags":[],"class_list":["post-19709","post","type-post","status-publish","format-standard","hentry","category-actualite","category-algerie"],"_links":{"self":[{"href":"https:\/\/linitiative.ca\/International\/wp-json\/wp\/v2\/posts\/19709","targetHints":{"allow":["GET"]}}],"collection":[{"href":"https:\/\/linitiative.ca\/International\/wp-json\/wp\/v2\/posts"}],"about":[{"href":"https:\/\/linitiative.ca\/International\/wp-json\/wp\/v2\/types\/post"}],"author":[{"embeddable":true,"href":"https:\/\/linitiative.ca\/International\/wp-json\/wp\/v2\/users\/1744"}],"replies":[{"embeddable":true,"href":"https:\/\/linitiative.ca\/International\/wp-json\/wp\/v2\/comments?post=19709"}],"version-history":[{"count":0,"href":"https:\/\/linitiative.ca\/International\/wp-json\/wp\/v2\/posts\/19709\/revisions"}],"wp:attachment":[{"href":"https:\/\/linitiative.ca\/International\/wp-json\/wp\/v2\/media?parent=19709"}],"wp:term":[{"taxonomy":"category","embeddable":true,"href":"https:\/\/linitiative.ca\/International\/wp-json\/wp\/v2\/categories?post=19709"},{"taxonomy":"post_tag","embeddable":true,"href":"https:\/\/linitiative.ca\/International\/wp-json\/wp\/v2\/tags?post=19709"}],"curies":[{"name":"wp","href":"https:\/\/api.w.org\/{rel}","templated":true}]}}