{"id":19817,"date":"2019-03-05T16:13:23","date_gmt":"2019-03-05T21:13:23","guid":{"rendered":"https:\/\/linitiative.ca\/International\/marche-des-capitaux-bmce-capital-sensibilise-les-pme\/"},"modified":"2019-03-05T16:13:23","modified_gmt":"2019-03-05T21:13:23","slug":"marche-des-capitaux-bmce-capital-sensibilise-les-pme","status":"publish","type":"post","link":"https:\/\/linitiative.ca\/International\/marche-des-capitaux-bmce-capital-sensibilise-les-pme\/","title":{"rendered":"March\u00e9 des capitaux\u00a0: BMCE Capital sensibilise les PME"},"content":{"rendered":"<p><strong>BMCE Capital<\/strong> sensibilise les PME aux avantages du march\u00e9 des capitaux. La filiale groupe BMCE Bank of Africa a en effet organis\u00e9 le 5 mars une rencontre sous le th\u00e8me \u00ab\u00a0March\u00e9 des capitaux\u00a0: Une r\u00e9elle opportunit\u00e9 de financement alternative pour les entreprises\u00a0\u00bb, qui a r\u00e9uni une kyrielle de chefs d\u2019entreprises et de professionnels du secteur financier.<\/p>\n<div class=\"c10\"\/>\n<p>\u00ab\u00a0BMCE Capital ouvre un nouveau cycle de conf\u00e9rences dont les th\u00e9matiques concerneront essentiellement le march\u00e9 des capitaux. A travers le march\u00e9 des capitaux, nous comptons am\u00e9liorer, malgr\u00e9 la morosit\u00e9 de la conjoncture, les opportunit\u00e9s. Les conditions sont plut\u00f4t favorables aux entreprises pour renouer avec le march\u00e9 des capitaux et en faire une source de financement alternative\u00a0\u00bb, a soulign\u00e9 Khalid Nasr, Pr\u00e9sident du directoire de BMCE Capital. Il a \u00e9galement profit\u00e9 de l\u2019occasion pour d\u00e9cliner les ambitions de la banque d\u2019affaires du groupe <strong>BMCE Bank of Africa<\/strong>.<\/p>\n<p>\u00ab\u00a0BMCE Capital se veut aujourd\u2019hui r\u00e9solument \u00e0 vocation panafricaine via sa pr\u00e9sence au Maroc, mais aussi en Tunisie et en Afrique subsaharienne, notamment dans la zone <strong>UEMOA<\/strong>, offrant ses expertises \u00e0 toutes les PME marocaines\u00a0\u00bb, a-t-il pr\u00e9cis\u00e9. Notons que c\u2019est Pascal Quiry, professeur \u00e0 HEC Paris, ancien banquier d\u2019affaires et co-auteur de l\u2019ouvrage Finance d\u2019Entreprise de Vernimmen, qui a anim\u00e9 la conf\u00e9rence. Pour lui, les <strong>PME<\/strong> doivent n\u00e9cessairement saisir les opportunit\u00e9s offertes par le march\u00e9 des capitaux puisque leur survie en d\u00e9pend, d\u2019une certaine mani\u00e8re.<\/p>\n<p>\u00ab\u00a0Le financement bancaire \u00e0 lui seul ne peut favoriser le d\u00e9veloppement \u00e0 terme d\u2019une entreprise. En plus avec les contraintes prudentielles des banques, notamment en raison de <strong>B\u00e2le III<\/strong>, les \u00e9tablissements bancaires seront de moins enclins \u00e0 vouloir financement le d\u00e9veloppement de l\u2019entreprise sur le long terme\u00a0\u00bb, a-t-il expliqu\u00e9.<\/p>\n<p>Pascal Quiry a aussi fait remarquer que depuis la crise financi\u00e8re de 2008, les entreprises ont compris la n\u00e9cessit\u00e9 de diversifier leurs sources de financement. Il a notamment pr\u00e9sent\u00e9 les diff\u00e9rents moyens qui existent pour se financer sur les march\u00e9s des capitaux et leurs avantages aussi. Mais encore plus important, l\u2019ancien banquier d\u2019affaires est revenu sur les diff\u00e9rentes \u00e9tapes qui pr\u00e9c\u00e8dent une introduction en bourse, surtout pour des structures comme les PME, qui sont souvent des entit\u00e9s familiales qui parfois n\u2019observent pas les r\u00e8gles rigoureuses d\u2019une bonne gestion. Dans ce sens, il a invit\u00e9 les PME \u00e0 tourner le dos \u00e0 l\u2019opacit\u00e9, et embrasser la transparence dans la gestion des affaires. Selon lui, le passage d\u2019une entreprise familiale \u00e0 une soci\u00e9t\u00e9 familiale cot\u00e9e peut se faire en plusieurs \u00e9tapes progressives (entr\u00e9e d\u2019un ou de plusieurs <strong>fonds d\u2019investissement<\/strong> en minoritaires dans le capital, et qui pourront sortir au moment de l\u2019introduction en bourse, permettant ainsi \u00e0 l\u2019entreprise de se structurer et d\u2019apprendre).<\/p>\n<p>\u00ab\u00a0La c\u00e9l\u00e8bre maxime, vivons heureux, vivons cach\u00e9s n\u2019est plus adapt\u00e9e \u00e0 notre si\u00e8cle. Cette maxime \u00e9tait vraie au 19<sup>\u00e8me<\/sup> si\u00e8cle, mais plus aujourd\u2019hui\u00a0\u00bb, a-t-il d\u2019ailleurs ironis\u00e9, ajoutant que la transparence permet, entre autres, \u00e0 l\u2019entreprise de r\u00e9duire le co\u00fbt des fonds. Pascal Quiry a aussi expos\u00e9 les nouvelles formes d\u2019<strong>endettement<\/strong> sur le march\u00e9 pour les PME, invitant ces derni\u00e8res \u00e0 mieux scruter en attendant un plus grand int\u00e9r\u00eat des investisseurs pour les billets de tr\u00e9sorerie. Selon Khalid Nasr, plusieurs autres rencontres devraient se tenir sur la th\u00e9matique du march\u00e9 des capitaux dans le cadre de ce nouveau cycle de conf\u00e9rences.<\/p>\n<div class=\"c17\">\n<fieldset class=\"c16\">\n<legend><strong><span class=\"c11\">Challenge<\/span><span class=\"c12\">news<\/span><\/strong><\/legend>\n<div class=\"c15\">Le meilleur de la r\u00e9daction s\u00e9lectionn\u00e9 par Challenge :<\/p>\n<\/div>\n<\/fieldset>\n<\/div>\n<p>Auteur: Roland Amoussou<br \/>\n<a href=\"https:\/\/www.challenge.ma\/marche-des-capitaux-bmce-capital-sensibilise-les-pme-105714\/\">Cliquez ici pour lire l&rsquo;article depuis sa source.<\/a><\/p>\n","protected":false},"excerpt":{"rendered":"<p>BMCE Capital sensibilise les PME aux avantages du march\u00e9 des capitaux. La filiale groupe BMCE Bank of Africa a en effet organis\u00e9 le 5 mars une rencontre sous le th\u00e8me \u00ab\u00a0March\u00e9 des capitaux\u00a0: Une r\u00e9elle opportunit\u00e9 de financement alternative pour les entreprises\u00a0\u00bb, qui a r\u00e9uni une kyrielle de chefs d\u2019entreprises et de professionnels du secteur [&hellip;]<\/p>\n","protected":false},"author":1787,"featured_media":0,"comment_status":"closed","ping_status":"closed","sticky":false,"template":"","format":"standard","meta":{"fifu_image_url":"","fifu_image_alt":"","footnotes":""},"categories":[78,54],"tags":[],"class_list":["post-19817","post","type-post","status-publish","format-standard","hentry","category-economie","category-maroc"],"_links":{"self":[{"href":"https:\/\/linitiative.ca\/International\/wp-json\/wp\/v2\/posts\/19817","targetHints":{"allow":["GET"]}}],"collection":[{"href":"https:\/\/linitiative.ca\/International\/wp-json\/wp\/v2\/posts"}],"about":[{"href":"https:\/\/linitiative.ca\/International\/wp-json\/wp\/v2\/types\/post"}],"author":[{"embeddable":true,"href":"https:\/\/linitiative.ca\/International\/wp-json\/wp\/v2\/users\/1787"}],"replies":[{"embeddable":true,"href":"https:\/\/linitiative.ca\/International\/wp-json\/wp\/v2\/comments?post=19817"}],"version-history":[{"count":0,"href":"https:\/\/linitiative.ca\/International\/wp-json\/wp\/v2\/posts\/19817\/revisions"}],"wp:attachment":[{"href":"https:\/\/linitiative.ca\/International\/wp-json\/wp\/v2\/media?parent=19817"}],"wp:term":[{"taxonomy":"category","embeddable":true,"href":"https:\/\/linitiative.ca\/International\/wp-json\/wp\/v2\/categories?post=19817"},{"taxonomy":"post_tag","embeddable":true,"href":"https:\/\/linitiative.ca\/International\/wp-json\/wp\/v2\/tags?post=19817"}],"curies":[{"name":"wp","href":"https:\/\/api.w.org\/{rel}","templated":true}]}}