{"id":19834,"date":"2019-03-05T17:02:08","date_gmt":"2019-03-05T22:02:08","guid":{"rendered":"https:\/\/linitiative.ca\/International\/tunisie-gabes-un-bebe-de-deux-ans-et-demi-meurt-dans-un-incendie\/"},"modified":"2019-03-05T17:02:08","modified_gmt":"2019-03-05T22:02:08","slug":"tunisie-gabes-un-bebe-de-deux-ans-et-demi-meurt-dans-un-incendie","status":"publish","type":"post","link":"https:\/\/linitiative.ca\/International\/tunisie-gabes-un-bebe-de-deux-ans-et-demi-meurt-dans-un-incendie\/","title":{"rendered":"Tunisie \u2013 Gabes\u00a0: Un b\u00e9b\u00e9 de deux ans et demi meurt dans un incendie"},"content":{"rendered":"<div class=\"post-cont-in left relative\">\n<div class=\"nc_socialPanel swp_flatFresh swp_d_fullColor swp_i_fullColor swp_o_fullColor scale-100 scale-fullWidth\" data-position=\"none\" data-float=\"floatNone\" data-count=\"5\" data-floatcolor=\"#ffffff\" data-emphasize=\"0\">\n<div class=\"nc_tweetContainer totes totesalt\" data-id=\"6\"><span class=\"swp_count\"><span class=\"swp_label\">Partages<\/span> 0<\/span><\/div>\n<\/div>\n<p>Un incendie s\u2019est d\u00e9clar\u00e9 ce mardi soir, dans une maison situ\u00e9e dans la localit\u00e9 de Ouedhref, relevant de la r\u00e9gion de Gabes.<\/p>\n<p>Le feu a compl\u00e8tement consum\u00e9 une chambre dans laquelle se trouvait un b\u00e9b\u00e9 de deux ans et demi, qui a \u00e9t\u00e9 pi\u00e9g\u00e9 par les flammes et n\u2019a pas pu s\u2019en sortir.<\/p>\n<div class=\"code-block code-block-1 c3\"><ins class=\"adsbygoogle c2\" data-ad-layout=\"in-article\" data-ad-format=\"fluid\" data-ad-client=\"ca-pub-2102118777505746\" data-ad-slot=\"7301775417\"\/> <\/div>\n<p>Les agents de la protection civile qui ont ma\u00eetris\u00e9 le sinistre ont remis la d\u00e9pouille carbonis\u00e9e du b\u00e9b\u00e9 aux forces de l\u2019ordre qui ont \u00e9t\u00e9 charg\u00e9es de l\u2019affaire. Sachant que les causes du sinistre demeurent, pour le moment inconnues.<\/p>\n<div class=\"mvp-org-wrap mvp-org-logo\" itemprop=\"publisher\" itemscope=\"\" itemtype=\"https:\/\/schema.org\/Organization\"><img decoding=\"async\" src=\"https:\/\/www.tunisienumerique.com\/wp-content\/uploads\/2017\/02\/logo_tunisie_numerique.png\"\/><\/div>\n<div class=\"nc_socialPanel swp_flatFresh swp_d_fullColor swp_i_fullColor swp_o_fullColor scale-100 scale-fullWidth\" data-position=\"none\" data-float=\"floatNone\" data-count=\"5\" data-floatcolor=\"#ffffff\" data-emphasize=\"0\">\n<div class=\"nc_tweetContainer totes totesalt\" data-id=\"6\"><span class=\"swp_count\"><span class=\"swp_label\">Partages<\/span> 0<\/span><\/div>\n<\/div>\n<div class=\"mvp-related-posts left relative\">\n<h4 class=\"post-header\"><span class=\"post-header\">Lire aussi<\/span><\/h4>\n<\/div>\n<\/div>\n<p>Auteur: LM<br \/>\n<a href=\"https:\/\/www.tunisienumerique.com\/tunisie-gabes-un-bebe-de-deux-ans-et-demi-meurt-dans-un-incendie\/\">Cliquez ici pour lire l&rsquo;article depuis sa source.<\/a><\/p>\n","protected":false},"excerpt":{"rendered":"<p>Partages 0 Un incendie s\u2019est d\u00e9clar\u00e9 ce mardi soir, dans une maison situ\u00e9e dans la localit\u00e9 de Ouedhref, relevant de la r\u00e9gion de Gabes. Le feu a compl\u00e8tement consum\u00e9 une chambre dans laquelle se trouvait un b\u00e9b\u00e9 de deux ans et demi, qui a \u00e9t\u00e9 pi\u00e9g\u00e9 par les flammes et n\u2019a pas pu s\u2019en sortir. [&hellip;]<\/p>\n","protected":false},"author":1789,"featured_media":19835,"comment_status":"closed","ping_status":"closed","sticky":false,"template":"","format":"standard","meta":{"fifu_image_url":"","fifu_image_alt":"","footnotes":""},"categories":[73,55],"tags":[],"class_list":["post-19834","post","type-post","status-publish","format-standard","has-post-thumbnail","hentry","category-actualite","category-tunisie"],"_links":{"self":[{"href":"https:\/\/linitiative.ca\/International\/wp-json\/wp\/v2\/posts\/19834","targetHints":{"allow":["GET"]}}],"collection":[{"href":"https:\/\/linitiative.ca\/International\/wp-json\/wp\/v2\/posts"}],"about":[{"href":"https:\/\/linitiative.ca\/International\/wp-json\/wp\/v2\/types\/post"}],"author":[{"embeddable":true,"href":"https:\/\/linitiative.ca\/International\/wp-json\/wp\/v2\/users\/1789"}],"replies":[{"embeddable":true,"href":"https:\/\/linitiative.ca\/International\/wp-json\/wp\/v2\/comments?post=19834"}],"version-history":[{"count":0,"href":"https:\/\/linitiative.ca\/International\/wp-json\/wp\/v2\/posts\/19834\/revisions"}],"wp:featuredmedia":[{"embeddable":true,"href":"https:\/\/linitiative.ca\/International\/wp-json\/"}],"wp:attachment":[{"href":"https:\/\/linitiative.ca\/International\/wp-json\/wp\/v2\/media?parent=19834"}],"wp:term":[{"taxonomy":"category","embeddable":true,"href":"https:\/\/linitiative.ca\/International\/wp-json\/wp\/v2\/categories?post=19834"},{"taxonomy":"post_tag","embeddable":true,"href":"https:\/\/linitiative.ca\/International\/wp-json\/wp\/v2\/tags?post=19834"}],"curies":[{"name":"wp","href":"https:\/\/api.w.org\/{rel}","templated":true}]}}