{"id":19836,"date":"2019-03-05T17:07:47","date_gmt":"2019-03-05T22:07:47","guid":{"rendered":"https:\/\/linitiative.ca\/International\/tunisie-kasserine-decouverte-du-cadavre-brule-dun-jeune-homme-devant-la-maison-des-jeunes-a-laayoun\/"},"modified":"2019-03-05T17:07:47","modified_gmt":"2019-03-05T22:07:47","slug":"tunisie-kasserine-decouverte-du-cadavre-brule-dun-jeune-homme-devant-la-maison-des-jeunes-a-laayoun","status":"publish","type":"post","link":"https:\/\/linitiative.ca\/International\/tunisie-kasserine-decouverte-du-cadavre-brule-dun-jeune-homme-devant-la-maison-des-jeunes-a-laayoun\/","title":{"rendered":"Tunisie \u2013 Kasserine\u00a0: D\u00e9couverte du cadavre br\u00fbl\u00e9 d\u2019un jeune homme devant la maison des jeunes \u00e0 L\u00e2ayoun"},"content":{"rendered":"<div class=\"post-cont-in left relative\">\n<div class=\"nc_socialPanel swp_flatFresh swp_d_fullColor swp_i_fullColor swp_o_fullColor scale-100 scale-fullWidth\" data-position=\"none\" data-float=\"floatNone\" data-count=\"5\" data-floatcolor=\"#ffffff\" data-emphasize=\"0\">\n<div class=\"nc_tweetContainer totes totesalt\" data-id=\"6\"><span class=\"swp_count\"><span class=\"swp_label\">Partages<\/span> 0<\/span><\/div>\n<\/div>\n<p>Des riverains ont d\u00e9couvert, ce mardi soir, le cadavre d\u2019un jeune homme gisant devant la maison de jeunes de La\u00e2youn. Le cadavre portait de graves l\u00e9sions de br\u00fblure, attestant qu\u2019il se serait, probablement, auto immol\u00e9 par le feu.<\/p>\n<p>La d\u00e9pouille a \u00e9t\u00e9 transf\u00e9r\u00e9e \u00e0 l\u2019h\u00f4pital r\u00e9gional pour l\u2019autopsie et pour identification du corps.<\/p>\n<div class=\"code-block code-block-1 c3\"><ins class=\"adsbygoogle c2\" data-ad-layout=\"in-article\" data-ad-format=\"fluid\" data-ad-client=\"ca-pub-2102118777505746\" data-ad-slot=\"7301775417\"\/> <\/div>\n<div class=\"mvp-org-wrap mvp-org-logo\" itemprop=\"publisher\" itemscope=\"\" itemtype=\"https:\/\/schema.org\/Organization\"><img decoding=\"async\" src=\"https:\/\/www.tunisienumerique.com\/wp-content\/uploads\/2017\/02\/logo_tunisie_numerique.png\"\/><\/div>\n<div class=\"nc_socialPanel swp_flatFresh swp_d_fullColor swp_i_fullColor swp_o_fullColor scale-100 scale-fullWidth\" data-position=\"none\" data-float=\"floatNone\" data-count=\"5\" data-floatcolor=\"#ffffff\" data-emphasize=\"0\">\n<div class=\"nc_tweetContainer totes totesalt\" data-id=\"6\"><span class=\"swp_count\"><span class=\"swp_label\">Partages<\/span> 0<\/span><\/div>\n<\/div>\n<div class=\"mvp-related-posts left relative\">\n<h4 class=\"post-header\"><span class=\"post-header\">Lire aussi<\/span><\/h4>\n<\/div>\n<\/div>\n<p>Auteur: LM<br \/>\n<a href=\"https:\/\/www.tunisienumerique.com\/tunisie-kasserine-decouverte-du-cadavre-brule-dun-jeune-homme-devant-la-maison-des-jeunes-a-laayoun\/\">Cliquez ici pour lire l&rsquo;article depuis sa source.<\/a><\/p>\n","protected":false},"excerpt":{"rendered":"<p>Partages 0 Des riverains ont d\u00e9couvert, ce mardi soir, le cadavre d\u2019un jeune homme gisant devant la maison de jeunes de La\u00e2youn. Le cadavre portait de graves l\u00e9sions de br\u00fblure, attestant qu\u2019il se serait, probablement, auto immol\u00e9 par le feu. La d\u00e9pouille a \u00e9t\u00e9 transf\u00e9r\u00e9e \u00e0 l\u2019h\u00f4pital r\u00e9gional pour l\u2019autopsie et pour identification du corps. [&hellip;]<\/p>\n","protected":false},"author":1789,"featured_media":19837,"comment_status":"closed","ping_status":"closed","sticky":false,"template":"","format":"standard","meta":{"fifu_image_url":"","fifu_image_alt":"","footnotes":""},"categories":[73,55],"tags":[],"class_list":["post-19836","post","type-post","status-publish","format-standard","has-post-thumbnail","hentry","category-actualite","category-tunisie"],"_links":{"self":[{"href":"https:\/\/linitiative.ca\/International\/wp-json\/wp\/v2\/posts\/19836","targetHints":{"allow":["GET"]}}],"collection":[{"href":"https:\/\/linitiative.ca\/International\/wp-json\/wp\/v2\/posts"}],"about":[{"href":"https:\/\/linitiative.ca\/International\/wp-json\/wp\/v2\/types\/post"}],"author":[{"embeddable":true,"href":"https:\/\/linitiative.ca\/International\/wp-json\/wp\/v2\/users\/1789"}],"replies":[{"embeddable":true,"href":"https:\/\/linitiative.ca\/International\/wp-json\/wp\/v2\/comments?post=19836"}],"version-history":[{"count":0,"href":"https:\/\/linitiative.ca\/International\/wp-json\/wp\/v2\/posts\/19836\/revisions"}],"wp:featuredmedia":[{"embeddable":true,"href":"https:\/\/linitiative.ca\/International\/wp-json\/"}],"wp:attachment":[{"href":"https:\/\/linitiative.ca\/International\/wp-json\/wp\/v2\/media?parent=19836"}],"wp:term":[{"taxonomy":"category","embeddable":true,"href":"https:\/\/linitiative.ca\/International\/wp-json\/wp\/v2\/categories?post=19836"},{"taxonomy":"post_tag","embeddable":true,"href":"https:\/\/linitiative.ca\/International\/wp-json\/wp\/v2\/tags?post=19836"}],"curies":[{"name":"wp","href":"https:\/\/api.w.org\/{rel}","templated":true}]}}