{"id":19850,"date":"2019-03-05T16:50:02","date_gmt":"2019-03-05T21:50:02","guid":{"rendered":"https:\/\/linitiative.ca\/International\/attaque-terroriste-a-la-prison-de-conde-sur-sarthe-ce-que-lon-sait\/"},"modified":"2019-03-05T16:50:02","modified_gmt":"2019-03-05T21:50:02","slug":"attaque-terroriste-a-la-prison-de-conde-sur-sarthe-ce-que-lon-sait","status":"publish","type":"post","link":"https:\/\/linitiative.ca\/International\/attaque-terroriste-a-la-prison-de-conde-sur-sarthe-ce-que-lon-sait\/","title":{"rendered":"\u00ab\u00a0Attaque terroriste\u00a0\u00bb \u00e0 la prison de Cond\u00e9-sur-Sarthe: ce que l\u2019on sait"},"content":{"rendered":"<div readability=\"32\">\n<p>Publi\u00e9 le 05.03.2019 \u00e0 22h50 par AFP<\/p>\n<\/div>\n<div readability=\"146\">\n<p>Un d\u00e9tenu radicalis\u00e9 a poignard\u00e9 deux surveillants mardi matin \u00e0 la prison ultras\u00e9curis\u00e9e de Cond\u00e9-sur-Sarthe (Orne), une attaque qualifi\u00e9e de \u00ab\u00a0terroriste\u00a0\u00bb par la ministre de la Justice Nicole Belloubet. Voici ce que l\u2019on sait sur cette agression.<\/p>\n<p>\u2013 Les faits \u2013<\/p>\n<p>Vers 09H45, le d\u00e9tenu Micha\u00ebl Chiolo a attaqu\u00e9 deux surveillants avec un couteau en c\u00e9ramique.<\/p>\n<p>Selon le procureur de Paris R\u00e9my Heitz, le d\u00e9tenu a cri\u00e9 \u00ab\u00a0Allah Akbar\u00a0\u00bb en se jetant sur les surveillants lors de l\u2019agression et a dit \u00ab\u00a0vouloir venger\u00a0\u00bb Ch\u00e9rif Chekatt, l\u2019auteur de l\u2019attentat du march\u00e9 de No\u00ebl de Strasbourg le 12 d\u00e9cembre 2018.<\/p>\n<p>\u00ab\u00a0Le caract\u00e8re terroriste de cette attaque ne fait aucun doute\u00a0\u00bb, a estim\u00e9 la ministre de la Justice Nicole Belloubet. La section antiterroriste du parquet de Paris s\u2019est aussit\u00f4t saisie de l\u2019enqu\u00eate.<\/p>\n<p>Le d\u00e9tenu s\u2019est ensuite retranch\u00e9 avec sa compagne au sein de l\u2019unit\u00e9 de vie familiale de la prison. Pr\u00e8s de dix heures apr\u00e8s, peu avant 19H00, les forces de l\u2019unit\u00e9 du Raid ont donn\u00e9 l\u2019assaut. Le d\u00e9tenu a \u00e9t\u00e9 bless\u00e9 \u00ab\u00a0sans gravit\u00e9\u00a0\u00bb et hospitalis\u00e9 tandis que sa compagne est \u00ab\u00a0d\u00e9c\u00e9d\u00e9e des suites de ses blessures\u00a0\u00bb, a annonc\u00e9 M. Heitz lors d\u2019un point-presse sur place.<\/p>\n<p>Pour Nicole Belloubet, le couteau en c\u00e9ramique, non rep\u00e9rable par le d\u00e9tecteur de m\u00e9taux, aurait pu avoir \u00e9t\u00e9 apport\u00e9 par la compagne du d\u00e9tenu.<\/p>\n<p>La ministre, qui s\u2019est \u00e9galement rendue sur place, a annonc\u00e9 dans la soir\u00e9e avoir diligent\u00e9 une mission de l\u2019Inspection g\u00e9n\u00e9rale de la justice qui devra d\u00e9terminer comment le couteau \u00e9t\u00e9 introduit dans la prison et pourquoi il n\u2019a pas \u00e9t\u00e9 \u00ab\u00a0rep\u00e9r\u00e9\u00a0\u00bb. Son rapport devra \u00eatre remis \u00ab\u00a0dans un mois pr\u00e9cis\u00e9ment\u00a0\u00bb, a indiqu\u00e9 la ministre.<\/p>\n<p>\u2013 Comment vont les surveillants agress\u00e9s ? \u2013<\/p>\n<p>La vie des deux surveillants, \u00e2g\u00e9s d\u2019une trentaine d\u2019ann\u00e9es, n\u2019est \u00ab\u00a0pas en danger\u00a0\u00bb, selon Nicole Belloubet. Le plus gri\u00e8vement bless\u00e9, \u00ab\u00a0\u00e9ventr\u00e9\u00a0\u00bb selon le d\u00e9l\u00e9gu\u00e9 FO, a subi une intervention chirurgicale. L\u2019autre surveillant a \u00e9t\u00e9 touch\u00e9 \u00e0 la m\u00e2choire, au visage et dans le dos, selon cette source.<\/p>\n<p>Mme Belloubet qui a rencontr\u00e9 l\u2019un d\u2019eux \u00e0 l\u2019h\u00f4pital a indiqu\u00e9 qu\u2019il \u00e9tait \u00ab\u00a0extr\u00eamement choqu\u00e9\u00a0\u00bb.<\/p>\n<p><ins data-revive-zoneid=\"9\" data-revive-id=\"10111e19d28d19d031742ee3b0b33eb0\"\/> <\/p>\n<p>\u2013 Qui est Micha\u00ebl Chiolo? \u2013<\/p>\n<p>Cet homme de 27 ans, converti \u00e0 l\u2019islam en 2010, est un d\u00e9tenu de droit commun qui purge une peine de 30 ans de r\u00e9clusion. Il avait \u00e9t\u00e9 condamn\u00e9 en d\u00e9cembre 2015 pour avoir \u00e9touff\u00e9 un homme de 89 ans, apr\u00e8s l\u2019avoir s\u00e9questr\u00e9 et \u00ab\u00a0momifi\u00e9\u00a0\u00bb \u00e0 son domicile pr\u00e8s de Metz en 2012.<\/p>\n<p>Il a aussi \u00e9t\u00e9 condamn\u00e9 \u00e0 un an de prison pour apologie de terrorisme au cours de sa d\u00e9tention \u00e0 Mulhouse, pour avoir demand\u00e9 le 14 novembre 2015 \u00e0 ses cod\u00e9tenus de \u00ab\u00a0rejouer\u00a0\u00bb l\u2019attaque du Bataclan.<\/p>\n<p>Micha\u00ebl Chiolo, qui est suivi par le renseignement p\u00e9nitentiaire, est inscrit au fichier pour la pr\u00e9vention et la radicalisation \u00e0 caract\u00e8re terroriste (FSPRT), a indiqu\u00e9 la ministre de la Justice. Selon une source polici\u00e8re, il s\u2019est \u00ab\u00a0radicalis\u00e9 en prison\u00a0\u00bb.<\/p>\n<p>Il n\u2019est \u00ab\u00a0pas simple \u00e0 g\u00e9rer, donc il fait l\u2019objet d\u2019un suivi extr\u00eamement attentif\u00a0\u00bb, a indiqu\u00e9 Nicole Belloubet. Il n\u2019\u00e9tait pas \u00e0 l\u2019isolement et ne se trouvait pas dans le quartier pour radicalis\u00e9s (QPR) ouvert dans cette prison en septembre.<\/p>\n<p>Me Pauline Brion, qui l\u2019avait d\u00e9fendu lors de son proc\u00e8s en 2015, se souvient d\u2019un gar\u00e7on \u00ab\u00a0intelligent, tr\u00e8s cultiv\u00e9\u00a0\u00bb, sans formation ni profession, \u00ab\u00a0devenu un peu vagabond\u00a0\u00bb. Il avait selon elle rencontr\u00e9 sa compagne en prison: \u00ab\u00a0Il avait \u00e9crit \u00e0 quelqu\u2019un apr\u00e8s sa conversion pour qu\u2019on lui trouve une \u00e9pouse\u00a0\u00bb.<\/p>\n<p>\u2013 Les principaux pr\u00e9c\u00e9dents \u2013<\/p>\n<p>En septembre 2016, un d\u00e9tenu marocain, Bilal Taghi, a tent\u00e9 de tuer \u00e0 l\u2019arme blanche deux surveillants de la prison d\u2019Osny (Val-d\u2019Oise). Le d\u00e9tenu avait expliqu\u00e9 qu&rsquo;\u00a0\u00bbil voulait passer \u00e0 l\u2019acte imm\u00e9diatement au nom de Daech\u00a0\u00bb, acronyme du groupe Etat islamique. Pour l\u2019administration p\u00e9nitentiaire, il s\u2019agissait du \u00ab\u00a0premier attentat jihadiste foment\u00e9 en prison\u00a0\u00bb.<\/p>\n<p>En janvier 2018, l\u2019organisateur de l\u2019attentat contre la synagogue de Djerba en 2002, l\u2019islamiste allemand Christian Ganczarski, avait bless\u00e9 \u00e0 l\u2019arme blanche trois surveillants \u00e0 Vendin-le-Vieil. Cette agression avait donn\u00e9 le coup d\u2019envoi d\u2019un vaste mouvement de protestation des agents p\u00e9nitentiaires.<\/p>\n<p>burs-ctx-jt\/mig\/cam<\/p>\n<\/div>\n<p>Auteur: AFP<br \/>\n<a href=\"https:\/\/www.journalducameroun.com\/attaque-terroriste-a-la-prison-de-conde-sur-sarthe-ce-que-lon-sait\/\">Cliquez ici pour lire l&rsquo;article depuis sa source.<\/a><\/p>\n","protected":false},"excerpt":{"rendered":"<p>Publi\u00e9 le 05.03.2019 \u00e0 22h50 par AFP Un d\u00e9tenu radicalis\u00e9 a poignard\u00e9 deux surveillants mardi matin \u00e0 la prison ultras\u00e9curis\u00e9e de Cond\u00e9-sur-Sarthe (Orne), une attaque qualifi\u00e9e de \u00ab\u00a0terroriste\u00a0\u00bb par la ministre de la Justice Nicole Belloubet. Voici ce que l\u2019on sait sur cette agression. \u2013 Les faits \u2013 Vers 09H45, le d\u00e9tenu Micha\u00ebl Chiolo a [&hellip;]<\/p>\n","protected":false},"author":1965,"featured_media":0,"comment_status":"closed","ping_status":"closed","sticky":false,"template":"","format":"standard","meta":{"fifu_image_url":"","fifu_image_alt":"","footnotes":""},"categories":[73,82],"tags":[],"class_list":["post-19850","post","type-post","status-publish","format-standard","hentry","category-actualite","category-cameroun"],"_links":{"self":[{"href":"https:\/\/linitiative.ca\/International\/wp-json\/wp\/v2\/posts\/19850","targetHints":{"allow":["GET"]}}],"collection":[{"href":"https:\/\/linitiative.ca\/International\/wp-json\/wp\/v2\/posts"}],"about":[{"href":"https:\/\/linitiative.ca\/International\/wp-json\/wp\/v2\/types\/post"}],"author":[{"embeddable":true,"href":"https:\/\/linitiative.ca\/International\/wp-json\/wp\/v2\/users\/1965"}],"replies":[{"embeddable":true,"href":"https:\/\/linitiative.ca\/International\/wp-json\/wp\/v2\/comments?post=19850"}],"version-history":[{"count":0,"href":"https:\/\/linitiative.ca\/International\/wp-json\/wp\/v2\/posts\/19850\/revisions"}],"wp:attachment":[{"href":"https:\/\/linitiative.ca\/International\/wp-json\/wp\/v2\/media?parent=19850"}],"wp:term":[{"taxonomy":"category","embeddable":true,"href":"https:\/\/linitiative.ca\/International\/wp-json\/wp\/v2\/categories?post=19850"},{"taxonomy":"post_tag","embeddable":true,"href":"https:\/\/linitiative.ca\/International\/wp-json\/wp\/v2\/tags?post=19850"}],"curies":[{"name":"wp","href":"https:\/\/api.w.org\/{rel}","templated":true}]}}