{"id":19935,"date":"2019-03-06T07:25:38","date_gmt":"2019-03-06T12:25:38","guid":{"rendered":"https:\/\/linitiative.ca\/International\/bouira-braquage-dun-bureau-de-poste-a-said-abid\/"},"modified":"2019-03-06T07:25:38","modified_gmt":"2019-03-06T12:25:38","slug":"bouira-braquage-dun-bureau-de-poste-a-said-abid","status":"publish","type":"post","link":"https:\/\/linitiative.ca\/International\/bouira-braquage-dun-bureau-de-poste-a-said-abid\/","title":{"rendered":"Bouira: braquage d&rsquo;un bureau de poste \u00e0 Sa\u00efd Abid"},"content":{"rendered":"<div>\n<div class=\"K2FeedIntroText\">\n<p>BOUIRA &#8211; Un groupe d&rsquo;individus arm\u00e9s ont cambriol\u00e9 mardi apr\u00e8s midi le bureau de poste de Sa\u00efd Abid, \u00e0 quelques kilom\u00e8tres \u00e0 l&rsquo;ouest du chef lieu de la wilaya de Bouira, selon des sources s\u00e9curitaires.<\/p>\n<\/div>\n<div class=\"K2FeedFullText\">\n<p>Le groupe arm\u00e9 a pu s\u2019emparer d&rsquo;une somme de plus de 800 000 dinars alg\u00e9riens, ont pr\u00e9cis\u00e9 les m\u00eames sources.<\/p>\n<p>Aussit\u00f4t alert\u00e9s par les citoyens et les responsables du bureau de poste vol\u00e9, les services de la gendarmerie nationale ont enclench\u00e9 une enqu\u00eate pour \u00e9lucider les circonstances exactes de ce braquage.<\/p>\n<\/div>\n<\/div>\n<p>Auteur:<br \/>\n<a href=\"http:\/\/www.aps.dz\/regions\/86497-bouira-braquage-d-un-bureau-de-poste-a-said-abid\">Cliquez ici pour lire l&rsquo;article depuis sa source.<\/a><\/p>\n","protected":false},"excerpt":{"rendered":"<p>BOUIRA &#8211; Un groupe d&rsquo;individus arm\u00e9s ont cambriol\u00e9 mardi apr\u00e8s midi le bureau de poste de Sa\u00efd Abid, \u00e0 quelques kilom\u00e8tres \u00e0 l&rsquo;ouest du chef lieu de la wilaya de Bouira, selon des sources s\u00e9curitaires. Le groupe arm\u00e9 a pu s\u2019emparer d&rsquo;une somme de plus de 800 000 dinars alg\u00e9riens, ont pr\u00e9cis\u00e9 les m\u00eames sources. [&hellip;]<\/p>\n","protected":false},"author":1790,"featured_media":0,"comment_status":"closed","ping_status":"closed","sticky":false,"template":"","format":"standard","meta":{"fifu_image_url":"","fifu_image_alt":"","footnotes":""},"categories":[53,76],"tags":[],"class_list":["post-19935","post","type-post","status-publish","format-standard","hentry","category-algerie","category-regions"],"_links":{"self":[{"href":"https:\/\/linitiative.ca\/International\/wp-json\/wp\/v2\/posts\/19935","targetHints":{"allow":["GET"]}}],"collection":[{"href":"https:\/\/linitiative.ca\/International\/wp-json\/wp\/v2\/posts"}],"about":[{"href":"https:\/\/linitiative.ca\/International\/wp-json\/wp\/v2\/types\/post"}],"author":[{"embeddable":true,"href":"https:\/\/linitiative.ca\/International\/wp-json\/wp\/v2\/users\/1790"}],"replies":[{"embeddable":true,"href":"https:\/\/linitiative.ca\/International\/wp-json\/wp\/v2\/comments?post=19935"}],"version-history":[{"count":0,"href":"https:\/\/linitiative.ca\/International\/wp-json\/wp\/v2\/posts\/19935\/revisions"}],"wp:attachment":[{"href":"https:\/\/linitiative.ca\/International\/wp-json\/wp\/v2\/media?parent=19935"}],"wp:term":[{"taxonomy":"category","embeddable":true,"href":"https:\/\/linitiative.ca\/International\/wp-json\/wp\/v2\/categories?post=19935"},{"taxonomy":"post_tag","embeddable":true,"href":"https:\/\/linitiative.ca\/International\/wp-json\/wp\/v2\/tags?post=19935"}],"curies":[{"name":"wp","href":"https:\/\/api.w.org\/{rel}","templated":true}]}}