{"id":19943,"date":"2019-03-06T15:14:26","date_gmt":"2019-03-06T20:14:26","guid":{"rendered":"https:\/\/linitiative.ca\/International\/ligue-1-2-nahd-allati-on-est-conscients-de-la-tache-qui-nous-attend\/"},"modified":"2019-03-06T15:14:26","modified_gmt":"2019-03-06T20:14:26","slug":"ligue-1-2-nahd-allati-on-est-conscients-de-la-tache-qui-nous-attend","status":"publish","type":"post","link":"https:\/\/linitiative.ca\/International\/ligue-1-2-nahd-allati-on-est-conscients-de-la-tache-qui-nous-attend\/","title":{"rendered":"Ligue 1 &amp; 2 : NAHD : Allati \u00abOn est conscients de la t\u00e2che qui nous attend\u00bb"},"content":{"rendered":"<p>Sollicit\u00e9, Walid Allati a accept\u00e9 de r\u00e9pondre \u00e0 nos questions. Lors de cette interview qu\u2019il nous a accord\u00e9e, l\u2019arri\u00e8re lat\u00e9ral droit est revenu sur le court succ\u00e8s d\u00e9croch\u00e9 face aux K\u00e9nyans au stade du 5-Juillet. Il a \u00e9voqu\u00e9 \u00e9galement l\u2019empoignade de ce dimanche, estimant que malgr\u00e9 la difficult\u00e9 de la t\u00e2che qui les attend, ils ne vont pas faire le d\u00e9placement pour minimiser les d\u00e9g\u00e2ts.<\/p>\n<p><strong>Un mot sur la victoire d\u00e9croch\u00e9e dimanche face \u00e0 Gor Mahia ?<\/strong><br \/>Nous sommes tr\u00e8s contents d\u2019avoir r\u00e9ussi \u00e0 remporter cette rencontre que nous avons parfaitement pr\u00e9par\u00e9e. Nous voulions vraiment offrir \u00e0 nos supporters une cinqui\u00e8me victoire en Coupe de la CAF. Dieu merci, nous avons r\u00e9ussi \u00e0 le faire m\u00eame si nous avons rencontr\u00e9 quelques difficult\u00e9s face \u00e0 un bon adversaire. Maintenant, le groupe est en confiance, nous allons tout faire pour la maintenir le plus longtemps possible. \u00a0<br \/><strong>D\u2019apr\u00e8s les observateurs, le NAHD a r\u00e9alis\u00e9 un match tout juste moyen. Peut-on dire que les nombreuses absences ont laiss\u00e9 un grand vide ?\u00a0 \u00a0<\/strong><br \/>Oui, ce n\u2019est pas facile de perdre trois cadres d\u2019un seul coup. Chamseddine Harrag, Hocine El-Orfi et Ahmed Gasmi sont des pions importants dans l\u2019\u00e9chiquier du coach, c\u2019est tout \u00e0 fait normal que leurs absences se fasse ressentir. Cela ne diminue en rien l\u2019apport de leurs rempla\u00e7ants. Malik Ra\u00efah, Abderrahmane Yousfi et Landry Ntankeu ont livr\u00e9 une excellente prestation. Ils ont beaucoup contribu\u00e9 \u00e0 la victoire. Le match face aux Kenyans \u00e9tait tr\u00e8s disput\u00e9. Peu importe la mani\u00e8re, le plus important pour nous \u00e9tait de remporter les trois points.<br \/><strong>Comment se pr\u00e9sente pour vous le match qui vous opposera, dans 4 jours au P\u00e9tro Atl\u00e9tico ?<\/strong><br \/>Ce sera une rencontre extr\u00eamement difficile. Les Angolais ont une tr\u00e8s bonne \u00e9quipe, ils ne m\u00e9ritent vraiment pas leur classement. Nous sommes conscients de la t\u00e2che qui nous attend \u00e0 Luanda. Notre adversaire va jouer son va-tout, du moment qu\u2019un r\u00e9sultat n\u00e9gatif signifie la fin de l\u2019aventure pour eux. C\u2019est vrai, ils vont essayer de profiter de l\u2019avantage du terrain et du public pour faire la diff\u00e9rence mais nous aussi, nous avons des atouts \u00e0 faire valoir.<br \/>\u00a0<\/p>\n<p><strong>Gasmi \u00abJe remercie tous ceux qui m\u2019ont soutenu\u00bb<\/strong><\/p>\n<p>Victime d\u2019une fracture au niveau de la pommette lors de la 3e\u00a0 journ\u00e9e de la phase de poules de la Coupe de la CAF Total, c\u2019est lundi apr\u00e8s-midi qu\u2019Ahmed Gasmi s\u2019est fait op\u00e9rer avec succ\u00e8s. Contact\u00e9 hier au bout du fil, le capitaine des Sang et Or a accept\u00e9 de r\u00e9pondre \u00e0 nos questions. Interrog\u00e9 dans un premier temps sur son \u00e9tat de sant\u00e9, il s\u2019est content\u00e9 de nous d\u00e9clarer : \u00abDieu merci, tout s\u2019est d\u00e9roul\u00e9 comme pr\u00e9vu, je me sens nettement mieux. Je profite tout d\u2019abord de cette occasion pour remercier tous ceux qui m\u2019ont soutenu, que ce soit supporters, joueurs, membres des staffs technique, m\u00e9dical et les responsables. Je remercie aussi le Dr Ladj, il n\u2019\u00e9tait pas pr\u00e9sent \u00e0 la clinique, mais il n\u2019a pas cess\u00e9 de demander de mes nouvelles. Avoir le soutien de toutes ses personnes que je viens de citer m\u2019a fait chaud au c\u0153ur.\u00bb \u00a0<\/p>\n<p><strong>\u00abJe serai de retour dans 4 semaines\u00bb<\/strong><br \/>Concernant la dur\u00e9e de son indisponibilit\u00e9, l\u2019enfant de Skikda nous a assur\u00e9 qu\u2019il sera de retour dans un mois : \u00abLe m\u00e9decin qui s\u2019est charg\u00e9 de mon op\u00e9ration m\u2019a accord\u00e9 dix jours de repos. Je vais reprendre petit \u00e0 petit, pour maintenir ma forme et rattraper le retard que j\u2019accuse sur le plan physique. Je ne compte prendre aucun risque, je dois prendre le temps n\u00e9cessaire de me remettre. Je pense que je serai de retour dans 4 semaines.\u00bb \u00a0<\/p>\n<p><strong>\u00abLa victoire contre Gor Mahia est tr\u00e8s pr\u00e9cieuse\u00bb<\/strong><br \/>Par la suite, le buteur husseind\u00e9en est revenu sur le succ\u00e8s d\u00e9croch\u00e9 dimanche dernier face \u00e0 Gor Mahia : \u00abM\u00eame si je n\u2019\u00e9tais pas concern\u00e9 par cette empoignade, j\u2019ai tenu, avec Hocine El-Orfi, \u00e0 me rendre au stade du 5-Juillet. Notre pr\u00e9sence \u00e9tait beaucoup plus pour le soutien moral. Mes partenaires \u00e9taient \u00e0 la hauteur. Ils ont r\u00e9alis\u00e9 le match qu\u2019il fallait. Les trois points d\u00e9croch\u00e9s sont tr\u00e8s pr\u00e9cieux. Ils nous ont permis de reprendre notre premi\u00e8re place et mettre un pied en quarts de finale.\u00bb \u00a0<br \/><strong>\u00abMes co\u00e9quipiers ont les moyens de revenir de Luanda avec les trois points\u00bb<\/strong><br \/>En dernier lieu, Ahmed Gasmi n\u2019a pas h\u00e9sit\u00e9 \u00e0 \u00e9voquer la confrontation de ce dimanche qui opposera, \u00e0 Luanda, P\u00e9tro Atl\u00e9tico aux Sang et Or : \u00abLe Nasria ne cesse de grandir, nos objectifs aussi. Je fais enti\u00e8rement confiance aux joueurs. Nous ne devons pas attendre le dernier match pour d\u00e9crocher la qualif\u2019. Nous sommes les leaders de ce groupe D. Nous avons un statut \u00e0 d\u00e9fendre. Nous avons les moyens de revenir \u00e0 la maison avec un r\u00e9sultat positif.\u00bb<br \/>\u00a0<\/p>\n<p><strong>Le Nasria avec 21 joueurs \u00e0 Luanda<\/strong><\/p>\n<p>C\u2019est ce dimanche que le Nasria affrontera P\u00e9tro Atl\u00e9tico, \u00e0 l\u2019occasion de la 5e journ\u00e9e de la Coupe de la CAF Total. Comme attendu, c\u2019est avec 21 \u00e9l\u00e9ments que le repr\u00e9sentant alg\u00e9rien effectuera, cet apr\u00e8s- midi, le d\u00e9placement \u00e0 Luanda. En effet, seuls Ahmed Gasmi et Kheireddine Boussouf ne sont pas concern\u00e9s par ce d\u00e9placement. \u00a0<\/p>\n<p><strong>Boussouf ne sera pas du voyage<\/strong><br \/>Op\u00e9r\u00e9 avant-hier au niveau de la pommette, l\u2019absence d\u2019Ahmed Gasmi n\u2019est pas une surprise pour les Husseind\u00e9ens, du moment qu\u2019il ne va pas renouer avec la comp\u00e9tition officielle, avant au moins trois semaines. Concernant Kheireddine Boussouf, une source fiable nous a affirm\u00e9 que des emp\u00eachements familiaux l\u2019ont priv\u00e9 de faire le d\u00e9placement avec ses co\u00e9quipiers. Le concern\u00e9 lui-m\u00eame aurait, d\u2019apr\u00e8s notre source, inform\u00e9 les responsables et les membres du staff technique qu\u2019il ne pourra pas \u00eatre du voyage \u00e0 Luanda.<\/p>\n<p><strong>Harrag et El-Orfi, pr\u00e9sents<\/strong><br \/>Absents \u00e0 la pr\u00e9c\u00e9dente sortie, Chamseddine Harrag et Hocine El-Orfi ont \u00e9t\u00e9 tous les deux retenus par Meziane Ighil. Si l\u2019ancien Harrachi a purg\u00e9 sa suspension et est annonc\u00e9 d\u2019entr\u00e9e, Hocine El-Orfi revient \u00e0 peine d\u2019une blessure. M\u00eame si ses chances de prendre part au match de P\u00e9tro Atl\u00e9tico sont minimes, le coach a insist\u00e9 pour qu\u2019il effectue le d\u00e9placement avec ses camarades et ce, beaucoup plus pour le soutien moral des jeunes qui manquent d\u2019exp\u00e9rience.<\/p>\n<p><strong>Mouaki a \u00e9t\u00e9 finalement retenu \u00a0<\/strong><br \/>Barr\u00e9 par la concurrence, Dadi El-Hocine Mouaki a \u00e9t\u00e9 rel\u00e9gu\u00e9 au second plan et ce, depuis plusieurs semaines. Convoqu\u00e9 la semaine derni\u00e8re face \u00e0 Gor Mahia, l\u2019ancien attaquant de l\u2019USB a \u00e9t\u00e9 finalement retenu pour le rendez-vous de la semaine prochaine. D\u00e9termin\u00e9 \u00e0 retrouver sa place de titulaire, le joueur form\u00e9 \u00e0 l\u2019USMA esp\u00e8re profiter des deux s\u00e9ances qui auront lieu en Angola pour esp\u00e9rer gagner la confiance de son entra\u00eeneur.\u00a0\u00a0\u00a0 \u00a0<\/p>\n<p>Joueurs convoqu\u00e9s : Merbah, Bouhelfaya, Allati, Belaid, Azzi, Laribi, Tougai, Khiat, Brahimi, Khacef, Raiah, Harrag, Ouertani, El-Orfi, Dib, Chouiter, Yaiche, Yaya, Yousfi, Ntankeu, Mouaki<br \/>\u00a0<\/p>\n<p><strong>Publi\u00e9 dans :<\/strong> <span>Nahd<\/span> <span>Gasmi<\/span> <span>Allati<\/span> <span>Mouaki<\/span><\/p>\n<p>Auteur:<br \/>\n<a href=\"http:\/\/www.lebuteur.com\/article\/detail?titre=nahd-allati-on-est-conscients-de-la-tache-qui-nous-attend&#038;id=86907&#038;utm_source=feedburner&#038;utm_medium=feed&#038;utm_campaign=Feed%3A+GalerieFArtciles+%28Les+derniers+articles++-+lebuteur.com%29\">Cliquez ici pour lire l&rsquo;article depuis sa source.<\/a><\/p>\n","protected":false},"excerpt":{"rendered":"<p>Sollicit\u00e9, Walid Allati a accept\u00e9 de r\u00e9pondre \u00e0 nos questions. Lors de cette interview qu\u2019il nous a accord\u00e9e, l\u2019arri\u00e8re lat\u00e9ral droit est revenu sur le court succ\u00e8s d\u00e9croch\u00e9 face aux K\u00e9nyans au stade du 5-Juillet. Il a \u00e9voqu\u00e9 \u00e9galement l\u2019empoignade de ce dimanche, estimant que malgr\u00e9 la difficult\u00e9 de la t\u00e2che qui les attend, ils [&hellip;]<\/p>\n","protected":false},"author":1738,"featured_media":19944,"comment_status":"closed","ping_status":"closed","sticky":false,"template":"","format":"standard","meta":{"fifu_image_url":"","fifu_image_alt":"","footnotes":""},"categories":[53,75],"tags":[],"class_list":["post-19943","post","type-post","status-publish","format-standard","has-post-thumbnail","hentry","category-algerie","category-sport"],"_links":{"self":[{"href":"https:\/\/linitiative.ca\/International\/wp-json\/wp\/v2\/posts\/19943","targetHints":{"allow":["GET"]}}],"collection":[{"href":"https:\/\/linitiative.ca\/International\/wp-json\/wp\/v2\/posts"}],"about":[{"href":"https:\/\/linitiative.ca\/International\/wp-json\/wp\/v2\/types\/post"}],"author":[{"embeddable":true,"href":"https:\/\/linitiative.ca\/International\/wp-json\/wp\/v2\/users\/1738"}],"replies":[{"embeddable":true,"href":"https:\/\/linitiative.ca\/International\/wp-json\/wp\/v2\/comments?post=19943"}],"version-history":[{"count":0,"href":"https:\/\/linitiative.ca\/International\/wp-json\/wp\/v2\/posts\/19943\/revisions"}],"wp:featuredmedia":[{"embeddable":true,"href":"https:\/\/linitiative.ca\/International\/wp-json\/"}],"wp:attachment":[{"href":"https:\/\/linitiative.ca\/International\/wp-json\/wp\/v2\/media?parent=19943"}],"wp:term":[{"taxonomy":"category","embeddable":true,"href":"https:\/\/linitiative.ca\/International\/wp-json\/wp\/v2\/categories?post=19943"},{"taxonomy":"post_tag","embeddable":true,"href":"https:\/\/linitiative.ca\/International\/wp-json\/wp\/v2\/tags?post=19943"}],"curies":[{"name":"wp","href":"https:\/\/api.w.org\/{rel}","templated":true}]}}