{"id":19947,"date":"2019-03-06T15:14:29","date_gmt":"2019-03-06T20:14:29","guid":{"rendered":"https:\/\/linitiative.ca\/International\/ligue-1-2-ess-neghiz-satisfait-de-son-equipe-malgre-la-defaite\/"},"modified":"2019-03-06T15:14:29","modified_gmt":"2019-03-06T20:14:29","slug":"ligue-1-2-ess-neghiz-satisfait-de-son-equipe-malgre-la-defaite","status":"publish","type":"post","link":"https:\/\/linitiative.ca\/International\/ligue-1-2-ess-neghiz-satisfait-de-son-equipe-malgre-la-defaite\/","title":{"rendered":"Ligue 1 &amp; 2 : ESS : Neghiz satisfait de son \u00e9quipe malgr\u00e9 la d\u00e9faite"},"content":{"rendered":"<div readability=\"32\">\n<p>Auteur : <span>Khalil L.<\/span> <span class=\"time\">mercredi 06 mars 2019 11:18<\/span><\/p>\n<\/div>\n<div id=\"post_core\" readability=\"99\">\n<p>Comme \u00e0 son habitude, Nabil Neghiz essaie de positiver et ne pr\u00e9f\u00e8re regarder que le bon c\u00f4t\u00e9 des choses. C\u2019est ce qu\u2019il fait apr\u00e8s la derni\u00e8re d\u00e9faite de son \u00e9quipe \u00e0 Tizi Ouzou, une d\u00e9faite qui a pourtant compromis toutes chances de l\u2019Entente de pouvoir aller chercher une place sur le podium. Le coach s\u00e9tifien\u00a0 estime en effet que l\u2019ESS a fait bonne figure malgr\u00e9 l\u2019\u00e9chec et a r\u00e9alis\u00e9 un tr\u00e8s bon match dans des conditions tr\u00e8s difficiles. Avant-hier, \u00e0 l\u2019occasion de la reprise des entra\u00eenements, il a d\u2019ailleurs r\u00e9uni ses joueurs pour les remercier de leur rendement durant cette rencontre tout en essayant d\u2019att\u00e9nuer de l\u2019impact de la d\u00e9faite. Il leur a demand\u00e9 en m\u00eame temps d\u2019oublier ce match et de ne penser d\u00e9sormais qu\u2019\u00e0 la r\u00e9ception du MCA, une rencontre importante qui peut, selon lui, relancer son \u00e9quipe pour la course au podium.<\/p>\n<p><strong>\u00ab Nous avons jou\u00e9 notre meilleur match \u00e0 l\u2019ext\u00e9rieur \u00bb<\/strong><br \/>Nous avons donc voulu revenir avec Nabil Neghiz sur ce dernier match face \u00e0 la JSK pour en savoir plus et pour qu\u2019il nous explique pourquoi il est si satisfait de son \u00e9quipe en d\u00e9pit de la d\u00e9faite. Comme indiqu\u00e9 plus haut, il dit qu\u2019il pr\u00e9f\u00e8re garder ce qui est positif : \u00ab Il est vrai que nous avons perdu le match et que nous esp\u00e9rions un meilleur r\u00e9sultat qu\u2019on m\u00e9ritait amplement, mais je crois que nous avons jou\u00e9 notre meilleur match \u00e0 l\u2019ext\u00e9rieur si l\u2019on prend en consid\u00e9ration les d\u00e9placements \u00e0 Tadjenanet et \u00e0 Annaba. On doit regarder le bon c\u00f4t\u00e9 des choses et investir sur les points positifs qui ont \u00e9t\u00e9 constat\u00e9s durant cette rencontre pour avancer.\u00bb<\/p>\n<p><strong>\u00ab Il nous a manqu\u00e9 la derni\u00e8re touche \u00bb<\/strong><br \/>Neghiz poursuit et dit que la derni\u00e8re touche a manqu\u00e9 \u00e0 son \u00e9quipe. \u00ab Nous \u00e9tions bons dans ce match, surtout en premi\u00e8re mi-temps que nous avons domin\u00e9e et o\u00f9 on s\u2019est cr\u00e9\u00e9 beaucoup d\u2019occasions, mais la derni\u00e8re touche nous a manqu\u00e9. Il ne faut pas oublier aussi que nous avons jou\u00e9 contre une bonne \u00e9quipe qui \u00e9tait tr\u00e8s motiv\u00e9e et soutenue par son public \u00bb, fait-il savoir.<\/p>\n<p><strong>\u00ab Nous n\u2019avons eu que deux jours pour pr\u00e9parer la rencontre \u00bb<\/strong><br \/>Le premier responsable technique de l\u2019\u00e9quipe n\u2019oubliera pas de revenir les conditions dans lesquelles il a pr\u00e9par\u00e9 ce match. \u00ab Il faut dire que nous a \u00e9t\u00e9 perturb\u00e9s par la programmation de cette rencontre, nous n\u2019avons pas eu suffisamment de temps pour la pr\u00e9parer. Normalement, on doit disposer d\u2019au moins trois jours pour pr\u00e9parer un match, mais l\u00e0, nous n\u2019avons eu que deux. C\u2019est pour cela que nous avons pr\u00e9f\u00e9r\u00e9 faire le d\u00e9placement le jour du match et je dois dire que les joueurs n\u2019ont pas souffert physiquement \u00bb, rappelle-t-il.<\/p>\n<p><strong>\u00ab L\u2019\u00e9quipe a progress\u00e9 au niveau du jeu et les joueurs se sont lib\u00e9r\u00e9s \u00bb<\/strong><br \/>En voulant toujours focaliser sur les points positifs, Neghiz dit que le jeu de son \u00e9quipe a nettement \u00e9volu\u00e9 : \u00ab La d\u00e9faite face \u00e0 la JSK ne doit pas \u00e9clipser certains aspects positifs que nous avons constat\u00e9s. Au niveau du jeu, l\u2019\u00e9quipe a beaucoup progress\u00e9 et a montr\u00e9 beaucoup de bonnes choses. Sur le plan psychologique, on sent que les joueurs se sont lib\u00e9r\u00e9s, ils ne sont plus crisp\u00e9s comme ils l\u2019\u00e9taient r\u00e9cemment. Cela, on le ressent m\u00eame aux entrainements o\u00f9 nous constatons une concurrence entre les joueurs et dans une bonne ambiance en plus, c\u2019est de bon augure pour la suite. \u00bb<\/p>\n<p><strong>\u00ab Oui, les joueurs sont plus int\u00e9ress\u00e9s par la coupe \u00bb<\/strong><br \/>Neghiz avouera par la suite que la coupe int\u00e9resse plus les joueurs. \u00ab Je ne vais pas le cacher, les joueurs sont plus motiv\u00e9s par la coupe, et c\u2019est normal \u00e0 partir du moment o\u00f9 nous sommes en demi-finale, et qu\u2019en plus, nous sommes loin du podium en championnat. Nous allons donc tout faire pour r\u00e9aliser ce r\u00eave et pour montrer un meilleur visage dans la suite du parcours \u00bb, confie-t-il.<\/p>\n<p><strong>\u00ab Nous allons r\u00e9cup\u00e9rer les bless\u00e9s et bien pr\u00e9par\u00e9 le RDV contre le MCA qu\u2019on doit gagner \u00bb<\/strong><br \/>L\u2019entraineur de l\u2019Entente a essay\u00e9 de justifier quelques mauvaises performances de son \u00e9quipe par l\u2019instabilit\u00e9 de la composante du onze rentrant qui connait souvent des changements. \u00ab Nous rencontrons toujours des difficult\u00e9s \u00e0 aligner la m\u00eame \u00e9quipe deux fois de plus, ce n\u2019est plus possible avec les nombreuses d\u00e9fections qu\u2019on enregistre \u00e0 chaque match, particuli\u00e8rement \u00e0 cause des blessures. La situation est un peu meilleure aujourd\u2019hui puisque nous avons pu r\u00e9cup\u00e9rer certains d\u2019entre eux et d\u2019autres le seront prochainement. Cela va nous permettre de pr\u00e9parer le prochain match contre le MCA dans de meilleures conditions. Nous allons essayer de mettre tous les atouts de notre c\u00f4t\u00e9 pour gagner cette rencontre qui est importante pour nous \u00bb, a-t-il termin\u00e9.<\/p>\n<p><strong>Publi\u00e9 dans :<\/strong> <span>ess<\/span> <span>Neghiz<\/span><\/p>\n<\/div>\n<p>Auteur:<br \/>\n<a href=\"http:\/\/www.lebuteur.com\/article\/detail?titre=ess-neghiz-satisfait-de-son-equipe-malgre-la-defaite&#038;id=86905&#038;utm_source=feedburner&#038;utm_medium=feed&#038;utm_campaign=Feed%3A+GalerieFArtciles+%28Les+derniers+articles++-+lebuteur.com%29\">Cliquez ici pour lire l&rsquo;article depuis sa source.<\/a><\/p>\n","protected":false},"excerpt":{"rendered":"<p>Auteur : Khalil L. mercredi 06 mars 2019 11:18 Comme \u00e0 son habitude, Nabil Neghiz essaie de positiver et ne pr\u00e9f\u00e8re regarder que le bon c\u00f4t\u00e9 des choses. C\u2019est ce qu\u2019il fait apr\u00e8s la derni\u00e8re d\u00e9faite de son \u00e9quipe \u00e0 Tizi Ouzou, une d\u00e9faite qui a pourtant compromis toutes chances de l\u2019Entente de pouvoir aller [&hellip;]<\/p>\n","protected":false},"author":1738,"featured_media":19948,"comment_status":"closed","ping_status":"closed","sticky":false,"template":"","format":"standard","meta":{"fifu_image_url":"","fifu_image_alt":"","footnotes":""},"categories":[53,75],"tags":[],"class_list":["post-19947","post","type-post","status-publish","format-standard","has-post-thumbnail","hentry","category-algerie","category-sport"],"_links":{"self":[{"href":"https:\/\/linitiative.ca\/International\/wp-json\/wp\/v2\/posts\/19947","targetHints":{"allow":["GET"]}}],"collection":[{"href":"https:\/\/linitiative.ca\/International\/wp-json\/wp\/v2\/posts"}],"about":[{"href":"https:\/\/linitiative.ca\/International\/wp-json\/wp\/v2\/types\/post"}],"author":[{"embeddable":true,"href":"https:\/\/linitiative.ca\/International\/wp-json\/wp\/v2\/users\/1738"}],"replies":[{"embeddable":true,"href":"https:\/\/linitiative.ca\/International\/wp-json\/wp\/v2\/comments?post=19947"}],"version-history":[{"count":0,"href":"https:\/\/linitiative.ca\/International\/wp-json\/wp\/v2\/posts\/19947\/revisions"}],"wp:featuredmedia":[{"embeddable":true,"href":"https:\/\/linitiative.ca\/International\/wp-json\/"}],"wp:attachment":[{"href":"https:\/\/linitiative.ca\/International\/wp-json\/wp\/v2\/media?parent=19947"}],"wp:term":[{"taxonomy":"category","embeddable":true,"href":"https:\/\/linitiative.ca\/International\/wp-json\/wp\/v2\/categories?post=19947"},{"taxonomy":"post_tag","embeddable":true,"href":"https:\/\/linitiative.ca\/International\/wp-json\/wp\/v2\/tags?post=19947"}],"curies":[{"name":"wp","href":"https:\/\/api.w.org\/{rel}","templated":true}]}}