{"id":19949,"date":"2019-03-06T15:14:31","date_gmt":"2019-03-06T20:14:31","guid":{"rendered":"https:\/\/linitiative.ca\/International\/ligue-1-2-usma-ibara-incertain-pour-le-grand-derby\/"},"modified":"2019-03-06T15:14:31","modified_gmt":"2019-03-06T20:14:31","slug":"ligue-1-2-usma-ibara-incertain-pour-le-grand-derby","status":"publish","type":"post","link":"https:\/\/linitiative.ca\/International\/ligue-1-2-usma-ibara-incertain-pour-le-grand-derby\/","title":{"rendered":"Ligue 1 &amp; 2 : USMA : Ibara incertain pour le grand derby"},"content":{"rendered":"<div readability=\"32\">\n<p>Auteur : <span>Mohamed Zerrouk<\/span> <span class=\"time\">mercredi 06 mars 2019 11:18<\/span><\/p>\n<\/div>\n<div id=\"post_core\" readability=\"57\">\n<p>L\u2019attaquant Ibara ne voit toujours pas le bout du tunnel suite \u00e0 cette blessure musculaire. L\u2019attaquant en question ne s\u2019est pas entra\u00een\u00e9 avec le groupe dans la matin\u00e9e d\u2019hier. Le fait qu\u2019il soit soumis \u00e0 des soins intensifs le rend un certain pour le prochain derby face au MCA. D\u2019apr\u00e8s nos sources, Ibara a de fortes chances de rater la prochaine rencontre puisqu\u2019il n\u2019a toujours pas obtenu le feu vert du staff m\u00e9dical. Pour rappel, l\u2019attaquant est bless\u00e9 au niveau de la cuisse. Une blessure que le joueur tra\u00eene depuis des jours. \u00c7a a d\u2019ailleurs beaucoup frein\u00e9 son \u00e9lan, lui qui a r\u00e9alis\u00e9 un excellent d\u00e9but de saison. Mais depuis l\u2019entame de la phase retour, le buteur des Rouge et Noir n\u2019a plus la m\u00eame forme.<\/p>\n<p><strong>Le diagnostic a r\u00e9v\u00e9l\u00e9 une \u00e9longation<\/strong><br \/>L\u2019attaquant de l\u2019USMA a effectu\u00e9 dans la matin\u00e9e d\u2019hier un examen clinique afin de d\u00e9terminer la nature de cette blessure qui le prive des rencontres de championnat. D\u2019apr\u00e8s la m\u00eame source d\u2019information, le diagnostic a r\u00e9v\u00e9l\u00e9 qu\u2019il s\u2019agit bel et bien d\u2019une \u00e9longation au niveau de la cuisse. C\u2019est dire que la blessure en question reste d\u00e9licate, ce qui impose des soins en cette p\u00e9riode. Il est donc indispensable de pr\u00e9server le joueur afin de ne pas l\u2019exposer \u00e0 une \u00e9ventuelle rechute voire une complication. On sait tous qu\u2019une \u00e9longation mal soign\u00e9e peut se transformer en d\u00e9chirure musculaire.<\/p>\n<p><strong>Il aura besoin de deux semaines pour se r\u00e9tablir<\/strong><br \/>Si l\u2019on croit les sources proches du staff m\u00e9dical, Prince Ibara aura besoin au total de deux semaines pour se remettre sur pied. Au point o\u00f9 vont les choses, il sera difficile pour l\u2019attaquant en question d\u2019\u00eatre d\u2019attaque pour le prochain derby alg\u00e9rois. Pourtant, le staff technique aura terriblement besoin de loin. Mais d\u2019apr\u00e8s nos sources, il y a de faible chance pour Ibara d\u2019\u00eatre pr\u00e9sent ce jour-l\u00e0.<\/p>\n<p><strong>Publi\u00e9 dans :<\/strong> <span>USMA<\/span> <span>Ibara<\/span><\/p>\n<\/div>\n<p>Auteur:<br \/>\n<a href=\"http:\/\/www.lebuteur.com\/article\/detail?titre=usma-ibara-incertain-pour-le-grand-derby&#038;id=86904&#038;utm_source=feedburner&#038;utm_medium=feed&#038;utm_campaign=Feed%3A+GalerieFArtciles+%28Les+derniers+articles++-+lebuteur.com%29\">Cliquez ici pour lire l&rsquo;article depuis sa source.<\/a><\/p>\n","protected":false},"excerpt":{"rendered":"<p>Auteur : Mohamed Zerrouk mercredi 06 mars 2019 11:18 L\u2019attaquant Ibara ne voit toujours pas le bout du tunnel suite \u00e0 cette blessure musculaire. L\u2019attaquant en question ne s\u2019est pas entra\u00een\u00e9 avec le groupe dans la matin\u00e9e d\u2019hier. Le fait qu\u2019il soit soumis \u00e0 des soins intensifs le rend un certain pour le prochain derby [&hellip;]<\/p>\n","protected":false},"author":1738,"featured_media":19950,"comment_status":"closed","ping_status":"closed","sticky":false,"template":"","format":"standard","meta":{"fifu_image_url":"","fifu_image_alt":"","footnotes":""},"categories":[53,75],"tags":[],"class_list":["post-19949","post","type-post","status-publish","format-standard","has-post-thumbnail","hentry","category-algerie","category-sport"],"_links":{"self":[{"href":"https:\/\/linitiative.ca\/International\/wp-json\/wp\/v2\/posts\/19949","targetHints":{"allow":["GET"]}}],"collection":[{"href":"https:\/\/linitiative.ca\/International\/wp-json\/wp\/v2\/posts"}],"about":[{"href":"https:\/\/linitiative.ca\/International\/wp-json\/wp\/v2\/types\/post"}],"author":[{"embeddable":true,"href":"https:\/\/linitiative.ca\/International\/wp-json\/wp\/v2\/users\/1738"}],"replies":[{"embeddable":true,"href":"https:\/\/linitiative.ca\/International\/wp-json\/wp\/v2\/comments?post=19949"}],"version-history":[{"count":0,"href":"https:\/\/linitiative.ca\/International\/wp-json\/wp\/v2\/posts\/19949\/revisions"}],"wp:featuredmedia":[{"embeddable":true,"href":"https:\/\/linitiative.ca\/International\/wp-json\/"}],"wp:attachment":[{"href":"https:\/\/linitiative.ca\/International\/wp-json\/wp\/v2\/media?parent=19949"}],"wp:term":[{"taxonomy":"category","embeddable":true,"href":"https:\/\/linitiative.ca\/International\/wp-json\/wp\/v2\/categories?post=19949"},{"taxonomy":"post_tag","embeddable":true,"href":"https:\/\/linitiative.ca\/International\/wp-json\/wp\/v2\/tags?post=19949"}],"curies":[{"name":"wp","href":"https:\/\/api.w.org\/{rel}","templated":true}]}}