{"id":19953,"date":"2019-03-06T15:14:34","date_gmt":"2019-03-06T20:14:34","guid":{"rendered":"https:\/\/linitiative.ca\/International\/international-real-zidane-avait-vu-venir-le-coup\/"},"modified":"2019-03-06T15:14:34","modified_gmt":"2019-03-06T20:14:34","slug":"international-real-zidane-avait-vu-venir-le-coup","status":"publish","type":"post","link":"https:\/\/linitiative.ca\/International\/international-real-zidane-avait-vu-venir-le-coup\/","title":{"rendered":"International : Real : Zidane avait vu venir le coup"},"content":{"rendered":"<div readability=\"32\">\n<p>Auteur : <span class=\"time\">mercredi 06 mars 2019 12:24<\/span><\/p>\n<\/div>\n<div id=\"post_core\" readability=\"53\">\n<p>\u00ab\u00a0Ma d\u00e9cision n\u2019a peut-\u00eatre aucun sens pour certains, mais pour moi si. C\u2019est le moment de changer, pour les joueurs aussi. Apr\u00e8s ces trois ans, c\u2019est la d\u00e9cision ad\u00e9quate. Mais je comprends la d\u00e9ception (&#8230;) Je dis seulement qu\u2019apr\u00e8s trois ans, je me trompe peut-\u00eatre, je sens que c\u2019est le bon moment. Si je ne vois pas clairement que nous allons continuer \u00e0 gagner, il est mieux de changer et de ne pas faire de b\u00eatises.\u00a0\u00bb Voila ce qu&rsquo;avait d\u00e9clar\u00e9 Zin\u00e9dine Zidane le jour o\u00f9 il a d\u00e9cid\u00e9 de quitter le Real Madrid.<\/p>\n<p>Depuis mardi soir et la d\u00e9route subie en 8es de finale retour de Ligue des champions face \u00e0 l\u2019Ajax Amsterdam (1-4), l\u2019explication de Zidane r\u00e9sonne comme une proph\u00e9tie comme l&rsquo;indique Sport24. Largu\u00e9 en championnat apr\u00e8s la d\u00e9faite lors du dernier Clasico face \u00e0 Barcelone (0-1), \u00e9limin\u00e9 en demi-finales de la Coupe du Roi par le m\u00eame rival blaugrana, le club merengue a vu son dernier espoir de titre s\u2019envoler dans la reine des comp\u00e9titions europ\u00e9ennes. Laissant le Real Madrid face \u00e0 la perspective d\u2019une saison \u00e0 un seul troph\u00e9e, la Coupe du monde des clubs, qui ne p\u00e8sera pas lourd au moment d\u2019un bilan forc\u00e9ment catastrophique.<\/p>\n<p><strong>Publi\u00e9 dans :<\/strong> <span>real madrid<\/span><\/p>\n<\/div>\n<p>Auteur:<br \/>\n<a href=\"http:\/\/www.lebuteur.com\/article\/detail?titre=real-zidane-avait-vu-venir-le-coup&#038;id=86922&#038;utm_source=feedburner&#038;utm_medium=feed&#038;utm_campaign=Feed%3A+GalerieFArtciles+%28Les+derniers+articles++-+lebuteur.com%29\">Cliquez ici pour lire l&rsquo;article depuis sa source.<\/a><\/p>\n","protected":false},"excerpt":{"rendered":"<p>Auteur : mercredi 06 mars 2019 12:24 \u00ab\u00a0Ma d\u00e9cision n\u2019a peut-\u00eatre aucun sens pour certains, mais pour moi si. C\u2019est le moment de changer, pour les joueurs aussi. Apr\u00e8s ces trois ans, c\u2019est la d\u00e9cision ad\u00e9quate. Mais je comprends la d\u00e9ception (&#8230;) Je dis seulement qu\u2019apr\u00e8s trois ans, je me trompe peut-\u00eatre, je sens que [&hellip;]<\/p>\n","protected":false},"author":1738,"featured_media":19954,"comment_status":"closed","ping_status":"closed","sticky":false,"template":"","format":"standard","meta":{"fifu_image_url":"","fifu_image_alt":"","footnotes":""},"categories":[53,75],"tags":[],"class_list":["post-19953","post","type-post","status-publish","format-standard","has-post-thumbnail","hentry","category-algerie","category-sport"],"_links":{"self":[{"href":"https:\/\/linitiative.ca\/International\/wp-json\/wp\/v2\/posts\/19953","targetHints":{"allow":["GET"]}}],"collection":[{"href":"https:\/\/linitiative.ca\/International\/wp-json\/wp\/v2\/posts"}],"about":[{"href":"https:\/\/linitiative.ca\/International\/wp-json\/wp\/v2\/types\/post"}],"author":[{"embeddable":true,"href":"https:\/\/linitiative.ca\/International\/wp-json\/wp\/v2\/users\/1738"}],"replies":[{"embeddable":true,"href":"https:\/\/linitiative.ca\/International\/wp-json\/wp\/v2\/comments?post=19953"}],"version-history":[{"count":0,"href":"https:\/\/linitiative.ca\/International\/wp-json\/wp\/v2\/posts\/19953\/revisions"}],"wp:featuredmedia":[{"embeddable":true,"href":"https:\/\/linitiative.ca\/International\/wp-json\/"}],"wp:attachment":[{"href":"https:\/\/linitiative.ca\/International\/wp-json\/wp\/v2\/media?parent=19953"}],"wp:term":[{"taxonomy":"category","embeddable":true,"href":"https:\/\/linitiative.ca\/International\/wp-json\/wp\/v2\/categories?post=19953"},{"taxonomy":"post_tag","embeddable":true,"href":"https:\/\/linitiative.ca\/International\/wp-json\/wp\/v2\/tags?post=19953"}],"curies":[{"name":"wp","href":"https:\/\/api.w.org\/{rel}","templated":true}]}}