{"id":19955,"date":"2019-03-06T15:14:36","date_gmt":"2019-03-06T20:14:36","guid":{"rendered":"https:\/\/linitiative.ca\/International\/international-real-la-revolte-disco\/"},"modified":"2019-03-06T15:14:36","modified_gmt":"2019-03-06T20:14:36","slug":"international-real-la-revolte-disco","status":"publish","type":"post","link":"https:\/\/linitiative.ca\/International\/international-real-la-revolte-disco\/","title":{"rendered":"International : Real : La r\u00e9volte d&rsquo;Isco&#8230;"},"content":{"rendered":"<div readability=\"32\">\n<p>Auteur : <span class=\"time\">mercredi 06 mars 2019 13:08<\/span><\/p>\n<\/div>\n<div id=\"post_core\" readability=\"45\">\n<p>\u00a0Averti hier soir qu&rsquo;il ne figurerait pas sur la feuille de match du 8e de finale retour de Ligue des Champions contre l&rsquo;Ajax, finalement perdu par les hommes de Santiago Solari (1-4), Isco aurait refus\u00e9 de rejoindre le stade Santiago-Bernabeu en compagnie de ses co\u00e9quipiers, pr\u00e9f\u00e9rant quitter le centre d&rsquo;entra\u00eenement de la Casa Blanca par ses propres moyens selon Marca que rapporte Madeinfoot. Mariano Diaz, \u00e9cart\u00e9 comme lui par Solari, a pris le bus avec le reste du groupe. Le quotidien madril\u00e8ne rapporte par ailleurs qu&rsquo;Isco n&rsquo;a \u00e9t\u00e9 aper\u00e7u ni dans le vestiaire, ni dans les coursives de l&rsquo;enceinte merengue. Cette absence, si elle se v\u00e9rifiait, accentuerait encore la fracture entre l&rsquo;ancien prodige de Malaga et le club de la Capitale&#8230;<\/p>\n<p><strong>Publi\u00e9 dans :<\/strong> <span>real madrid<\/span><\/p>\n<\/div>\n<p>Auteur:<br \/>\n<a href=\"http:\/\/www.lebuteur.com\/article\/detail?titre=real-la-revolte-disco&#038;id=86923&#038;utm_source=feedburner&#038;utm_medium=feed&#038;utm_campaign=Feed%3A+GalerieFArtciles+%28Les+derniers+articles++-+lebuteur.com%29\">Cliquez ici pour lire l&rsquo;article depuis sa source.<\/a><\/p>\n","protected":false},"excerpt":{"rendered":"<p>Auteur : mercredi 06 mars 2019 13:08 \u00a0Averti hier soir qu&rsquo;il ne figurerait pas sur la feuille de match du 8e de finale retour de Ligue des Champions contre l&rsquo;Ajax, finalement perdu par les hommes de Santiago Solari (1-4), Isco aurait refus\u00e9 de rejoindre le stade Santiago-Bernabeu en compagnie de ses co\u00e9quipiers, pr\u00e9f\u00e9rant quitter le [&hellip;]<\/p>\n","protected":false},"author":1738,"featured_media":19956,"comment_status":"closed","ping_status":"closed","sticky":false,"template":"","format":"standard","meta":{"fifu_image_url":"","fifu_image_alt":"","footnotes":""},"categories":[53,75],"tags":[],"class_list":["post-19955","post","type-post","status-publish","format-standard","has-post-thumbnail","hentry","category-algerie","category-sport"],"_links":{"self":[{"href":"https:\/\/linitiative.ca\/International\/wp-json\/wp\/v2\/posts\/19955","targetHints":{"allow":["GET"]}}],"collection":[{"href":"https:\/\/linitiative.ca\/International\/wp-json\/wp\/v2\/posts"}],"about":[{"href":"https:\/\/linitiative.ca\/International\/wp-json\/wp\/v2\/types\/post"}],"author":[{"embeddable":true,"href":"https:\/\/linitiative.ca\/International\/wp-json\/wp\/v2\/users\/1738"}],"replies":[{"embeddable":true,"href":"https:\/\/linitiative.ca\/International\/wp-json\/wp\/v2\/comments?post=19955"}],"version-history":[{"count":0,"href":"https:\/\/linitiative.ca\/International\/wp-json\/wp\/v2\/posts\/19955\/revisions"}],"wp:featuredmedia":[{"embeddable":true,"href":"https:\/\/linitiative.ca\/International\/wp-json\/"}],"wp:attachment":[{"href":"https:\/\/linitiative.ca\/International\/wp-json\/wp\/v2\/media?parent=19955"}],"wp:term":[{"taxonomy":"category","embeddable":true,"href":"https:\/\/linitiative.ca\/International\/wp-json\/wp\/v2\/categories?post=19955"},{"taxonomy":"post_tag","embeddable":true,"href":"https:\/\/linitiative.ca\/International\/wp-json\/wp\/v2\/tags?post=19955"}],"curies":[{"name":"wp","href":"https:\/\/api.w.org\/{rel}","templated":true}]}}