{"id":19957,"date":"2019-03-06T15:14:37","date_gmt":"2019-03-06T20:14:37","guid":{"rendered":"https:\/\/linitiative.ca\/International\/international-zidane-de-retour-au-real-madrid-lete-prochain\/"},"modified":"2019-03-06T15:14:37","modified_gmt":"2019-03-06T20:14:37","slug":"international-zidane-de-retour-au-real-madrid-lete-prochain","status":"publish","type":"post","link":"https:\/\/linitiative.ca\/International\/international-zidane-de-retour-au-real-madrid-lete-prochain\/","title":{"rendered":"International : Zidane de retour au Real Madrid l&rsquo;\u00e9t\u00e9 prochain?"},"content":{"rendered":"<div readability=\"32\">\n<p>Auteur : <span class=\"time\">mercredi 06 mars 2019 18:35<\/span><\/p>\n<\/div>\n<div id=\"post_core\" readability=\"40\">\n<p>Selon La Sexta, le Real Madrid aurait fait de Zin\u00e9dine Zidane sa priorit\u00e9 pour tenter de relancer le club merengue. Mais le Fran\u00e7ais aurait \u00e9mis le souhait de revenir l&rsquo;\u00e9t\u00e9 prochain, et non d\u00e8s \u00e0 pr\u00e9sent. Qu&rsquo;adviendra-t-il de Santiago Solari apr\u00e8s l&rsquo;\u00e9limination pr\u00e9coce du Real Madrid en huiti\u00e8mes de finale de la Ligue des champions ? Plusieurs m\u00e9dias espagnols \u00e9voquent un possible renvoi de l&rsquo;entra\u00eeneur des Merengue avant dimanche et le match sur la pelouse du Real Valladolid. Mais selon La Sexta, la Maison Blanche a un r\u00eave pour le poste d&rsquo;entra\u00eeneur : faire revenir Zin\u00e9dine Zidane. Sauf que le m\u00e9dia ib\u00e9rique r\u00e9v\u00e8le que le Fran\u00e7ais ne serait pas vraiment chaud pour revenir tout de suite en tant que pompier de service. Mais Zizou n&rsquo;aurait pas totalement dit non et serait pr\u00eat \u00e0 revenir l&rsquo;\u00e9t\u00e9 prochain. L&rsquo;ambition des Madril\u00e8nes serait de donner une grande importance \u00e0 ZZ afin que celui-ci ait la main pour remettre \u00e0 plat le club de la capitale pour qu&rsquo;il redevienne cr\u00e9dible \u00e0 tous les niveaux rapporte France Football.<\/p>\n<p><strong>Publi\u00e9 dans :<\/strong> <span>Zidane<\/span> <span>real madrid<\/span><\/p>\n<\/div>\n<p>Auteur:<br \/>\n<a href=\"http:\/\/www.lebuteur.com\/article\/detail?titre=zidane-de-retour-au-real-madrid-lete-prochain&#038;id=86924&#038;utm_source=feedburner&#038;utm_medium=feed&#038;utm_campaign=Feed%3A+GalerieFArtciles+%28Les+derniers+articles++-+lebuteur.com%29\">Cliquez ici pour lire l&rsquo;article depuis sa source.<\/a><\/p>\n","protected":false},"excerpt":{"rendered":"<p>Auteur : mercredi 06 mars 2019 18:35 Selon La Sexta, le Real Madrid aurait fait de Zin\u00e9dine Zidane sa priorit\u00e9 pour tenter de relancer le club merengue. Mais le Fran\u00e7ais aurait \u00e9mis le souhait de revenir l&rsquo;\u00e9t\u00e9 prochain, et non d\u00e8s \u00e0 pr\u00e9sent. Qu&rsquo;adviendra-t-il de Santiago Solari apr\u00e8s l&rsquo;\u00e9limination pr\u00e9coce du Real Madrid en huiti\u00e8mes [&hellip;]<\/p>\n","protected":false},"author":1738,"featured_media":19958,"comment_status":"closed","ping_status":"closed","sticky":false,"template":"","format":"standard","meta":{"fifu_image_url":"","fifu_image_alt":"","footnotes":""},"categories":[53,75],"tags":[],"class_list":["post-19957","post","type-post","status-publish","format-standard","has-post-thumbnail","hentry","category-algerie","category-sport"],"_links":{"self":[{"href":"https:\/\/linitiative.ca\/International\/wp-json\/wp\/v2\/posts\/19957","targetHints":{"allow":["GET"]}}],"collection":[{"href":"https:\/\/linitiative.ca\/International\/wp-json\/wp\/v2\/posts"}],"about":[{"href":"https:\/\/linitiative.ca\/International\/wp-json\/wp\/v2\/types\/post"}],"author":[{"embeddable":true,"href":"https:\/\/linitiative.ca\/International\/wp-json\/wp\/v2\/users\/1738"}],"replies":[{"embeddable":true,"href":"https:\/\/linitiative.ca\/International\/wp-json\/wp\/v2\/comments?post=19957"}],"version-history":[{"count":0,"href":"https:\/\/linitiative.ca\/International\/wp-json\/wp\/v2\/posts\/19957\/revisions"}],"wp:featuredmedia":[{"embeddable":true,"href":"https:\/\/linitiative.ca\/International\/wp-json\/"}],"wp:attachment":[{"href":"https:\/\/linitiative.ca\/International\/wp-json\/wp\/v2\/media?parent=19957"}],"wp:term":[{"taxonomy":"category","embeddable":true,"href":"https:\/\/linitiative.ca\/International\/wp-json\/wp\/v2\/categories?post=19957"},{"taxonomy":"post_tag","embeddable":true,"href":"https:\/\/linitiative.ca\/International\/wp-json\/wp\/v2\/tags?post=19957"}],"curies":[{"name":"wp","href":"https:\/\/api.w.org\/{rel}","templated":true}]}}