{"id":19959,"date":"2019-03-06T15:14:39","date_gmt":"2019-03-06T20:14:39","guid":{"rendered":"https:\/\/linitiative.ca\/International\/pros-porto-brahimi-laisse-sur-le-banc-face-a-las-rome\/"},"modified":"2019-03-06T15:14:39","modified_gmt":"2019-03-06T20:14:39","slug":"pros-porto-brahimi-laisse-sur-le-banc-face-a-las-rome","status":"publish","type":"post","link":"https:\/\/linitiative.ca\/International\/pros-porto-brahimi-laisse-sur-le-banc-face-a-las-rome\/","title":{"rendered":"Pros : Porto : Brahimi laiss\u00e9 sur le banc face \u00e0 l&rsquo;AS Rome"},"content":{"rendered":"<div readability=\"32\">\n<p>Auteur : <span class=\"time\">mercredi 06 mars 2019 20:00<\/span><\/p>\n<\/div>\n<div id=\"post_core\" readability=\"73\">\n<p>Pour ce match, l&rsquo;entraineur Sergio Concei\u00e7ao surprend son monde en laissant Brahimi sur le banc. Voici la composition des deux \u00e9quipes.<\/p>\n<p><strong>Porto :<\/strong> Casillas &#8211; Milit\u00e3o, Pepe, Felipe, Alex Telles &#8211; Herrera (c), Danilo Pereira, Otavio &#8211; Corona, Marega, Soares.<\/p>\n<p><strong>Roma :<\/strong> Olsen &#8211; Karsdorp, Manolas, Jesus, Marcano, Kolarov &#8211; De Rossi (c), Nzonzi &#8211; Zaniolo, Dzeko, Perotti.<\/p>\n<p><u><strong>PSG vs Man United :<\/strong><\/u><\/p>\n<p><strong>PSG :<\/strong> Buffon &#8211; Kehrer, Thiago Silva (c), Kimpembe, Bernat &#8211; Verratti, Marquinhos \u2013 Alves, Draxler, Di Mar\u00eda \u2013 Mbapp\u00e9.<\/p>\n<p><strong>Manchester United :<\/strong> De Gea &#8211; Lindel\u00f6f, Smalling, Bailly &#8211; Young (c), Pereira, Fred, McTominay, Shaw &#8211; Lukaku, Rashford.<\/p>\n<p><strong>Publi\u00e9 dans :<\/strong> <span>FC Porto<\/span><\/p>\n<\/div>\n<p>Auteur:<br \/>\n<a href=\"http:\/\/www.lebuteur.com\/article\/detail?titre=porto-brahimi-laisse-sur-le-banc-face-a-las-rome&#038;id=86925&#038;utm_source=feedburner&#038;utm_medium=feed&#038;utm_campaign=Feed%3A+GalerieFArtciles+%28Les+derniers+articles++-+lebuteur.com%29\">Cliquez ici pour lire l&rsquo;article depuis sa source.<\/a><\/p>\n","protected":false},"excerpt":{"rendered":"<p>Auteur : mercredi 06 mars 2019 20:00 Pour ce match, l&rsquo;entraineur Sergio Concei\u00e7ao surprend son monde en laissant Brahimi sur le banc. Voici la composition des deux \u00e9quipes. Porto : Casillas &#8211; Milit\u00e3o, Pepe, Felipe, Alex Telles &#8211; Herrera (c), Danilo Pereira, Otavio &#8211; Corona, Marega, Soares. Roma : Olsen &#8211; Karsdorp, Manolas, Jesus, Marcano, [&hellip;]<\/p>\n","protected":false},"author":1738,"featured_media":19960,"comment_status":"closed","ping_status":"closed","sticky":false,"template":"","format":"standard","meta":{"fifu_image_url":"","fifu_image_alt":"","footnotes":""},"categories":[53,75],"tags":[],"class_list":["post-19959","post","type-post","status-publish","format-standard","has-post-thumbnail","hentry","category-algerie","category-sport"],"_links":{"self":[{"href":"https:\/\/linitiative.ca\/International\/wp-json\/wp\/v2\/posts\/19959","targetHints":{"allow":["GET"]}}],"collection":[{"href":"https:\/\/linitiative.ca\/International\/wp-json\/wp\/v2\/posts"}],"about":[{"href":"https:\/\/linitiative.ca\/International\/wp-json\/wp\/v2\/types\/post"}],"author":[{"embeddable":true,"href":"https:\/\/linitiative.ca\/International\/wp-json\/wp\/v2\/users\/1738"}],"replies":[{"embeddable":true,"href":"https:\/\/linitiative.ca\/International\/wp-json\/wp\/v2\/comments?post=19959"}],"version-history":[{"count":0,"href":"https:\/\/linitiative.ca\/International\/wp-json\/wp\/v2\/posts\/19959\/revisions"}],"wp:featuredmedia":[{"embeddable":true,"href":"https:\/\/linitiative.ca\/International\/wp-json\/"}],"wp:attachment":[{"href":"https:\/\/linitiative.ca\/International\/wp-json\/wp\/v2\/media?parent=19959"}],"wp:term":[{"taxonomy":"category","embeddable":true,"href":"https:\/\/linitiative.ca\/International\/wp-json\/wp\/v2\/categories?post=19959"},{"taxonomy":"post_tag","embeddable":true,"href":"https:\/\/linitiative.ca\/International\/wp-json\/wp\/v2\/tags?post=19959"}],"curies":[{"name":"wp","href":"https:\/\/api.w.org\/{rel}","templated":true}]}}