{"id":19965,"date":"2019-03-05T18:00:00","date_gmt":"2019-03-05T23:00:00","guid":{"rendered":"https:\/\/linitiative.ca\/International\/tamanrasset-deces-du-depute-mohamed-baba-ali\/"},"modified":"2019-03-05T18:00:00","modified_gmt":"2019-03-05T23:00:00","slug":"tamanrasset-deces-du-depute-mohamed-baba-ali","status":"publish","type":"post","link":"https:\/\/linitiative.ca\/International\/tamanrasset-deces-du-depute-mohamed-baba-ali\/","title":{"rendered":"Tamanrasset   : d\u00e9c\u00e9s du d\u00e9put\u00e9 Mohamed Baba Ali"},"content":{"rendered":"<p>Le d\u00e9put\u00e9 de la wilaya de Tamanrasset, Mohamed Baba Ali, est d\u00e9c\u00e9d\u00e9 lundi \u00e0 l&rsquo;h\u00f4pital militaire universitaire de Bouchaoui (Alger), \u00e0 l&rsquo;\u00e2ge de 52 ans. Le d\u00e9funt est natif de la commune d&rsquo;Idel\u00e8s (200 km de Tamanrasset) o\u00f9 il a fait ses \u00e9tudes, avant de rallier les rangs des Scouts musulmans alg\u00e9riens et d&rsquo;adh\u00e9rer au mouvement associatif en cofondant l&rsquo;association culturelle Tinfoussine, puis au sein de l&rsquo;Union nationale de la jeunesse alg\u00e9rienne. Il a \u00e9t\u00e9 \u00e9lu \u00e0 l&rsquo;Assembl\u00e9e populaire de la wilaya de Tamanrasset, o\u00f9 il a assum\u00e9 plusieurs mandats, et a \u00e9t\u00e9 secr\u00e9taire de wilaya du parti du Rassemblement national d\u00e9mocratique, avant d&rsquo;\u00eatre \u00e9lu durant deux mandats successifs \u00e0 l&rsquo;APN. Le d\u00e9funt avait \u00e9t\u00e9 victime d&rsquo;un accident de circulation \u00e0 Tamanrasset o\u00f9 il a \u00e9t\u00e9 soign\u00e9, avant d&rsquo;\u00eatre \u00e9vacu\u00e9 vers l&rsquo;h\u00f4pital de Bouchaoui o\u00f9 il est d\u00e9c\u00e9d\u00e9. Le d\u00e9funt \u00e9tait mari\u00e9 et p\u00e8re de cinq enfants.<br \/>\u00a0<\/p>\n<p>Auteur: elmoudjahid<br \/>\n<a href=\"http:\/\/www.elmoudjahid.com\/fr\/actualites\/134480\">Cliquez ici pour lire l&rsquo;article depuis sa source.<\/a><\/p>\n","protected":false},"excerpt":{"rendered":"<p>Le d\u00e9put\u00e9 de la wilaya de Tamanrasset, Mohamed Baba Ali, est d\u00e9c\u00e9d\u00e9 lundi \u00e0 l&rsquo;h\u00f4pital militaire universitaire de Bouchaoui (Alger), \u00e0 l&rsquo;\u00e2ge de 52 ans. Le d\u00e9funt est natif de la commune d&rsquo;Idel\u00e8s (200 km de Tamanrasset) o\u00f9 il a fait ses \u00e9tudes, avant de rallier les rangs des Scouts musulmans alg\u00e9riens et d&rsquo;adh\u00e9rer au [&hellip;]<\/p>\n","protected":false},"author":1744,"featured_media":0,"comment_status":"closed","ping_status":"closed","sticky":false,"template":"","format":"standard","meta":{"fifu_image_url":"","fifu_image_alt":"","footnotes":""},"categories":[73,53],"tags":[],"class_list":["post-19965","post","type-post","status-publish","format-standard","hentry","category-actualite","category-algerie"],"_links":{"self":[{"href":"https:\/\/linitiative.ca\/International\/wp-json\/wp\/v2\/posts\/19965","targetHints":{"allow":["GET"]}}],"collection":[{"href":"https:\/\/linitiative.ca\/International\/wp-json\/wp\/v2\/posts"}],"about":[{"href":"https:\/\/linitiative.ca\/International\/wp-json\/wp\/v2\/types\/post"}],"author":[{"embeddable":true,"href":"https:\/\/linitiative.ca\/International\/wp-json\/wp\/v2\/users\/1744"}],"replies":[{"embeddable":true,"href":"https:\/\/linitiative.ca\/International\/wp-json\/wp\/v2\/comments?post=19965"}],"version-history":[{"count":0,"href":"https:\/\/linitiative.ca\/International\/wp-json\/wp\/v2\/posts\/19965\/revisions"}],"wp:attachment":[{"href":"https:\/\/linitiative.ca\/International\/wp-json\/wp\/v2\/media?parent=19965"}],"wp:term":[{"taxonomy":"category","embeddable":true,"href":"https:\/\/linitiative.ca\/International\/wp-json\/wp\/v2\/categories?post=19965"},{"taxonomy":"post_tag","embeddable":true,"href":"https:\/\/linitiative.ca\/International\/wp-json\/wp\/v2\/tags?post=19965"}],"curies":[{"name":"wp","href":"https:\/\/api.w.org\/{rel}","templated":true}]}}