{"id":19966,"date":"2019-03-05T18:00:00","date_gmt":"2019-03-05T23:00:00","guid":{"rendered":"https:\/\/linitiative.ca\/International\/modernisation-et-humanisation-du-secteur-penitentiaire-des-avancees-importantes\/"},"modified":"2019-03-05T18:00:00","modified_gmt":"2019-03-05T23:00:00","slug":"modernisation-et-humanisation-du-secteur-penitentiaire-des-avancees-importantes","status":"publish","type":"post","link":"https:\/\/linitiative.ca\/International\/modernisation-et-humanisation-du-secteur-penitentiaire-des-avancees-importantes\/","title":{"rendered":"Modernisation et humanisation du secteur p\u00e9nitentiaire :  Des avanc\u00e9es importantes"},"content":{"rendered":"<p>L\u2019Alg\u00e9rie a r\u00e9alis\u00e9 des avanc\u00e9es importantes en mati\u00e8re de modernisation et d\u2019humanisation du secteur p\u00e9nitentiaire, de r\u00e9adaptation et de r\u00e9insertion des d\u00e9tenus, a affirm\u00e9, hier \u00e0 Adrar, le directeur g\u00e9n\u00e9ral de l\u2019Administration p\u00e9nitentiaire, Mokhtar Felioune, \u00e0 l\u2019ouverture d\u2019un s\u00e9minaire sur \u00ables strat\u00e9gies p\u00e9nales contemporaines\u00bb. M. Felioune a pass\u00e9 en revue le programme de la r\u00e9forme p\u00e9nitentiaire en Alg\u00e9rie en termes de planification et de r\u00e9sultats atteints par la commission nationale de la r\u00e9forme de la justice qui se pr\u00e9sente en deux aspects, le premier li\u00e9 \u00e0 la r\u00e9forme de la justice et le second \u00e0 la r\u00e9forme p\u00e9nitentiaire, ajoutant que \u00abl\u2019Etat s\u2019emploie \u00e0 la cons\u00e9cration de la transparence dans la gestion des prisons et le traitement des d\u00e9tenus, \u00e0 travers l\u2019ouverture du secteur sur les acteurs de la soci\u00e9t\u00e9 civile, dont les associations nationales qui visitent les \u00e9tablissements p\u00e9nitentiaires pour s\u2019enqu\u00e9rir des conditions de la population carc\u00e9rale\u00bb. M. Felioune a estim\u00e9 que les mutations sociales ont \u00e9t\u00e9 \u00e0 l\u2019origine de la mise en \u0153uvre des r\u00e9formes du syst\u00e8me juridique, en vue de mettre les textes juridiques au diapason de ces mutations. Il a fait \u00e9tat, dans ce cadre, de la signature de plusieurs conventions aff\u00e9rentes \u00e0 la modernisation des prisons et l\u2019adoption de programmes palliatifs ayant fait preuve d\u2019efficacit\u00e9 dans le traitement des diff\u00e9rents fl\u00e9aux li\u00e9s \u00e0 la toxicomanie, la d\u00e9linquance, la violence et la criminalit\u00e9.<\/p>\n<p>Auteur: elmoudjahid<br \/>\n<a href=\"http:\/\/www.elmoudjahid.com\/fr\/actualites\/134481\">Cliquez ici pour lire l&rsquo;article depuis sa source.<\/a><\/p>\n","protected":false},"excerpt":{"rendered":"<p>L\u2019Alg\u00e9rie a r\u00e9alis\u00e9 des avanc\u00e9es importantes en mati\u00e8re de modernisation et d\u2019humanisation du secteur p\u00e9nitentiaire, de r\u00e9adaptation et de r\u00e9insertion des d\u00e9tenus, a affirm\u00e9, hier \u00e0 Adrar, le directeur g\u00e9n\u00e9ral de l\u2019Administration p\u00e9nitentiaire, Mokhtar Felioune, \u00e0 l\u2019ouverture d\u2019un s\u00e9minaire sur \u00ables strat\u00e9gies p\u00e9nales contemporaines\u00bb. M. Felioune a pass\u00e9 en revue le programme de la r\u00e9forme [&hellip;]<\/p>\n","protected":false},"author":1744,"featured_media":0,"comment_status":"closed","ping_status":"closed","sticky":false,"template":"","format":"standard","meta":{"fifu_image_url":"","fifu_image_alt":"","footnotes":""},"categories":[73,53],"tags":[],"class_list":["post-19966","post","type-post","status-publish","format-standard","hentry","category-actualite","category-algerie"],"_links":{"self":[{"href":"https:\/\/linitiative.ca\/International\/wp-json\/wp\/v2\/posts\/19966","targetHints":{"allow":["GET"]}}],"collection":[{"href":"https:\/\/linitiative.ca\/International\/wp-json\/wp\/v2\/posts"}],"about":[{"href":"https:\/\/linitiative.ca\/International\/wp-json\/wp\/v2\/types\/post"}],"author":[{"embeddable":true,"href":"https:\/\/linitiative.ca\/International\/wp-json\/wp\/v2\/users\/1744"}],"replies":[{"embeddable":true,"href":"https:\/\/linitiative.ca\/International\/wp-json\/wp\/v2\/comments?post=19966"}],"version-history":[{"count":0,"href":"https:\/\/linitiative.ca\/International\/wp-json\/wp\/v2\/posts\/19966\/revisions"}],"wp:attachment":[{"href":"https:\/\/linitiative.ca\/International\/wp-json\/wp\/v2\/media?parent=19966"}],"wp:term":[{"taxonomy":"category","embeddable":true,"href":"https:\/\/linitiative.ca\/International\/wp-json\/wp\/v2\/categories?post=19966"},{"taxonomy":"post_tag","embeddable":true,"href":"https:\/\/linitiative.ca\/International\/wp-json\/wp\/v2\/tags?post=19966"}],"curies":[{"name":"wp","href":"https:\/\/api.w.org\/{rel}","templated":true}]}}