{"id":19967,"date":"2019-03-05T18:00:00","date_gmt":"2019-03-05T23:00:00","guid":{"rendered":"https:\/\/linitiative.ca\/International\/diplomatie-agrement-a-la-nomination-du-nouvel-ambassadeur-de-la-thailande\/"},"modified":"2019-03-05T18:00:00","modified_gmt":"2019-03-05T23:00:00","slug":"diplomatie-agrement-a-la-nomination-du-nouvel-ambassadeur-de-la-thailande","status":"publish","type":"post","link":"https:\/\/linitiative.ca\/International\/diplomatie-agrement-a-la-nomination-du-nouvel-ambassadeur-de-la-thailande\/","title":{"rendered":"Diplomatie :  Agr\u00e9ment \u00e0 la nomination du nouvel ambassadeur de la Tha\u00eflande"},"content":{"rendered":"<p>Le gouvernement alg\u00e9rien a donn\u00e9 son agr\u00e9ment \u00e0 la nomination de M. Sarun Charoensuwan, en qualit\u00e9 d&rsquo;ambassadeur extraordinaire et pl\u00e9nipotentiaire du Royaume de Tha\u00eflande aupr\u00e8s de la R\u00e9publique alg\u00e9rienne d\u00e9mocratique et populaire avec r\u00e9sidence \u00e0 Paris, indique un communiqu\u00e9 du minist\u00e8re des Affaires \u00e9trang\u00e8res.<br \/>\u00a0<\/p>\n<p>Auteur: elmoudjahid<br \/>\n<a href=\"http:\/\/www.elmoudjahid.com\/fr\/actualites\/134482\">Cliquez ici pour lire l&rsquo;article depuis sa source.<\/a><\/p>\n","protected":false},"excerpt":{"rendered":"<p>Le gouvernement alg\u00e9rien a donn\u00e9 son agr\u00e9ment \u00e0 la nomination de M. Sarun Charoensuwan, en qualit\u00e9 d&rsquo;ambassadeur extraordinaire et pl\u00e9nipotentiaire du Royaume de Tha\u00eflande aupr\u00e8s de la R\u00e9publique alg\u00e9rienne d\u00e9mocratique et populaire avec r\u00e9sidence \u00e0 Paris, indique un communiqu\u00e9 du minist\u00e8re des Affaires \u00e9trang\u00e8res.\u00a0 Auteur: elmoudjahid Cliquez ici pour lire l&rsquo;article depuis sa source.<\/p>\n","protected":false},"author":1744,"featured_media":0,"comment_status":"closed","ping_status":"closed","sticky":false,"template":"","format":"standard","meta":{"fifu_image_url":"","fifu_image_alt":"","footnotes":""},"categories":[73,53],"tags":[],"class_list":["post-19967","post","type-post","status-publish","format-standard","hentry","category-actualite","category-algerie"],"_links":{"self":[{"href":"https:\/\/linitiative.ca\/International\/wp-json\/wp\/v2\/posts\/19967","targetHints":{"allow":["GET"]}}],"collection":[{"href":"https:\/\/linitiative.ca\/International\/wp-json\/wp\/v2\/posts"}],"about":[{"href":"https:\/\/linitiative.ca\/International\/wp-json\/wp\/v2\/types\/post"}],"author":[{"embeddable":true,"href":"https:\/\/linitiative.ca\/International\/wp-json\/wp\/v2\/users\/1744"}],"replies":[{"embeddable":true,"href":"https:\/\/linitiative.ca\/International\/wp-json\/wp\/v2\/comments?post=19967"}],"version-history":[{"count":0,"href":"https:\/\/linitiative.ca\/International\/wp-json\/wp\/v2\/posts\/19967\/revisions"}],"wp:attachment":[{"href":"https:\/\/linitiative.ca\/International\/wp-json\/wp\/v2\/media?parent=19967"}],"wp:term":[{"taxonomy":"category","embeddable":true,"href":"https:\/\/linitiative.ca\/International\/wp-json\/wp\/v2\/categories?post=19967"},{"taxonomy":"post_tag","embeddable":true,"href":"https:\/\/linitiative.ca\/International\/wp-json\/wp\/v2\/tags?post=19967"}],"curies":[{"name":"wp","href":"https:\/\/api.w.org\/{rel}","templated":true}]}}