{"id":19968,"date":"2019-03-05T18:00:00","date_gmt":"2019-03-05T23:00:00","guid":{"rendered":"https:\/\/linitiative.ca\/International\/reglement-du-conflit-du-sahara-occidental-m-kohler-rencontre-marocains-et-sahraouis\/"},"modified":"2019-03-05T18:00:00","modified_gmt":"2019-03-05T23:00:00","slug":"reglement-du-conflit-du-sahara-occidental-m-kohler-rencontre-marocains-et-sahraouis","status":"publish","type":"post","link":"https:\/\/linitiative.ca\/International\/reglement-du-conflit-du-sahara-occidental-m-kohler-rencontre-marocains-et-sahraouis\/","title":{"rendered":"R\u00e8glement du conflit du Sahara occidental : M. K\u00f6hler rencontre Marocains et Sahraouis"},"content":{"rendered":"<p><strong>La d\u00e9l\u00e9gation du Front Polisario aux n\u00e9gociations pour le r\u00e8glement du conflit sahraoui a eu des entretiens, \u00e0 Berlin, avec l&rsquo;Envoy\u00e9 personnel du Secr\u00e9taire g\u00e9n\u00e9ral au Sahara occidental, Horst K\u00f6hler, qui s&rsquo;\u00e9tait r\u00e9uni \u00e9galement\u00a0 avec une d\u00e9l\u00e9gation marocine, la semaine pass\u00e9e \u00e0 Paris.<\/strong><\/p>\n<p>Les deux rencontres qu&rsquo;\u00e0 eues M.\u2008K\u00f6hler avec Sahraouis et Marocains s&rsquo;inscrivent le sillage des efforts de l&rsquo;Onu en vue de relancer le processus de paix entre les deux parties en conflit, le Maroc et le Front Polisario. Il est notamment question, a-t-on indiqu\u00e9, de briser le statu quo pr\u00e9valant jusqu&rsquo;\u00e0 pr\u00e9sent dans le dossier du conflit, qui doit \u00eatre r\u00e9solu sur la base d&rsquo;une solution juste et durable, garantissant au peuple sahraoui l&rsquo;exercice de son droit \u00e0 l&rsquo;autod\u00e9termination.<br \/>La d\u00e9l\u00e9gation sahraouie \u00e0 Berlin est conduite par le membre du secr\u00e9tariat national du Front Polisario, Khatri Addouh, pr\u00e9sident du Conseil national sahraoui, accompagn\u00e9 de M\u2019hamed Khaddad, coordinateur du Front Polisario avec la Mission de l&rsquo;Onu pour l&rsquo;organisation du r\u00e9f\u00e9rendum au Sahara occidental (Minurso), Fatma Elmehdi, ex-pr\u00e9sidente du l&rsquo;Union des femmes sahraouies, Sidi Mohamed Omar, repr\u00e9sentant du Front Polisario aupr\u00e8s de l&rsquo;Onu et Mohamed Ali Zerouali, Conseiller aupr\u00e8s du Secr\u00e9tariat du Front Polisario. La r\u00e9union de Berlin refl\u00e8te la \u00abdynamique active\u00bb adopt\u00e9e par M. K\u00f6hler et sa volont\u00e9 de rompre avec l&rsquo;impasse dans laquelle le dossier avait \u00e9t\u00e9 confin\u00e9, notamment en raison de l&rsquo;attitude du Royaume marocain \u00e0 poursuivre son occupation du Sahara occidental\u00bb, a-t-on soulign\u00e9.<\/p>\n<p><strong>Implication sinc\u00e8re et respect\u00a0 des droits du peuple sahraoui<\/strong><\/p>\n<p>La d\u00e9l\u00e9gation du Front Polisario a r\u00e9it\u00e9r\u00e9, \u00e0 l&rsquo;occasion, son \u00abimplication sinc\u00e8re et constructive\u00bb dans les n\u00e9gociations sous les auspices de l&rsquo;Onu, \u00e0 travers son envoy\u00e9 personnel, Horst K\u00f6hler, qui a, sans cesse, exprim\u00e9 sa volont\u00e9 \u00e0 respecter, sans faille, \u00ables droits l\u00e9gitimes du peuple sahraoui \u00e0 l&rsquo;autod\u00e9termination et \u00e0 l&rsquo;ind\u00e9pendance\u00bb. M.\u2008K\u00f6hler avait pr\u00e9sent\u00e9 en janvier dernier un briefing au Conseil de s\u00e9curit\u00e9, dans lequel il a invit\u00e9 les parties au conflit, le Maroc et le Front Polisario, \u00e0 tenir des consultations concernant plusieurs questions li\u00e9es au processus politique, afin de pr\u00e9parer le deuxi\u00e8me cycle de n\u00e9gociations qui devra se tenir durant le mois de mars \u00e0 Gen\u00e8ve. Le responsable onusien avait organis\u00e9, les 5 et 6 d\u00e9cembre 2018 \u00e0 Gen\u00e8ve, une premi\u00e8re table ronde avec des d\u00e9l\u00e9gations marocaine et sahraouie, en pr\u00e9sence des pays voisins, l&rsquo;Alg\u00e9rie et la Mauritanie, alors qu&rsquo;il est attendu l&rsquo;annonce de la date de la deuxi\u00e8me table ronde pr\u00e9vue courant mars 2019.<\/p>\n<p>Auteur: elmoudjahid<br \/>\n<a href=\"http:\/\/www.elmoudjahid.com\/fr\/actualites\/134483\">Cliquez ici pour lire l&rsquo;article depuis sa source.<\/a><\/p>\n","protected":false},"excerpt":{"rendered":"<p>La d\u00e9l\u00e9gation du Front Polisario aux n\u00e9gociations pour le r\u00e8glement du conflit sahraoui a eu des entretiens, \u00e0 Berlin, avec l&rsquo;Envoy\u00e9 personnel du Secr\u00e9taire g\u00e9n\u00e9ral au Sahara occidental, Horst K\u00f6hler, qui s&rsquo;\u00e9tait r\u00e9uni \u00e9galement\u00a0 avec une d\u00e9l\u00e9gation marocine, la semaine pass\u00e9e \u00e0 Paris. Les deux rencontres qu&rsquo;\u00e0 eues M.\u2008K\u00f6hler avec Sahraouis et Marocains s&rsquo;inscrivent le [&hellip;]<\/p>\n","protected":false},"author":1744,"featured_media":0,"comment_status":"closed","ping_status":"closed","sticky":false,"template":"","format":"standard","meta":{"fifu_image_url":"","fifu_image_alt":"","footnotes":""},"categories":[73,53],"tags":[],"class_list":["post-19968","post","type-post","status-publish","format-standard","hentry","category-actualite","category-algerie"],"_links":{"self":[{"href":"https:\/\/linitiative.ca\/International\/wp-json\/wp\/v2\/posts\/19968","targetHints":{"allow":["GET"]}}],"collection":[{"href":"https:\/\/linitiative.ca\/International\/wp-json\/wp\/v2\/posts"}],"about":[{"href":"https:\/\/linitiative.ca\/International\/wp-json\/wp\/v2\/types\/post"}],"author":[{"embeddable":true,"href":"https:\/\/linitiative.ca\/International\/wp-json\/wp\/v2\/users\/1744"}],"replies":[{"embeddable":true,"href":"https:\/\/linitiative.ca\/International\/wp-json\/wp\/v2\/comments?post=19968"}],"version-history":[{"count":0,"href":"https:\/\/linitiative.ca\/International\/wp-json\/wp\/v2\/posts\/19968\/revisions"}],"wp:attachment":[{"href":"https:\/\/linitiative.ca\/International\/wp-json\/wp\/v2\/media?parent=19968"}],"wp:term":[{"taxonomy":"category","embeddable":true,"href":"https:\/\/linitiative.ca\/International\/wp-json\/wp\/v2\/categories?post=19968"},{"taxonomy":"post_tag","embeddable":true,"href":"https:\/\/linitiative.ca\/International\/wp-json\/wp\/v2\/tags?post=19968"}],"curies":[{"name":"wp","href":"https:\/\/api.w.org\/{rel}","templated":true}]}}