{"id":19989,"date":"2019-03-06T07:37:12","date_gmt":"2019-03-06T12:37:12","guid":{"rendered":"https:\/\/linitiative.ca\/International\/86505-nahd-gor-mahia-la-federation-kenyane-conteste-l-arbitrage-aupres-de-la-caf\/"},"modified":"2019-03-06T07:37:12","modified_gmt":"2019-03-06T12:37:12","slug":"86505-nahd-gor-mahia-la-federation-kenyane-conteste-l-arbitrage-aupres-de-la-caf","status":"publish","type":"post","link":"https:\/\/linitiative.ca\/International\/86505-nahd-gor-mahia-la-federation-kenyane-conteste-l-arbitrage-aupres-de-la-caf\/","title":{"rendered":"NAHD &#8211; Gor Mahia : la f\u00e9d\u00e9ration k\u00e9nyane conteste l&rsquo;arbitrage aupr\u00e8s de la CAF"},"content":{"rendered":"<div>\n<div class=\"K2FeedImage\"><img decoding=\"async\" src=\"http:\/\/www.aps.dz\/media\/k2\/items\/cache\/01888851a9af58a354a4711d9ea9efcf_S.jpg\" alt=\"NAHD - Gor Mahia : la f\u00e9d\u00e9ration k\u00e9nyane conteste l'arbitrage aupr\u00e8s de la CAF\"><\/div>\n<div class=\"K2FeedIntroText\">\n<p>PARIS &#8211; La f\u00e9d\u00e9ration k\u00e9nyane de football a d\u00e9pos\u00e9 une contestation aupr\u00e8s de la Conf\u00e9d\u00e9ration africaine de football (CAF), pour se plaindre de l&rsquo;arbitrage du match NA Husse\u00efn-Dey &#8211; Gor Mahia (1-0), disput\u00e9 dimanche dernier au stade du 5-juillet, dans le cadre de la 4e journ\u00e9e (Gr.D) de la phase de poules de la Coupe de la Conf\u00e9d\u00e9ration, rapporte mercredi le site Football365.<\/p>\n<\/div>\n<div class=\"K2FeedFullText\">\n<p>\u00ab\u00a0Dans le viseur, l\u2019arbitre malien de la rencontre, Boubou Traor\u00e9, coupable aux yeux des visiteurs d\u2019avoir refus\u00e9 un but \u00e9galisateur valable \u00e0 Shafik Batambuze en seconde p\u00e9riode. La F\u00e9d\u00e9ration k\u00e9nyane de football a saisi la CAF du dossier\u00a0\u00bb, pr\u00e9cise la m\u00eame source.<\/p>\n<p>Une victoire qui a permis aux \u00ab\u00a0Sang et Or\u00a0\u00bb de s&#8217;emparer de la t\u00eate du classement avec 7 points, avec une longueur d&rsquo;avance sur son poursuivant direct Gor Mahia (6 pts).<\/p>\n<p>Lors de la 5e journ\u00e9e, pr\u00e9vue le dimanche 10 mars, le NAHD se rendra \u00e0 Luanda pour d\u00e9fier les Angolais de Petro Atl\u00e9tico, alors que le Zamalek accueillera Gor Mahia.<\/p>\n<\/div>\n<p><img loading=\"lazy\" decoding=\"async\" src=\"http:\/\/feeds.feedburner.com\/~r\/aps-sport\/~4\/Y9UtE0BEkJI\" height=\"1\" width=\"1\" alt=\"\"><\/div>\n<p>Auteur:<br \/>\n<a href=\"http:\/\/www.aps.dz\/sport\/86505-nahd-gor-mahia-la-federation-kenyane-conteste-l-arbitrage-aupres-de-la-caf?utm_source=feedburner&#038;utm_medium=feed&#038;utm_campaign=Feed%3A+aps-sport+%28APS+-+SPORT%29\">Cliquez ici pour lire l&rsquo;article depuis sa source.<\/a><\/p>\n","protected":false},"excerpt":{"rendered":"<p>PARIS &#8211; La f\u00e9d\u00e9ration k\u00e9nyane de football a d\u00e9pos\u00e9 une contestation aupr\u00e8s de la Conf\u00e9d\u00e9ration africaine de football (CAF), pour se plaindre de l&rsquo;arbitrage du match NA Husse\u00efn-Dey &#8211; Gor Mahia (1-0), disput\u00e9 dimanche dernier au stade du 5-juillet, dans le cadre de la 4e journ\u00e9e (Gr.D) de la phase de poules de la Coupe [&hellip;]<\/p>\n","protected":false},"author":1790,"featured_media":19990,"comment_status":"closed","ping_status":"closed","sticky":false,"template":"","format":"standard","meta":{"fifu_image_url":"","fifu_image_alt":"","footnotes":""},"categories":[53,75],"tags":[],"class_list":["post-19989","post","type-post","status-publish","format-standard","has-post-thumbnail","hentry","category-algerie","category-sport"],"_links":{"self":[{"href":"https:\/\/linitiative.ca\/International\/wp-json\/wp\/v2\/posts\/19989","targetHints":{"allow":["GET"]}}],"collection":[{"href":"https:\/\/linitiative.ca\/International\/wp-json\/wp\/v2\/posts"}],"about":[{"href":"https:\/\/linitiative.ca\/International\/wp-json\/wp\/v2\/types\/post"}],"author":[{"embeddable":true,"href":"https:\/\/linitiative.ca\/International\/wp-json\/wp\/v2\/users\/1790"}],"replies":[{"embeddable":true,"href":"https:\/\/linitiative.ca\/International\/wp-json\/wp\/v2\/comments?post=19989"}],"version-history":[{"count":0,"href":"https:\/\/linitiative.ca\/International\/wp-json\/wp\/v2\/posts\/19989\/revisions"}],"wp:featuredmedia":[{"embeddable":true,"href":"https:\/\/linitiative.ca\/International\/wp-json\/"}],"wp:attachment":[{"href":"https:\/\/linitiative.ca\/International\/wp-json\/wp\/v2\/media?parent=19989"}],"wp:term":[{"taxonomy":"category","embeddable":true,"href":"https:\/\/linitiative.ca\/International\/wp-json\/wp\/v2\/categories?post=19989"},{"taxonomy":"post_tag","embeddable":true,"href":"https:\/\/linitiative.ca\/International\/wp-json\/wp\/v2\/tags?post=19989"}],"curies":[{"name":"wp","href":"https:\/\/api.w.org\/{rel}","templated":true}]}}