{"id":20018,"date":"2019-03-06T13:04:00","date_gmt":"2019-03-06T18:04:00","guid":{"rendered":"https:\/\/linitiative.ca\/International\/cour-constitutionnelle-ni-ayachi-hammami-ni-sana-ben-achour-on-repart-a-zero\/"},"modified":"2019-03-06T13:04:00","modified_gmt":"2019-03-06T18:04:00","slug":"cour-constitutionnelle-ni-ayachi-hammami-ni-sana-ben-achour-on-repart-a-zero","status":"publish","type":"post","link":"https:\/\/linitiative.ca\/International\/cour-constitutionnelle-ni-ayachi-hammami-ni-sana-ben-achour-on-repart-a-zero\/","title":{"rendered":"Cour constitutionnelle : Ni Ayachi Hammami, ni Sana Ben Achour ! On repart \u00e0 z\u00e9ro"},"content":{"rendered":"<p>Encore un rendez-vous manqu\u00e9 ! La sagesse ne l\u2019a pas emport\u00e9 mercredi apr\u00e8s-midi sur les bancs de l\u2019Assembl\u00e9e des Repr\u00e9sentants du Peuple pour choisir les trois sages devant si\u00e9ger \u00e0 la Cour Constitutionnelle ! Le troisi\u00e8me tour s\u2019est d\u00e9clar\u00e9 infructueux. Quasiment en ballotage \u00e0 une voix pr\u00e8s dans la cat\u00e9gorie des Juristes, Ayachi Hammami, port\u00e9 par Ennahdha et la gauche, n\u2019a r\u00e9colt\u00e9 que 78 voix alors que Sana Ben Achour, soutenue par Al Kotla, le talonne \u00e0 77 voix, tous deux loin du minimum requis.\u00a0<\/p>\n<p>M\u00eame sort \u00e9galement, dans la cat\u00e9gorie des non-juristes. Chokri Mabkhout, avec 44 voix \u00e9tait devanc\u00e9 par Mokhtar Bouaziz qui a recueilli 61 voix.<\/p>\n<p>Du coup, les trois si\u00e8ges sur quatre d\u00e9volus \u00e0 l\u2019ARP, qui restaient \u00e0 pourvoir, sont rest\u00e9s en suspens. Seule, la magistrate Raoudha Ouersghini (Contentieux de l\u2019Etat), candidate de Nidaa avait arrach\u00e9 sa place, il y a un an, le 14 mars 2018.<\/p>\n<p>On remet alors les compteurs \u00e0 z\u00e9ro pour les trois si\u00e8ges et on recommence. Le bureau de l\u2019ARP aura \u00e0 proc\u00e9der \u00e0 la r\u00e9ouverture des candidatures.\u00a0<\/p>\n<p>Que de temps et d\u2019\u00e9nergies perdues dans les tiraillements politiques st\u00e9riles. Alors que tous, Tunisiens et amis de la Tunisie r\u00e9clament la mise en place le plus rapidement possible de la Cour constitutionnelle en signal fort, il va falloir continuer \u00e0 patienter. Jusqu\u2019\u00e0 quand ?<\/p>\n<p>Auteur:<br \/>\n<a href=\"https:\/\/www.leaders.com.tn\/article\/26631-cour-constitutionnelle-ni-ayachi-hammami-ni-sana-ben-achour-on-repart-de-zero\">Cliquez ici pour lire l&rsquo;article depuis sa source.<\/a><\/p>\n","protected":false},"excerpt":{"rendered":"<p>Encore un rendez-vous manqu\u00e9 ! La sagesse ne l\u2019a pas emport\u00e9 mercredi apr\u00e8s-midi sur les bancs de l\u2019Assembl\u00e9e des Repr\u00e9sentants du Peuple pour choisir les trois sages devant si\u00e9ger \u00e0 la Cour Constitutionnelle ! Le troisi\u00e8me tour s\u2019est d\u00e9clar\u00e9 infructueux. Quasiment en ballotage \u00e0 une voix pr\u00e8s dans la cat\u00e9gorie des Juristes, Ayachi Hammami, port\u00e9 [&hellip;]<\/p>\n","protected":false},"author":1772,"featured_media":0,"comment_status":"closed","ping_status":"closed","sticky":false,"template":"","format":"standard","meta":{"fifu_image_url":"","fifu_image_alt":"","footnotes":""},"categories":[73,55],"tags":[],"class_list":["post-20018","post","type-post","status-publish","format-standard","hentry","category-actualite","category-tunisie"],"_links":{"self":[{"href":"https:\/\/linitiative.ca\/International\/wp-json\/wp\/v2\/posts\/20018","targetHints":{"allow":["GET"]}}],"collection":[{"href":"https:\/\/linitiative.ca\/International\/wp-json\/wp\/v2\/posts"}],"about":[{"href":"https:\/\/linitiative.ca\/International\/wp-json\/wp\/v2\/types\/post"}],"author":[{"embeddable":true,"href":"https:\/\/linitiative.ca\/International\/wp-json\/wp\/v2\/users\/1772"}],"replies":[{"embeddable":true,"href":"https:\/\/linitiative.ca\/International\/wp-json\/wp\/v2\/comments?post=20018"}],"version-history":[{"count":0,"href":"https:\/\/linitiative.ca\/International\/wp-json\/wp\/v2\/posts\/20018\/revisions"}],"wp:attachment":[{"href":"https:\/\/linitiative.ca\/International\/wp-json\/wp\/v2\/media?parent=20018"}],"wp:term":[{"taxonomy":"category","embeddable":true,"href":"https:\/\/linitiative.ca\/International\/wp-json\/wp\/v2\/categories?post=20018"},{"taxonomy":"post_tag","embeddable":true,"href":"https:\/\/linitiative.ca\/International\/wp-json\/wp\/v2\/tags?post=20018"}],"curies":[{"name":"wp","href":"https:\/\/api.w.org\/{rel}","templated":true}]}}