{"id":20037,"date":"2019-03-06T13:02:20","date_gmt":"2019-03-06T18:02:20","guid":{"rendered":"https:\/\/linitiative.ca\/International\/tunisie-audio-lugtt-se-desengage-de-la-greve-qui-paralyse-le-bassin-minier\/"},"modified":"2019-03-06T13:02:20","modified_gmt":"2019-03-06T18:02:20","slug":"tunisie-audio-lugtt-se-desengage-de-la-greve-qui-paralyse-le-bassin-minier","status":"publish","type":"post","link":"https:\/\/linitiative.ca\/International\/tunisie-audio-lugtt-se-desengage-de-la-greve-qui-paralyse-le-bassin-minier\/","title":{"rendered":"Tunisie \u2013 AUDIO\u00a0: L\u2019UGTT se d\u00e9sengage de la gr\u00e8ve qui paralyse le bassin minier"},"content":{"rendered":"<div class=\"post-cont-in left relative\">\n<div class=\"nc_socialPanel swp_flatFresh swp_d_fullColor swp_i_fullColor swp_o_fullColor scale-100 scale-fullWidth\" data-position=\"none\" data-float=\"floatNone\" data-count=\"5\" data-floatcolor=\"#ffffff\" data-emphasize=\"0\">\n<div class=\"nc_tweetContainer totes totesalt\" data-id=\"6\"><span class=\"swp_count\"><span class=\"swp_label\">Partages<\/span> 57<\/span><\/div>\n<\/div>\n<p>Le Secr\u00e9taire G\u00e9n\u00e9ral adjoint de l\u2019UGTT, Sami Tahri a assur\u00e9 que l\u2019UGTT n\u2019avait rien \u00e0 voir avec les gr\u00e8ves qui paralysent la production du phosphate, depuis dix jours. Il a expliqu\u00e9 que la centrale a appel\u00e9 \u00e0 la reprise du travail d\u00e8s le premier jour, mais qu\u2019il s\u2019agissait de mouvements protestataires non encadr\u00e9s et qui nuisent, en premier lieu aux ouvriers du secteur, ainsi qu\u2019au pays qui a un besoin vital des rentr\u00e9es du phosphate.<\/p>\n<p><a href=\"https:\/\/www.tunisienumerique.com\/wp-content\/uploads\/2019\/03\/Sami-Tahri.mp3\">https:\/\/www.tunisienumerique.com\/wp-content\/uploads\/2019\/03\/Sami-Tahri.mp3<\/a><\/p>\n<div class=\"mvp-org-wrap mvp-org-logo\" itemprop=\"publisher\" itemscope=\"\" itemtype=\"https:\/\/schema.org\/Organization\"><img decoding=\"async\" src=\"https:\/\/www.tunisienumerique.com\/wp-content\/uploads\/2017\/02\/logo_tunisie_numerique.png\"\/><\/div>\n<div class=\"nc_socialPanel swp_flatFresh swp_d_fullColor swp_i_fullColor swp_o_fullColor scale-100 scale-fullWidth\" data-position=\"none\" data-float=\"floatNone\" data-count=\"5\" data-floatcolor=\"#ffffff\" data-emphasize=\"0\">\n<div class=\"nc_tweetContainer totes totesalt\" data-id=\"6\"><span class=\"swp_count\"><span class=\"swp_label\">Partages<\/span> 57<\/span><\/div>\n<\/div>\n<div class=\"mvp-related-posts left relative\">\n<h4 class=\"post-header\"><span class=\"post-header\">Lire aussi<\/span><\/h4>\n<\/div>\n<\/div>\n<p>Auteur: LM<br \/>\n<a href=\"https:\/\/www.tunisienumerique.com\/tunisie-audio-lugtt-se-desengage-de-la-greve-qui-paralyse-le-bassin-minier\/\">Cliquez ici pour lire l&rsquo;article depuis sa source.<\/a><\/p>\n","protected":false},"excerpt":{"rendered":"<p>Partages 57 Le Secr\u00e9taire G\u00e9n\u00e9ral adjoint de l\u2019UGTT, Sami Tahri a assur\u00e9 que l\u2019UGTT n\u2019avait rien \u00e0 voir avec les gr\u00e8ves qui paralysent la production du phosphate, depuis dix jours. Il a expliqu\u00e9 que la centrale a appel\u00e9 \u00e0 la reprise du travail d\u00e8s le premier jour, mais qu\u2019il s\u2019agissait de mouvements protestataires non encadr\u00e9s [&hellip;]<\/p>\n","protected":false},"author":1789,"featured_media":20038,"comment_status":"closed","ping_status":"closed","sticky":false,"template":"","format":"standard","meta":{"fifu_image_url":"","fifu_image_alt":"","footnotes":""},"categories":[73,55],"tags":[],"class_list":["post-20037","post","type-post","status-publish","format-standard","has-post-thumbnail","hentry","category-actualite","category-tunisie"],"_links":{"self":[{"href":"https:\/\/linitiative.ca\/International\/wp-json\/wp\/v2\/posts\/20037","targetHints":{"allow":["GET"]}}],"collection":[{"href":"https:\/\/linitiative.ca\/International\/wp-json\/wp\/v2\/posts"}],"about":[{"href":"https:\/\/linitiative.ca\/International\/wp-json\/wp\/v2\/types\/post"}],"author":[{"embeddable":true,"href":"https:\/\/linitiative.ca\/International\/wp-json\/wp\/v2\/users\/1789"}],"replies":[{"embeddable":true,"href":"https:\/\/linitiative.ca\/International\/wp-json\/wp\/v2\/comments?post=20037"}],"version-history":[{"count":0,"href":"https:\/\/linitiative.ca\/International\/wp-json\/wp\/v2\/posts\/20037\/revisions"}],"wp:featuredmedia":[{"embeddable":true,"href":"https:\/\/linitiative.ca\/International\/wp-json\/"}],"wp:attachment":[{"href":"https:\/\/linitiative.ca\/International\/wp-json\/wp\/v2\/media?parent=20037"}],"wp:term":[{"taxonomy":"category","embeddable":true,"href":"https:\/\/linitiative.ca\/International\/wp-json\/wp\/v2\/categories?post=20037"},{"taxonomy":"post_tag","embeddable":true,"href":"https:\/\/linitiative.ca\/International\/wp-json\/wp\/v2\/tags?post=20037"}],"curies":[{"name":"wp","href":"https:\/\/api.w.org\/{rel}","templated":true}]}}