{"id":20049,"date":"2019-03-06T17:04:57","date_gmt":"2019-03-06T22:04:57","guid":{"rendered":"https:\/\/linitiative.ca\/International\/sortie-des-etats-unis-sur-lalgerie\/"},"modified":"2019-03-06T17:04:57","modified_gmt":"2019-03-06T22:04:57","slug":"sortie-des-etats-unis-sur-lalgerie","status":"publish","type":"post","link":"https:\/\/linitiative.ca\/International\/sortie-des-etats-unis-sur-lalgerie\/","title":{"rendered":"SORTIE DES ETATS-UNIS SUR L\u2019ALGERIE"},"content":{"rendered":"<p><img decoding=\"async\" class=\"post_layout_5_img\" src=\"http:\/\/lepays.bf\/wp-content\/uploads\/2019\/03\/terrorisme_ain_defla_251830265-1728x800_c.jpg\" alt=\"SORTIE DES ETATS-UNIS SUR L\u2019ALGERIE\"\/><\/p>\n<p><strong>Quand l\u2019<em>Oncle Sam<\/em> met les pieds dans le plat<\/strong><\/p>\n<p>Alors que jusque-l\u00e0, la communaut\u00e9 internationale suivait, sans rien dire, les \u00e9v\u00e8nements en Alg\u00e9rie, les Etats-Unis d\u2019Am\u00e9rique viennent de rompre le silence, en apportant leur soutien aux manifestants. \u00ab\u00a0<em>Nous observons ces manifestations en Alg\u00e9rie et nous allons continuer \u00e0 le faire<\/em>. <em>Les Etats-Unis soutiennent le peuple alg\u00e9rien et son droit \u00e0 manifester pacifiquement\u00a0<\/em>\u00bb, a, en effet, d\u00e9clar\u00e9 le porte-parole de la diplomatie am\u00e9ricaine, Robert Palladino, devant la presse. La question que l\u2019on peut, tout de suite, se poser est la suivante\u00a0: quel impact cette sortie du D\u00e9partement d\u2019Etat am\u00e9ricain peut-elle avoir sur le cours des \u00e9v\u00e9nements\u00a0en Alg\u00e9rie ?<\/p>\n<p>M\u00eame si l\u2019on peut difficilement imaginer que la seule d\u00e9claration de soutien suffise \u00e0 faire plier le pouvoir alg\u00e9rien, elle vaut cependant son pesant d\u2019or.<\/p>\n<p><strong>L\u2019on devrait s\u2019attendre \u00e0 une pression internationale qui irait <em>crescendo<\/em><\/strong><\/p>\n<p>Car, non seulement les manifestants qui protestent contre la candidature du pr\u00e9sident Abdelaziz Bouteflika pour un cinqui\u00e8me mandat, peuvent s\u2019en ressentir galvanis\u00e9s, mais aussi elle pourrait avoir un effet d\u2019entra\u00eenement sur les nations proches des Etats-Unis. Dans les heures et jours \u00e0 venir, l\u2019on devrait logiquement s\u2019attendre \u00e0 une pression internationale qui irait <em>crescendo<\/em> sur le Front de lib\u00e9ration national (FLN)<\/p>\n<p>qui pourrait se sentir de plus en plus isol\u00e9. D\u00e9j\u00e0, la Commission europ\u00e9enne semble avoir embouch\u00e9 la m\u00eame trompette en appelant au respect\u00a0\u00ab\u00a0 <em>de la libert\u00e9 d\u2019expression et de r\u00e9union<\/em>\u00a0\u00bb telle qu\u2019inscrite dans la Constitution alg\u00e9rienne. Et m\u00eame si l\u2019heure n\u2019est pas encore aux sanctions contre le r\u00e9gime, ces prises de position peuvent avoir un effet dissuasif certain pour les autorit\u00e9s alg\u00e9riennes.<\/p>\n<p>Certes, la France qui a un lien ombilical avec l\u2019Alg\u00e9rie a rappel\u00e9 son ambassadeur pour consultation, mais elle reste, comme toujours, confin\u00e9e dans l\u2019\u00e9quilibrisme et la r\u00e9serve qui l\u2019ont toujours caract\u00e9ris\u00e9e face \u00e0 une Alg\u00e9rie qui porte en bandouli\u00e8re sa susceptibilit\u00e9 en ce qui concerne ses affaires int\u00e9rieures. Pour l\u2019instant donc, elle ne veut se montrer ni indiff\u00e9rente ni se laisser accuser d\u2019ing\u00e9rence dans les affaires int\u00e9rieures d\u2019une ancienne colonie. Sans doute attend-elle de voir quelle direction prendra le vent avant de se positionner. Et la diplomatie fran\u00e7aise peut d\u2019ailleurs \u00eatre d\u2019autant plus fond\u00e9e \u00e0 conserver cette posture qu\u2019elle a \u00e9t\u00e9 r\u00e9cemment \u00e9chaud\u00e9e dans la crise post-\u00e9lectorale qui se dessinait en R\u00e9publique d\u00e9mocratique du Congo (RDC), quand Martin Fayulu et F\u00e9lix Tshisekedi se disputaient la victoire au lendemain de la pr\u00e9sidentielle.<\/p>\n<p>Plus assourdissant est cependant le mutisme du continent africain. L\u2019Union africaine (UA) semble avoir perdu la langue. Ce silence est condamnable car l\u2019organisation panafricaine manque, comme \u00e0 l\u2019accoutum\u00e9e, un rendez-vous crucial, celui de se montrer proche des peuples africains. Elle confirme ainsi<\/p>\n<p>qu\u2019elle est un syndicat des chefs d\u2019Etat africains.<\/p>\n<p>Cela dit, la prise de position am\u00e9ricaine et les d\u00e9fections enregistr\u00e9es au sein du FLN face \u00e0 la pression populaire, isole davantage le pouvoir alg\u00e9rien, rendant in\u00e9luctable sa chute.<\/p>\n<p><strong>Les \u00e9v\u00e8nements en cours sont le chant du cygne pour le vieux pr\u00e9sident<\/strong><\/p>\n<p>Et ce n\u2019est pas la sortie du Chef d\u2019\u00e9tat-major, Ahmed Gaid Salah qui r\u00e9affirme le soutien et la loyaut\u00e9 de l\u2019arm\u00e9e au pr\u00e9sident Abdelaziz Bouteflika, qui ram\u00e8nera la s\u00e9r\u00e9nit\u00e9 dans les rangs du pouvoir. Elle peut contribuer \u00e0 pourrir la situation pour acc\u00e9l\u00e9rer la d\u00e9liquescence du pouvoir pour mieux le r\u00e9cup\u00e9rer. C\u2019est pourquoi il y a lieu de croire que les \u00e9v\u00e8nements en cours sont le chant du cygne pour le vieux pr\u00e9sident. Et le FLN aurait tort de ne pas se montrer capable de lire les signes des temps. C\u2019est d\u2019ailleurs en fuyant le d\u00e9bat sur la succession de Bouteflika pour se r\u00e9fugier derri\u00e8re le fragile \u00e9quilibre du consensus qu\u2019incarnait l\u2019impotent vieillard que le parti est aujourd\u2019hui contest\u00e9 par la rue. Il est donc plus que temps que le parti pr\u00e9sidentiel op\u00e8re sa mue pour int\u00e9grer les aspirations populaires. Du reste, que le r\u00e9gime chute ou pas, le FLN ne sera plus jamais le m\u00eame. Cela dit, quel sc\u00e9nario de sortie de crise est-il envisageable en Alg\u00e9rie\u00a0?<\/p>\n<p>De nombreux observateurs pensent improbable une sortie de crise n\u00e9goci\u00e9e entre acteurs de la sc\u00e8ne politique. Car, disent-ils, l\u2019Alg\u00e9rie n\u2019en a pas la tradition et l\u2019\u00e9l\u00e9ment militaire est trop pr\u00e9pond\u00e9rant dans la gestion du pays. Le sc\u00e9nario tout droit trac\u00e9 est donc l\u2019\u00e9ventualit\u00e9 de l\u2019av\u00e8nement d\u2019un militaire \u00e0 la t\u00eate de l\u2019Etat, suivi d\u2019une courte transition qui permettrait \u00e0 l\u2019arm\u00e9e de remettre en selle un r\u00e9gime sur lequel elle garderait la haute main. Et ce ne serait pas une premi\u00e8re dans l\u2019histoire du Maghreb. L\u2019on se souvient de l\u2019affaire Habib Bourguiba en Tunisie, et plus r\u00e9cemment, de l\u2019exemple \u00e9gyptien avec le g\u00e9n\u00e9ral Al Sissi.<\/p>\n<p>En attendant de savoir de quoi sera fait demain en Alg\u00e9rie, l\u2019on ne peut que souhaiter une rapide sortie de crise. Car, en plus des risques de guerre civile que fait planer le chef d\u2019\u00e9tat-major g\u00e9n\u00e9ral des arm\u00e9es, il faut surtout craindre le r\u00e9veil en sursaut du monstre terroriste qui sommeille dans les collines de la Kabylie.<\/p>\n<p><strong>\u00a0<\/strong><\/p>\n<p><strong><em>\u00ab\u00a0Le Pays\u00bb<\/em><\/strong><\/p>\n<p><strong>\u00a0<\/strong><\/p>\n<p>Auteur: Le Pays<br \/>\n<a href=\"http:\/\/lepays.bf\/sortie-des-etats-unis-sur-lalgerie\/\">Cliquez ici pour lire l&rsquo;article depuis sa source.<\/a><\/p>\n","protected":false},"excerpt":{"rendered":"<p>Quand l\u2019Oncle Sam met les pieds dans le plat Alors que jusque-l\u00e0, la communaut\u00e9 internationale suivait, sans rien dire, les \u00e9v\u00e8nements en Alg\u00e9rie, les Etats-Unis d\u2019Am\u00e9rique viennent de rompre le silence, en apportant leur soutien aux manifestants. \u00ab\u00a0Nous observons ces manifestations en Alg\u00e9rie et nous allons continuer \u00e0 le faire. Les Etats-Unis soutiennent le peuple [&hellip;]<\/p>\n","protected":false},"author":1813,"featured_media":20050,"comment_status":"closed","ping_status":"closed","sticky":false,"template":"","format":"standard","meta":{"fifu_image_url":"","fifu_image_alt":"","footnotes":""},"categories":[73,81],"tags":[],"class_list":["post-20049","post","type-post","status-publish","format-standard","has-post-thumbnail","hentry","category-actualite","category-burkina-faso"],"_links":{"self":[{"href":"https:\/\/linitiative.ca\/International\/wp-json\/wp\/v2\/posts\/20049","targetHints":{"allow":["GET"]}}],"collection":[{"href":"https:\/\/linitiative.ca\/International\/wp-json\/wp\/v2\/posts"}],"about":[{"href":"https:\/\/linitiative.ca\/International\/wp-json\/wp\/v2\/types\/post"}],"author":[{"embeddable":true,"href":"https:\/\/linitiative.ca\/International\/wp-json\/wp\/v2\/users\/1813"}],"replies":[{"embeddable":true,"href":"https:\/\/linitiative.ca\/International\/wp-json\/wp\/v2\/comments?post=20049"}],"version-history":[{"count":0,"href":"https:\/\/linitiative.ca\/International\/wp-json\/wp\/v2\/posts\/20049\/revisions"}],"wp:featuredmedia":[{"embeddable":true,"href":"https:\/\/linitiative.ca\/International\/wp-json\/"}],"wp:attachment":[{"href":"https:\/\/linitiative.ca\/International\/wp-json\/wp\/v2\/media?parent=20049"}],"wp:term":[{"taxonomy":"category","embeddable":true,"href":"https:\/\/linitiative.ca\/International\/wp-json\/wp\/v2\/categories?post=20049"},{"taxonomy":"post_tag","embeddable":true,"href":"https:\/\/linitiative.ca\/International\/wp-json\/wp\/v2\/tags?post=20049"}],"curies":[{"name":"wp","href":"https:\/\/api.w.org\/{rel}","templated":true}]}}