{"id":20061,"date":"2019-03-06T17:28:10","date_gmt":"2019-03-06T22:28:10","guid":{"rendered":"https:\/\/linitiative.ca\/International\/celebration-du-8-mars-les-hommes-doivent-simpliquer-laurence-ilboudo-ministre-de-la-femme\/"},"modified":"2019-03-06T17:28:10","modified_gmt":"2019-03-06T22:28:10","slug":"celebration-du-8-mars-les-hommes-doivent-simpliquer-laurence-ilboudo-ministre-de-la-femme","status":"publish","type":"post","link":"https:\/\/linitiative.ca\/International\/celebration-du-8-mars-les-hommes-doivent-simpliquer-laurence-ilboudo-ministre-de-la-femme\/","title":{"rendered":"C\u00e9l\u00e9bration du 8-mars : \u00ab Les hommes doivent s\u2019impliquer \u00bb, Laurence Ilboudo, ministre de la Femme"},"content":{"rendered":"<div class=\"td-post-featured-image\"><a href=\"https:\/\/i1.wp.com\/www.sidwaya.info\/wp-content\/uploads\/2019\/03\/Laurence.jpg?fit=700%2C520&#038;ssl=1\" data-caption=\"\"><img loading=\"lazy\" decoding=\"async\" width=\"696\" height=\"517\" class=\"entry-thumb td-modal-image\" src=\"https:\/\/i1.wp.com\/www.sidwaya.info\/wp-content\/uploads\/2019\/03\/Laurence.jpg?resize=696%2C517&#038;ssl=1\" srcset=\"https:\/\/i1.wp.com\/www.sidwaya.info\/wp-content\/uploads\/2019\/03\/Laurence.jpg?w=700&#038;ssl=1 700w, https:\/\/i1.wp.com\/www.sidwaya.info\/wp-content\/uploads\/2019\/03\/Laurence.jpg?resize=300%2C223&#038;ssl=1 300w, https:\/\/i1.wp.com\/www.sidwaya.info\/wp-content\/uploads\/2019\/03\/Laurence.jpg?resize=80%2C60&#038;ssl=1 80w, https:\/\/i1.wp.com\/www.sidwaya.info\/wp-content\/uploads\/2019\/03\/Laurence.jpg?resize=265%2C198&#038;ssl=1 265w, https:\/\/i1.wp.com\/www.sidwaya.info\/wp-content\/uploads\/2019\/03\/Laurence.jpg?resize=485%2C360&#038;ssl=1 485w, https:\/\/i1.wp.com\/www.sidwaya.info\/wp-content\/uploads\/2019\/03\/Laurence.jpg?resize=696%2C517&#038;ssl=1 696w, https:\/\/i1.wp.com\/www.sidwaya.info\/wp-content\/uploads\/2019\/03\/Laurence.jpg?resize=565%2C420&#038;ssl=1 565w\" sizes=\"auto, (max-width: 696px) 100vw, 696px\" alt=\"\" title=\"Laurence\"\/><\/a><\/div>\n<div class=\"td-a-rec td-a-rec-id-content_top td_uid_24_5c804d56d99ab_rand td_block_template_1\"><img loading=\"lazy\" decoding=\"async\" class=\"aligncenter size-full wp-image-4463\" src=\"https:\/\/www.sidwaya.info\/wp-content\/uploads\/2019\/02\/FESPACO-TOUR-2019-Bannie%CC%80re-728x90-1.jpg\" alt=\"\" width=\"728\" height=\"90\"\/><\/div>\n<p><strong>A l\u2019occasion de la comm\u00e9moration de la Journ\u00e9e internationale de la femme, la ministre de la Femme, de la Solidarit\u00e9 nationale, de la Famille et de l\u2019Action humanitaire, Marie Laurence Ilboudo\/Marchal, aborde dans cet entretien, r\u00e9alis\u00e9 le mardi 5 mars 2019, les r\u00e9alit\u00e9s de l\u2019\u00a0\u00ab\u00a0autre moiti\u00e9 du ciel\u00a0\u00bb.<\/strong><\/p>\n<p><em><strong>Sidwaya (S.)\u00a0: Sous quel signe placez-vous la c\u00e9l\u00e9bration du 8 mars 2019\u00a0?<\/strong><\/em><\/p>\n<p><strong>Marie Laurence Ilboudo (M. L.I.)\u00a0:<\/strong> La journ\u00e9e internationale de la femme est comm\u00e9mor\u00e9e \u00e0 travers une th\u00e9matique sp\u00e9cifique correspondant \u00e0 la situation nationale du pays en g\u00e9n\u00e9ral et au v\u00e9cu quotidien des femmes en particulier. Ainsi, au regard de la situation s\u00e9curitaire que vit le Burkina Faso et ses cons\u00e9quences sur la population, notamment les femmes, cette journ\u00e9e se tient autour du th\u00e8me\u00a0: \u00abContribution de la femme \u00e0 l\u2019\u00e9dification d\u2019un Burkina Faso de s\u00e9curit\u00e9, de paix et de coh\u00e9sion sociale\u00bb.<\/p>\n<p>A travers ce th\u00e8me, le Burkina Faso entend\u00a0mettre en exergue le r\u00f4le et la place des femmes dans le processus de d\u00e9veloppement et de maintien de la paix dans notre pays\u00a0; mobiliser et f\u00e9d\u00e9rer les \u00e9nergies pour r\u00e9fl\u00e9chir \u00e0 la contribution de tous les acteurs, singuli\u00e8rement de la femme \u00e0 la recherche de solutions ad\u00e9quates et p\u00e9rennes \u00e0 la crise s\u00e9curitaire.<\/p>\n<p><strong><em>S\u00a0: L\u2019ann\u00e9e derni\u00e8re, vous avez supprim\u00e9 la parade entrant dans le cadre de la c\u00e9l\u00e9bration de la Journ\u00e9e internationale de la femme pour des raisons budg\u00e9taires. Cette d\u00e9cision est-elle maintenue\u00a0?<\/em><\/strong><\/p>\n<p><strong>M.L.I. :<\/strong> Tout comme en 2018, il n\u2019y aura pas de parade pour la c\u00e9l\u00e9bration de la Journ\u00e9e internationale de la femme en 2019. La suppression de la parade est maintenue, car ce n\u2019est pas seulement une question financi\u00e8re, mais elle se justifie aussi par le fait qu\u2019elle n\u2019apporte pas une plus-value \u00e0 la situation de la femme.<\/p>\n<p><em><strong>S.: Quelle est de fa\u00e7on globale, la situation de la femme burkinab\u00e8\u00a0?<\/strong><\/em><\/p>\n<p><strong>M.L.I.\u00a0:<\/strong> Des efforts sont consentis par le gouvernement, les organisations de la soci\u00e9t\u00e9 civile et les partenaires techniques et financiers pour l\u2019am\u00e9lioration des conditions de vie des femmes. Cependant, force est de constater que les femmes et les filles demeurent dans une conjoncture sociale, \u00e9conomique, juridique peu favorable. Cela s\u2019explique par le fait que les violences et les in\u00e9galit\u00e9s perdurent et engendrent l\u2019accroissement de la vuln\u00e9rabilit\u00e9 de cette frange de la population.<\/p>\n<p><em><strong>S.: Des ph\u00e9nom\u00e8nes comme le rapt des filles, l\u2019excision, le l\u00e9virat ont toujours la peau dure et contribuent \u00e0 d\u00e9grader l\u2019image de l\u2019autre moiti\u00e9 du ciel au Burkina. Quelles solutions envisagez-vous\u00a0?<\/strong><\/em><\/p>\n<p><strong>M.L.I.\u00a0:<\/strong> Nous devons redoubler d\u2019efforts dans les actions de sensibilisation et de conscientisation \u00e0 l\u2019endroit de la population sur les cons\u00e9quences de ces ph\u00e9nom\u00e8nes. Mais aussi veiller \u00e0 une application effective des lois qui r\u00e9priment ces pratiques d\u00e9gradantes.<\/p>\n<p><strong><em>S. : Les mutilations g\u00e9nitales f\u00e9minines sont des pratiques persistantes malgr\u00e9 les efforts de sensibilisation. Que faites-vous pour changer la donne\u00a0?<\/em><\/strong><\/p>\n<p><strong>MLI\u00a0:<\/strong> Je me pose aussi cette question, car il faut reconnaitre que l\u2019Etat a mis beaucoup de ressources et d\u2019\u00e9nergie mais la pratique des mutilations g\u00e9nitales f\u00e9minines a la peau dure. Comment une femme qui a \u00e9t\u00e9 elle-m\u00eame victime de l\u2019excision, qui a subi ce traumatisme ou qui vit avec les s\u00e9quelles peut donner sa fille pour qu\u2019on lui inflige le m\u00eame sort\u00a0? Il y a donc n\u00e9cessit\u00e9 d\u2018impliquer les hommes et de les sensibiliser sur l\u2019importance d\u2019arr\u00eater cette pratique. Il y a aussi lieu de veiller \u00e0 ce que les femmes soient ind\u00e9pendantes et puissent faire leurs propres choix. Au sein du minist\u00e8re, nous sommes heureux de savoir que le nouveau Code p\u00e9nal pr\u00e9voit un alourdissement des peines pour ceux qui vont exciser leurs filles, ainsi que des peines pour complicit\u00e9.<\/p>\n<p><em><strong>S.\u00a0: Il y a \u00e9galement le mariage des enfants qui a toujours cours dans certaines r\u00e9gions tel le Sahel\u2026<\/strong><\/em><\/p>\n<p><strong>M.L.I.\u00a0:<\/strong> Les raisons \u00e9voqu\u00e9es pour justifier le mariage des enfants, dont entre autres, la pr\u00e9carit\u00e9 et les grossesses pr\u00e9coces, ne tiennent pas. Le mariage est trop s\u00e9rieux pour qu\u2019on y embarque des enfants. D\u2019o\u00f9 le combat men\u00e9 aujourd\u2019hui par le minist\u00e8re pour amener l\u2019\u00e2ge l\u00e9gal du mariage \u00e0 18 ans pour les femmes et les hommes.<\/p>\n<p><em><strong>S.\u00a0: L\u2019\u00e9ducation de la jeune fille, qui reste un d\u00e9fi, peut-elle \u00eatre une solution \u00e0 ces diff\u00e9rents fl\u00e9aux\u00a0?<\/strong><\/em><\/p>\n<p><strong>M.L.I.\u00a0:<\/strong> L\u2019\u00e9ducation est un moteur du d\u00e9veloppement humain durable. Elle permet de d\u00e9velopper chez l\u2019individu des potentialit\u00e9s physiques, intellectuelles, morales, spirituelles, psychologiques et sociales, en vue d\u2019assurer sa socialisation, son autonomie, son \u00e9panouissement et sa participation au d\u00e9veloppement \u00e9conomique, social et culturel. Par cons\u00e9quent, elle permet de d\u00e9velopper ses comp\u00e9tences et contribue \u00e0 la r\u00e9duction des in\u00e9galit\u00e9s.<\/p>\n<p><strong><em>S.\u00a0: La probl\u00e9matique de la faible repr\u00e9sentativit\u00e9 des femmes dans les sph\u00e8res de d\u00e9cision est toujours d\u2019actualit\u00e9. Que faut-il faire pour inverser la tendance\u00a0?<\/em><\/strong><\/p>\n<p><strong>M.L.I.\u00a0:<\/strong> Avec la relecture de la loi quota genre, on pourra atteindre les objectifs en termes de repr\u00e9sentativit\u00e9 car la nouvelle loi pr\u00e9voit une liste de candidature altern\u00e9e homme\/femme et femme\/homme. Et tous les partis politiques ont l\u2019obligation de se conformer \u00e0 cette disposition au risque de voir leurs listes rejet\u00e9es.<\/p>\n<p><em><strong>S.\u00a0: Il est difficile pour une femme d\u2019entreprendre ou d\u2019\u00e9merger en politique. Que faut-il faire ?<\/strong><\/em><\/p>\n<p><strong>M.L.I.\u00a0:<\/strong> Il faut tout un m\u00e9canisme pour aider les femmes \u00e0 entreprendre et p\u00e9renniser leurs activit\u00e9s, d\u2019o\u00f9 la n\u00e9cessit\u00e9 de mettre en place des fonds afin de financer les entreprises des femmes et des dispositifs de formations. Aujourd\u2019hui, force est de constater que l\u2019autonomisation des femmes est une expression tr\u00e8s \u00e0 la mode, mais pour en faire une r\u00e9alit\u00e9 il faut que la femme soit \u00e9duqu\u00e9e et form\u00e9e. Il aussi qu\u2019elle ait acc\u00e8s \u00e0 des ressources et b\u00e9n\u00e9ficie d\u2019un accompagnement. Tout cela d\u00e9pend de la volont\u00e9 des femmes \u00e0 s\u2019inscrire dans cette logique. En effet, elles sont encore nombreuses les femmes qui baissent les bras d\u00e8s le premier obstacle, alors que l\u2019autonomisation n\u00e9cessite beaucoup de courage et une confiance en soi.<\/p>\n<p>Dans mon d\u00e9partement, la direction de l\u2019autonomisation \u00e9conomique des femmes, \u00e0 travers des formations, des \u00e9quipements, un soutien pour la formalisation des entreprises, l\u2019accompagnement pour l\u2019acc\u00e8s aux cr\u00e9dits et le suivi des entreprises sur une certaine p\u00e9riode, s\u2019emploie \u00e0 l\u2019implantation d\u2019entreprises viables par les femmes. Il y a par ailleurs des techniciens-conseils qui accompagnent les femmes disposant d\u00e9j\u00e0 d\u2019une entreprise afin de les aider \u00e0 les consolider.<\/p>\n<p>Nous sommes particuli\u00e8rement fi\u00e8res de cette jeune femme, que le minist\u00e8re a aid\u00e9 \u00e0 \u00e9couler son stock de tomates transform\u00e9es. Cette entrepreneure a aussi re\u00e7u le prix de la Banque Of Africa du meilleur stand pendant le Salon international de l\u2019artisanat de Ouagadougou (SIAO). Voir prosp\u00e9rer les entreprises cr\u00e9\u00e9es par des femmes est notre plus grande r\u00e9compense.<\/p>\n<p><strong><em>S.\u00a0: Le r\u00e9cent forum sur l\u2019autonomisation des femmes de l\u2019Assembl\u00e9e nationale a recommand\u00e9 que la p\u00e9riode 2020-2030 soit la d\u00e9cennie de la femme burkinab\u00e8. Que faut-il comprendre par ce concept\u00a0?<\/em><\/strong><\/p>\n<p><strong>M.L.I.\u00a0:<\/strong> Il m\u2019est difficile de me prononcer sur une activit\u00e9 du Parlement du fait de la s\u00e9paration des pouvoirs. Il faut cependant retenir qu\u2019en tant que membre du gouvernement, nous ex\u00e9cutons le programme du pr\u00e9sident du Faso en mati\u00e8re de femmes et de genre. Il faut plut\u00f4t focaliser notre attention sur l\u2019approche genre, qui consiste \u00e0 aider les couches les plus vuln\u00e9rables afin de les hisser \u00e0 un niveau o\u00f9 elles peuvent s\u2019\u00e9panouir. Il s\u2019agit d\u2019\u00e9tablir une \u00e9quit\u00e9 sociale entre les femmes et les hommes. Il est important que les hommes et les femmes se respectent et soient en compl\u00e9mentarit\u00e9. Il y a aussi la question des personnes vivant avec un handicap que l\u2019on doit promouvoir \u00e0 un niveau o\u00f9 elles peuvent faire des choix et participer au d\u00e9veloppement du pays.<\/p>\n<p><em><strong>S.\u00a0: Quel appel avez-vous \u00e0 l\u2019occasion de ce 8 mars\u00a0?<\/strong><\/em><\/p>\n<p><strong>M.L.I.\u00a0:<\/strong> La perversion et la d\u00e9bauche \u00e0 l\u2019occasion de cette journ\u00e9e d\u00e9nonc\u00e9es ne sont pas le fait du minist\u00e8re. Ce n\u2019est pas sa vocation de faire la morale ou de combattre des actes jug\u00e9s immoraux. La journ\u00e9e internationale de la femme a \u00e9t\u00e9 instaur\u00e9e pour permettre aux femmes et aux hommes de r\u00e9fl\u00e9chir sur la situation des femmes et d\u2019en faire un tremplin pour aller de l\u2019avant. C\u2019est dans cette dynamique que s\u2019inscrit le minist\u00e8re avec la suppression de la parade. Le 8 mars n\u2019est pas seulement une affaire de femmes, les hommes doivent s\u2019impliquer pour en faire une c\u00e9l\u00e9bration conviviale et familiale.<\/p>\n<p><strong>Propos recueillis par Nad\u00e8ge YE<\/strong><\/p>\n<div class=\"td-a-rec td-a-rec-id-content_bottom td_uid_25_5c804d56d9aef_rand td_block_template_1\"><img loading=\"lazy\" decoding=\"async\" class=\"alignright size-full wp-image-1724\" src=\"https:\/\/www.sidwaya.info\/wp-content\/uploads\/2018\/12\/sidwaya-pub.jpg\" alt=\"\" width=\"720\" height=\"90\"\/><\/div>\n<p>Auteur: DB. Sidwaya<br \/>\n<a href=\"https:\/\/www.sidwaya.info\/blog\/2019\/03\/06\/celebration-du-8-mars-les-hommes-doivent-simpliquer-laurence-ilboudo-ministre-de-la-femme\/\">Cliquez ici pour lire l&rsquo;article depuis sa source.<\/a><\/p>\n","protected":false},"excerpt":{"rendered":"<p>A l\u2019occasion de la comm\u00e9moration de la Journ\u00e9e internationale de la femme, la ministre de la Femme, de la Solidarit\u00e9 nationale, de la Famille et de l\u2019Action humanitaire, Marie Laurence Ilboudo\/Marchal, aborde dans cet entretien, r\u00e9alis\u00e9 le mardi 5 mars 2019, les r\u00e9alit\u00e9s de l\u2019\u00a0\u00ab\u00a0autre moiti\u00e9 du ciel\u00a0\u00bb. Sidwaya (S.)\u00a0: Sous quel signe placez-vous la [&hellip;]<\/p>\n","protected":false},"author":1816,"featured_media":0,"comment_status":"closed","ping_status":"closed","sticky":false,"template":"","format":"standard","meta":{"fifu_image_url":"","fifu_image_alt":"","footnotes":""},"categories":[73,81],"tags":[],"class_list":["post-20061","post","type-post","status-publish","format-standard","hentry","category-actualite","category-burkina-faso"],"_links":{"self":[{"href":"https:\/\/linitiative.ca\/International\/wp-json\/wp\/v2\/posts\/20061","targetHints":{"allow":["GET"]}}],"collection":[{"href":"https:\/\/linitiative.ca\/International\/wp-json\/wp\/v2\/posts"}],"about":[{"href":"https:\/\/linitiative.ca\/International\/wp-json\/wp\/v2\/types\/post"}],"author":[{"embeddable":true,"href":"https:\/\/linitiative.ca\/International\/wp-json\/wp\/v2\/users\/1816"}],"replies":[{"embeddable":true,"href":"https:\/\/linitiative.ca\/International\/wp-json\/wp\/v2\/comments?post=20061"}],"version-history":[{"count":0,"href":"https:\/\/linitiative.ca\/International\/wp-json\/wp\/v2\/posts\/20061\/revisions"}],"wp:attachment":[{"href":"https:\/\/linitiative.ca\/International\/wp-json\/wp\/v2\/media?parent=20061"}],"wp:term":[{"taxonomy":"category","embeddable":true,"href":"https:\/\/linitiative.ca\/International\/wp-json\/wp\/v2\/categories?post=20061"},{"taxonomy":"post_tag","embeddable":true,"href":"https:\/\/linitiative.ca\/International\/wp-json\/wp\/v2\/tags?post=20061"}],"curies":[{"name":"wp","href":"https:\/\/api.w.org\/{rel}","templated":true}]}}