{"id":20062,"date":"2019-03-06T17:41:57","date_gmt":"2019-03-06T22:41:57","guid":{"rendered":"https:\/\/linitiative.ca\/International\/assemble-nationale-une-vingtaine-de-projets-de-loi-a-examiner\/"},"modified":"2019-03-06T17:41:57","modified_gmt":"2019-03-06T22:41:57","slug":"assemble-nationale-une-vingtaine-de-projets-de-loi-a-examiner","status":"publish","type":"post","link":"https:\/\/linitiative.ca\/International\/assemble-nationale-une-vingtaine-de-projets-de-loi-a-examiner\/","title":{"rendered":"Assembl?e nationale : Une vingtaine de projets de loi \u00e0 examiner"},"content":{"rendered":"<div class=\"td-post-featured-image\"><a href=\"https:\/\/i0.wp.com\/www.sidwaya.info\/wp-content\/uploads\/2019\/03\/Deputes-AN.jpg?fit=600%2C400&#038;ssl=1\" data-caption=\"\"><img loading=\"lazy\" decoding=\"async\" width=\"600\" height=\"400\" class=\"entry-thumb td-modal-image\" src=\"https:\/\/i0.wp.com\/www.sidwaya.info\/wp-content\/uploads\/2019\/03\/Deputes-AN.jpg?resize=600%2C400&#038;ssl=1\" srcset=\"https:\/\/i0.wp.com\/www.sidwaya.info\/wp-content\/uploads\/2019\/03\/Deputes-AN.jpg?w=600&#038;ssl=1 600w, https:\/\/i0.wp.com\/www.sidwaya.info\/wp-content\/uploads\/2019\/03\/Deputes-AN.jpg?resize=300%2C200&#038;ssl=1 300w\" sizes=\"auto, (max-width: 600px) 100vw, 600px\" alt=\"\" title=\"Deputes-AN\"\/><\/a><\/div>\n<div class=\"td-a-rec td-a-rec-id-content_top td_uid_24_5c804d59edd1a_rand td_block_template_1\"><img loading=\"lazy\" decoding=\"async\" class=\"aligncenter size-full wp-image-4463\" src=\"https:\/\/www.sidwaya.info\/wp-content\/uploads\/2019\/02\/FESPACO-TOUR-2019-Bannie%CC%80re-728x90-1.jpg\" alt=\"\" width=\"728\" height=\"90\"\/><\/div>\n<p><strong>L\u2019Assembl\u00e9e nationale a ouvert sa premi\u00e8re session ordinaire de l\u2019ann\u00e9e, le mercredi 6 mars 2019 \u00e0 Ouagadougou, en pr\u00e9sence du pr\u00e9sident du Parlement s\u00e9n\u00e9galais, Moustapha Niasse et de la 5e vice-pr\u00e9sidente de la Repr\u00e9sentation nationale nig\u00e9rienne, Amina Bala Kalto.<\/strong><\/p>\n<p><img loading=\"lazy\" decoding=\"async\" class=\" wp-image-5210\" src=\"https:\/\/i2.wp.com\/www.sidwaya.info\/wp-content\/uploads\/2019\/03\/Bala-Sakande.jpg?resize=378%2C298&#038;ssl=1\" alt=\"\" width=\"378\" height=\"298\" srcset=\"https:\/\/i2.wp.com\/www.sidwaya.info\/wp-content\/uploads\/2019\/03\/Bala-Sakande.jpg?zoom=2&#038;resize=378%2C298&#038;ssl=1 756w, https:\/\/i2.wp.com\/www.sidwaya.info\/wp-content\/uploads\/2019\/03\/Bala-Sakande.jpg?zoom=3&#038;resize=378%2C298&#038;ssl=1 1134w\" sizes=\"auto, (max-width: 378px) 100vw, 378px\" data-recalc-dims=\"1\"\/>Le PAN, Alassane Bala Sakand\u00e9\u00a0a, dans le cadre de la comm\u00e9moration du centenaire du Burkina, invit\u00e9 les populations \u00e0 s\u2019inspirer des exp\u00e9riences de leurs devanciers.<\/p>\n<p>Pour sa premi\u00e8re session ordinaire de l\u2019ann\u00e9e 2019, les d\u00e9put\u00e9s burkinab\u00e8 auront \u00e0 se pencher sur une vingtaine de projets de lois. L\u2019information a \u00e9t\u00e9 donn\u00e9e, hier mercredi 6 mars 2019 dans la capitale Burkinab\u00e8 par le pr\u00e9sident de l\u2019Assembl\u00e9e nationale (PAN), Alassane Bala Sakand\u00e9, \u00e0 l\u2019occasion de la c\u00e9r\u00e9monie d\u2019ouverture de la dite session. D\u00e8s l\u2019entame de son discours, il a fait une analyse de la situation s\u00e9curitaire dans laquelle se tient cette session parlementaire. Ainsi, il a salu\u00e9 le progr\u00e8s enregistr\u00e9 par les Forces de d\u00e9fense et de s\u00e9curit\u00e9 (FDS) et le peuple burkinab\u00e8 dans la lutte contre le terrorisme. De son avis, gr\u00e2ce aux actions conjugu\u00e9es de tous, l\u2019effondrement de l\u2019Etat, \u00ab qui figurait dans l\u2019agenda cach\u00e9 des ennemis du Burkina Faso \u00bb, a tourn\u00e9 en d\u00e9sillusion.<\/p>\n<p>\u00ab Aujourd\u2019hui la terreur a chang\u00e9 de camp et il n\u2019en sera plus autrement \u00bb, a-t-il d\u00e9clar\u00e9. Pour lui, l\u2019embellie s\u00e9curitaire, tire aussi son origine des efforts d\u00e9ploy\u00e9s dans la mise en oeuvre et le suivi de la loi de programmation militaire. Outre la situation s\u00e9curitaire, le PAN, a salu\u00e9 la d\u00e9cision du Chef de l\u2019Etat, Roch Marc Christrian Kabor\u00e9, de nommer un nouveau Premier ministre, Christophe Dabir\u00e9, \u00e0 l\u2019effet d\u2019insuffler une nouvelle dynamique \u00e0 l\u2019action gouvernementale.<\/p>\n<blockquote readability=\"5\">\n<p>S\u2019inspirer des devanciers<\/p>\n<\/blockquote>\n<p>Apr\u00e8s sa d\u00e9claration de politique g\u00e9n\u00e9rale le 18 f\u00e9vrier dernier \u00e0 l\u2019h\u00e9micycle, le chef du gouvernement sera \u00e0 nouveau devant l\u2019Assembl\u00e9e nationale pour la situation de la nation au cours de cette session, a fait savoir Bala Sakand\u00e9. Dans le cadre de la c\u00e9l\u00e9bration du centenaire du Burkina Faso, plusieurs activit\u00e9s sont au programme dans les 13 r?gions du pays. A propos, la Repr\u00e9sentation nationale a exhort\u00e9 les Burkinab\u00e8 \u00e0 s\u2019inspirer des exp\u00e9riences de leurs devanciers dans le but d\u2019exorciser les menaces qui mettent en p\u00e9ril le vivre-ensemble.<\/p>\n<p>Le Parlement burkinab\u00e8 a en outre magnifi\u00e9 la coop\u00e9ration parlementaire entre le Burkina Faso et le S\u00e9n\u00e9gal et celle avec le Niger. En effet, des d\u00e9l\u00e9gations des deux pays \u00e9taient aux c\u00f4t\u00e9s de leur homologue burkinab\u00e8. Le Pr\u00e9sident de l\u2019Assembl\u00e9e nationale du S\u00e9n\u00e9gal, Moustapha Niasse, \u00e0 travers un petit cours d\u2019histoire a indiqu\u00e9 que les peuples africains ont toujours su transcender les fronti\u00e8res pour l\u2019int\u00e9r\u00eat collectif voire panafricaniste. Dans ce sens, il a traduit la solidarit\u00e9 de son pays vis-\u00e0-vis du peuple burkinab\u00e8 dans son combat contre l\u2019hydre terroriste.<\/p>\n<p>M. Niasse a en outre salu\u00e9 l\u2019initiative de l\u2019Assembl\u00e9e nationale de faire recours aux jeunes \u00e9tudiants dans le cadre du programme \u00ab Volontaires de l\u2019Assembl\u00e9e nationale \u00bb pour appuyer ses commissions dans l\u2019ex\u00e9cution de leurs missions. De son c\u00f4t\u00e9, la 5e vice-pr\u00e9sidente du parlement nig\u00e9rien, Amina Bala Kalto, a salu\u00e9 la tenue du forum organis\u00e9 par l\u2019Assembl\u00e9e nationale burkinab\u00e8 sur l\u2019autonomisation des femmes en mi-f\u00e9vrier. A cet effet, elle a invit\u00e9 les dirigeants africains \u00e0 prendre en compte les pr\u00e9occupations de l\u2019autre moiti\u00e9 du ciel.<\/p>\n<p><strong>Abdoulaye BALBONE<\/strong><\/p>\n<div class=\"td-a-rec td-a-rec-id-content_bottom td_uid_25_5c804d59ede5c_rand td_block_template_1\"><img loading=\"lazy\" decoding=\"async\" class=\"alignright size-full wp-image-1724\" src=\"https:\/\/www.sidwaya.info\/wp-content\/uploads\/2018\/12\/sidwaya-pub.jpg\" alt=\"\" width=\"720\" height=\"90\"\/><\/div>\n<p>Auteur: DB. Sidwaya<br \/>\n<a href=\"https:\/\/www.sidwaya.info\/blog\/2019\/03\/06\/assemble-nationale-une-vingtaine-de-projets-de-loi-a-examiner\/\">Cliquez ici pour lire l&rsquo;article depuis sa source.<\/a><\/p>\n","protected":false},"excerpt":{"rendered":"<p>L\u2019Assembl\u00e9e nationale a ouvert sa premi\u00e8re session ordinaire de l\u2019ann\u00e9e, le mercredi 6 mars 2019 \u00e0 Ouagadougou, en pr\u00e9sence du pr\u00e9sident du Parlement s\u00e9n\u00e9galais, Moustapha Niasse et de la 5e vice-pr\u00e9sidente de la Repr\u00e9sentation nationale nig\u00e9rienne, Amina Bala Kalto. Le PAN, Alassane Bala Sakand\u00e9\u00a0a, dans le cadre de la comm\u00e9moration du centenaire du Burkina, invit\u00e9 [&hellip;]<\/p>\n","protected":false},"author":1816,"featured_media":0,"comment_status":"closed","ping_status":"closed","sticky":false,"template":"","format":"standard","meta":{"fifu_image_url":"","fifu_image_alt":"","footnotes":""},"categories":[73,81],"tags":[],"class_list":["post-20062","post","type-post","status-publish","format-standard","hentry","category-actualite","category-burkina-faso"],"_links":{"self":[{"href":"https:\/\/linitiative.ca\/International\/wp-json\/wp\/v2\/posts\/20062","targetHints":{"allow":["GET"]}}],"collection":[{"href":"https:\/\/linitiative.ca\/International\/wp-json\/wp\/v2\/posts"}],"about":[{"href":"https:\/\/linitiative.ca\/International\/wp-json\/wp\/v2\/types\/post"}],"author":[{"embeddable":true,"href":"https:\/\/linitiative.ca\/International\/wp-json\/wp\/v2\/users\/1816"}],"replies":[{"embeddable":true,"href":"https:\/\/linitiative.ca\/International\/wp-json\/wp\/v2\/comments?post=20062"}],"version-history":[{"count":0,"href":"https:\/\/linitiative.ca\/International\/wp-json\/wp\/v2\/posts\/20062\/revisions"}],"wp:attachment":[{"href":"https:\/\/linitiative.ca\/International\/wp-json\/wp\/v2\/media?parent=20062"}],"wp:term":[{"taxonomy":"category","embeddable":true,"href":"https:\/\/linitiative.ca\/International\/wp-json\/wp\/v2\/categories?post=20062"},{"taxonomy":"post_tag","embeddable":true,"href":"https:\/\/linitiative.ca\/International\/wp-json\/wp\/v2\/tags?post=20062"}],"curies":[{"name":"wp","href":"https:\/\/api.w.org\/{rel}","templated":true}]}}