{"id":20070,"date":"2019-03-06T15:50:01","date_gmt":"2019-03-06T20:50:01","guid":{"rendered":"https:\/\/linitiative.ca\/International\/a-grenoble-la-cite-mistral-panse-ses-plaies-apres-les-emeutes\/"},"modified":"2019-03-06T15:50:01","modified_gmt":"2019-03-06T20:50:01","slug":"a-grenoble-la-cite-mistral-panse-ses-plaies-apres-les-emeutes","status":"publish","type":"post","link":"https:\/\/linitiative.ca\/International\/a-grenoble-la-cite-mistral-panse-ses-plaies-apres-les-emeutes\/","title":{"rendered":"\u00c0 Grenoble, la cit\u00e9 Mistral panse ses plaies apr\u00e8s les \u00e9meutes"},"content":{"rendered":"<p>Au milieu des d\u00e9bris et carcasses calcin\u00e9es t\u00e9moignant des nuits successives de troubles, le quartier Mistral de Grenoble retrouvait mercredi un peu de qui\u00e9tude au moment de rendre hommage aux deux jeunes dont la mort samedi soir a d\u00e9clench\u00e9 la col\u00e8re des jeunes de la cit\u00e9.<\/p>\n<p>Les habitants de ce quartier sensible se remettent tout juste de trois soir\u00e9es d\u2019\u00e9meutes cons\u00e9cutives aux d\u00e9c\u00e8s d\u2019Adam Soli et Fatih Karakuss dans un accident de scooter alors qu\u2019ils tentaient d\u2019\u00e9chapper \u00e0 la police.<\/p>\n<p>Pour les jeunes du quartier, les policiers sont responsables de leur mort, m\u00eame si le parquet n\u2019\u00e9voque pour l\u2019heure qu\u2019un \u00ab\u00a0accident\u00a0\u00bb.<\/p>\n<p>Encourag\u00e9 par de nombreux appels \u00e0 l\u2019apaisement, un calme relatif s\u2019est r\u00e9tabli depuis mardi dans le quartier. Une \u00ab\u00a0marche blanche\u00a0\u00bb silencieuse rassemblant environ 1.500 personnes a d\u00e9fil\u00e9 mercredi dans une atmosph\u00e8re recueillie \u00e0 Mistral, derri\u00e8re des proches portant une banderole r\u00e9clamant \u00ab\u00a0Adam et Fatih, plus jamais \u00e7a!\u00a0\u00bb.<\/p>\n<p>Accueillie par des applaudissements nourris, la cousine de Fatih a remerci\u00e9 les participants de s\u2019\u00eatre d\u00e9plac\u00e9s, au nom des membres de sa famille rest\u00e9s en Turquie. Selon elle, ces derniers appellent \u00ab\u00a0\u00e0 ce que cesse ce qui se passe et \u00e0 laisser reposer en paix\u00a0\u00bb les deux jeunes gens.<\/p>\n<p>A la demande des organisateurs, les journalistes \u00e9taient tenus \u00e0 rester micros ferm\u00e9s pendant la procession.<\/p>\n<p>Au pied d\u2019un immeuble, un jeune m\u00e9canicien d\u2019un atelier solidaire affirme que les \u00e9chauffour\u00e9es sont le fruit d\u2019un \u00ab\u00a0ressentiment\u00a0\u00bb exprim\u00e9 \u00e0 chaud par \u00ab\u00a0des enfants\u00a0\u00bb manipul\u00e9s, selon lui, par la rumeur.<\/p>\n<p>Hassen Bouzeghoub, directeur du centre socio-culturel du quartier Mistral, a \u00e9voqu\u00e9 pour sa part le \u00ab\u00a0sentiment d\u2019une bavure polici\u00e8re\u00a0\u00bb tr\u00e8s pr\u00e9sent chez les jeunes. La semaine derni\u00e8re, le quartier avait d\u00e9j\u00e0 connu une flamb\u00e9e de violences apr\u00e8s l\u2019arrestation d\u2019un d\u00e9tenteur de cannabis.<\/p>\n<p>Un jeune p\u00e8re de famille originaire de Lyon explique sous couvert de l\u2019anonymat que \u00ab\u00a0ces derni\u00e8res nuits, on a tous peu dormi\u00a0\u00bb avec les incendies de v\u00e9hicules et affrontements entre jeunes et forces de l\u2019ordre.<\/p>\n<p>\u00ab\u00a0On passe nos soir\u00e9es aux fen\u00eatres de nos appartements\u00a0\u00bb, d\u00e9taille-t-il sous le regard approbateur de sa voisine.<\/p>\n<p>Il affirme \u00eatre pourtant arriv\u00e9 \u00ab\u00a0par choix\u00a0\u00bb il y a six ans dans ce quartier \u00ab\u00a0extra\u00a0\u00bb, baign\u00e9 de \u00ab\u00a0solidarit\u00e9\u00a0\u00bb et o\u00f9 se \u00ab\u00a0brassent les cultures\u00a0\u00bb.<\/p>\n<p>Le quadrag\u00e9naire souligne que les 3.000 \u00e2mes du quartier \u00e9rig\u00e9 en 1975 et que diff\u00e9rentes vagues de relogements, destructions et r\u00e9habilitations ont peu a peu vid\u00e9, n\u2019ont \u00ab\u00a0pas d\u2019autre choix\u00a0\u00bb que de vivre avec ces trafics auxquels ils sont \u00ab\u00a0accoutum\u00e9s\u00a0\u00bb.<\/p>\n<p><ins data-revive-zoneid=\"9\" data-revive-id=\"10111e19d28d19d031742ee3b0b33eb0\"\/> <\/p>\n<p>Mais \u00ab\u00a0on ne les subit pas\u00a0\u00bb, assure-t-il, brossant le portrait de jeunes trafiquants \u00ab\u00a0plut\u00f4t bienveillants\u00a0\u00bb avec les riverains. \u00ab\u00a0On a un probl\u00e8me d\u2019\u00e9ducation. Il faut qu\u2019\u00e0 un moment, on ob\u00e9isse \u00e0 une autorit\u00e9, pour le bien de tous\u00a0\u00bb, souligne-t-il.<\/p>\n<p>\u2013 \u00ab\u00a0Justice pour nos fr\u00e8res\u00a0\u00bb \u2013<\/p>\n<p>Accoud\u00e9e \u00e0 sa fen\u00eatre donnant sur l\u2019autoroute qui longe l\u2019ouest de Mistral, \u00ab\u00a0Juju\u00a0\u00bb, une habitante d\u2019origine congolaise qui y r\u00e9side depuis neuf ans, discute des \u00e9v\u00e9nements avec un voisin.<\/p>\n<p>Leur immeuble est bord\u00e9 par une rang\u00e9e d\u2019arbres et un mur qui n\u2019emp\u00eachent pas le bruit des moteurs de venir siffler aux oreilles des locataires de ces logements sociaux. Sur les murs, des tags r\u00e9cents r\u00e9clament \u00ab\u00a0justice pour nos fr\u00e8res\u00a0\u00bb ou \u00ab\u00a0aucune piti\u00e9 pour les policiers\u00a0\u00bb.<\/p>\n<p>Lundi soir, la jeune femme a vu les flammes des voitures br\u00fbl\u00e9es flirter avec ses fen\u00eatres et la fum\u00e9e envahir les halls d\u2019immeubles. Pour elle, le visage du quartier a chang\u00e9 \u00ab\u00a0il y a cinq ou six ans\u00a0\u00bb.<\/p>\n<p>\u00ab\u00a0Aujourd\u2019hui, tout est visible\u00a0\u00bb, t\u00e9moigne-t-elle, pointant les trafics qui s\u2019op\u00e8rent au grand jour dans les immenses tours voisines. \u00ab\u00a0Le jour, \u00e7a va, c\u2019est calme. Mais la nuit\u2026\u00a0\u00bb.<\/p>\n<p>\u00c0 quelques encablures des barres d\u2019immeubles, se dresse le coll\u00e8ge Aim\u00e9-C\u00e9saire, fr\u00e9quent\u00e9 par 560 \u00e9l\u00e8ves dont 30% d\u2019enfants issus de Mistral.<\/p>\n<p>Construit \u00e0 sa p\u00e9riph\u00e9rie pour accueillir ceux des secteurs voisins et favoriser la mixit\u00e9 sociale, l\u2019\u00e9tablissement est \u00ab\u00a0une respiration\u00a0\u00bb pour les jeunes de ce \u00ab\u00a0territoire tenu\u00a0\u00bb par des trafics qui \u00ab\u00a0alimentent tout Grenoble\u00a0\u00bb, racontent deux employ\u00e9s du coll\u00e8ge.<\/p>\n<p>\u00ab\u00a0Les gens vivent clo\u00eetr\u00e9s et ne sortent pas le soir\u00a0\u00bb, ajoutent-ils, d\u00e9plorant que la police n\u2019y p\u00e9n\u00e8tre vraiment que pour \u00ab\u00a0mener des op\u00e9rations\u00a0\u00bb contre les r\u00e9seaux de trafiquants.<\/p>\n<p>L\u2019onde de choc provoqu\u00e9e par la mort des deux jeunes s\u2019est propag\u00e9e dans les salles de classe. \u00ab\u00a0On les a \u00e9cout\u00e9s. La plupart \u00e9taient choqu\u00e9s et avaient peu dormi \u00e0 cause des \u00e9meutes\u00a0\u00bb, d\u00e9crivent-ils, pointant l\u2019influence n\u00e9faste des r\u00e9seaux sociaux dans leur lecture du drame.<\/p>\n<p>Le maire \u00c9ric Piolle reconna\u00eet une \u00ab\u00a0d\u00e9saffiliation forte\u00a0\u00bb des habitants du Mistral, mais mardi il affirmait avant tout souhaiter \u00ab\u00a0pr\u00e9server chacun de drames suppl\u00e9mentaires\u00a0\u00bb.<\/p>\n<p>Auteur: AFP<br \/>\n<a href=\"https:\/\/www.journalducameroun.com\/a-grenoble-la-cite-mistral-panse-ses-plaies-apres-les-emeutes\/\">Cliquez ici pour lire l&rsquo;article depuis sa source.<\/a><\/p>\n","protected":false},"excerpt":{"rendered":"<p>Au milieu des d\u00e9bris et carcasses calcin\u00e9es t\u00e9moignant des nuits successives de troubles, le quartier Mistral de Grenoble retrouvait mercredi un peu de qui\u00e9tude au moment de rendre hommage aux deux jeunes dont la mort samedi soir a d\u00e9clench\u00e9 la col\u00e8re des jeunes de la cit\u00e9. Les habitants de ce quartier sensible se remettent tout [&hellip;]<\/p>\n","protected":false},"author":1965,"featured_media":0,"comment_status":"closed","ping_status":"closed","sticky":false,"template":"","format":"standard","meta":{"fifu_image_url":"","fifu_image_alt":"","footnotes":""},"categories":[73,82],"tags":[],"class_list":["post-20070","post","type-post","status-publish","format-standard","hentry","category-actualite","category-cameroun"],"_links":{"self":[{"href":"https:\/\/linitiative.ca\/International\/wp-json\/wp\/v2\/posts\/20070","targetHints":{"allow":["GET"]}}],"collection":[{"href":"https:\/\/linitiative.ca\/International\/wp-json\/wp\/v2\/posts"}],"about":[{"href":"https:\/\/linitiative.ca\/International\/wp-json\/wp\/v2\/types\/post"}],"author":[{"embeddable":true,"href":"https:\/\/linitiative.ca\/International\/wp-json\/wp\/v2\/users\/1965"}],"replies":[{"embeddable":true,"href":"https:\/\/linitiative.ca\/International\/wp-json\/wp\/v2\/comments?post=20070"}],"version-history":[{"count":0,"href":"https:\/\/linitiative.ca\/International\/wp-json\/wp\/v2\/posts\/20070\/revisions"}],"wp:attachment":[{"href":"https:\/\/linitiative.ca\/International\/wp-json\/wp\/v2\/media?parent=20070"}],"wp:term":[{"taxonomy":"category","embeddable":true,"href":"https:\/\/linitiative.ca\/International\/wp-json\/wp\/v2\/categories?post=20070"},{"taxonomy":"post_tag","embeddable":true,"href":"https:\/\/linitiative.ca\/International\/wp-json\/wp\/v2\/tags?post=20070"}],"curies":[{"name":"wp","href":"https:\/\/api.w.org\/{rel}","templated":true}]}}