{"id":20071,"date":"2019-03-06T15:50:03","date_gmt":"2019-03-06T20:50:03","guid":{"rendered":"https:\/\/linitiative.ca\/International\/algerie-le-gouvernement-prepare-la-presidentielle-le-camp-bouteflika-se-fissure\/"},"modified":"2019-03-06T15:50:03","modified_gmt":"2019-03-06T20:50:03","slug":"algerie-le-gouvernement-prepare-la-presidentielle-le-camp-bouteflika-se-fissure","status":"publish","type":"post","link":"https:\/\/linitiative.ca\/International\/algerie-le-gouvernement-prepare-la-presidentielle-le-camp-bouteflika-se-fissure\/","title":{"rendered":"Alg\u00e9rie: le gouvernement pr\u00e9pare la pr\u00e9sidentielle, le camp Bouteflika se fissure"},"content":{"rendered":"<p>Les conditions sont r\u00e9unies pour organiser le 18 avril la pr\u00e9sidentielle, ont assur\u00e9 mercredi les autorit\u00e9s alg\u00e9riennes, malgr\u00e9 la contestation sans pr\u00e9c\u00e9dent suscit\u00e9e par la candidature \u00e0 un 5e mandat du pr\u00e9sident Abdelaziz Bouteflika, dont le camp commence n\u00e9anmoins \u00e0 se fissurer.<\/p>\n<p>La pr\u00e9sidentielle se tiendra \u00ab\u00a0conform\u00e9ment \u00e0 la Constitution, dans les conditions requises de transparence, de s\u00e9r\u00e9nit\u00e9 et de qui\u00e9tude\u00a0\u00bb, a affirm\u00e9 le ministre alg\u00e9rien des Affaires \u00e9trang\u00e8res, Abdelkader Messahel, en marge d\u2019un conseil minist\u00e9riel de la Ligue arabe au Caire.<\/p>\n<p>L\u2019arm\u00e9e et les forces de s\u00e9curit\u00e9 sont \u00ab\u00a0r\u00e9solument engag\u00e9es \u00e0 garantir\u00a0\u00bb la s\u00e9curit\u00e9 de la pr\u00e9sidentielle, afin de permettre aux Alg\u00e9riens de voter \u00ab\u00a0dans un climat de s\u00e9r\u00e9nit\u00e9, de qui\u00e9tude et de stabilit\u00e9\u00a0\u00bb, a de son c\u00f4t\u00e9 d\u00e9clar\u00e9 mercredi le chef d\u2019\u00e9tat-major de l\u2019arm\u00e9e alg\u00e9rienne, le g\u00e9n\u00e9ral Ahmed Ga\u00efd Salah.<\/p>\n<p>Egalement vice-ministre de la D\u00e9fense, il a soulign\u00e9 la \u00ab\u00a0solidit\u00e9\u00a0\u00bb des \u00ab\u00a0liens nobles et sinc\u00e8res\u00a0\u00bb de l\u2019arm\u00e9e avec le peuple.<\/p>\n<p>A aucun moment le g\u00e9n\u00e9ral n\u2019a \u00e9voqu\u00e9 la candidature \u2013contest\u00e9e dans la rue\u2013 du pr\u00e9sident dont il est un fid\u00e8le.<\/p>\n<p>\u2013 \u00ab\u00a0Garant de la stabilit\u00e9\u00a0\u00bb \u2013<\/p>\n<p>Mardi, il avait, sans nommer l\u2019actuel mouvement de contestation, d\u00e9nonc\u00e9 ceux qui \u00ab\u00a0veulent ramener\u00a0\u00bb l\u2019Alg\u00e9rie aux ann\u00e9es de guerre civile (1992-2002) et rappel\u00e9 que l\u2019arm\u00e9e restait le \u00ab\u00a0garant de la stabilit\u00e9 et la s\u00e9curit\u00e9\u00a0\u00bb du pays.<\/p>\n<p>Une partie de la presse alg\u00e9rienne se f\u00e9licitait mercredi de ce discours, sans r\u00e9f\u00e9rence explicite aux manifestations mais sans menace claire contre les manifestants.<\/p>\n<p>Le g\u00e9n\u00e9ral Ga\u00efd Salah \u00ab\u00a0semble abandonner le ton belliqueux qu\u2019il usait jusque-l\u00e0 pour parler de la situation politique en Alg\u00e9rie\u00a0\u00bb, a not\u00e9 le quotidien francophone El Watan, son homologue Libert\u00e9 \u00e9voquant \u00ab\u00a0un discours d\u2019apaisement\u00a0\u00bb.<\/p>\n<p>Fin f\u00e9vrier le g\u00e9n\u00e9ral Ga\u00efd Salah avait d\u00e9nonc\u00e9 dans un discours \u00ab\u00a0ceux qui veulent pousser les Alg\u00e9riens vers l\u2019inconnu \u00e0 travers des appels anonymes douteux, pr\u00e9tendument en faveur de la d\u00e9mocratie\u00a0\u00bb, en r\u00e9f\u00e9rence aux appels \u00e0 manifester relay\u00e9s sur les r\u00e9seaux sociaux.<\/p>\n<p>L\u2019arm\u00e9e \u00ab\u00a0consid\u00e8re que celui qui appelle \u00e0 la violence par n\u2019importe quel moyen et sous quelque pr\u00e9texte que ce soit, \u00e0 l\u2019ombre de la conjoncture, est un homme qui ignore le d\u00e9sir du peuple de vivre dans la stabilit\u00e9 et la s\u00e9curit\u00e9\u00a0\u00bb, avait-il pr\u00e9venu.<\/p>\n<p>Cette partie du discours avait \u00e9t\u00e9 diffus\u00e9e au cours du journal de la t\u00e9l\u00e9vision publique \u00e0 la mi-journ\u00e9e, avant de dispara\u00eetre des extraits diffus\u00e9s le soir et de la retranscription officielle.<\/p>\n<p>\u2013 Homog\u00e9n\u00e9it\u00e9 de fa\u00e7ade \u2013<\/p>\n<p>L\u2019homog\u00e9n\u00e9it\u00e9 de fa\u00e7ade du camp des soutiens de M. Bouteflika face \u00e0 la contestation semblait n\u00e9anmoins commencer \u00e0 se fissurer doucement ces derniers jours.<\/p>\n<p><ins data-revive-zoneid=\"9\" data-revive-id=\"10111e19d28d19d031742ee3b0b33eb0\"\/> <\/p>\n<p>Dans un communiqu\u00e9, la puissante Organisation nationale des Moudjahidine (ONM, qui regroupe les anciens combattants de la guerre d\u2019ind\u00e9pendance), traditionnel soutien de son compagnon d\u2019armes M. Bouteflika, a apport\u00e9 un soutien inattendu \u00e0 la contestation.<\/p>\n<p>L\u2019ONM d\u00e9nonce dans un communiqu\u00e9 des institutions \u00ab\u00a0pas \u00e0 la hauteur des aspirations du peuple\u00a0\u00bb et \u00ab\u00a0une alliance contre nature entre des membres influents du pouvoir\u00a0\u00bb et des personnes \u00ab\u00a0\u00e0 qui ont \u00e9t\u00e9 ouvertes les portes pour faire main basse sur l\u2019argent public\u00a0\u00bb.<\/p>\n<p>Plusieurs branches locales ou syndicats affili\u00e9s \u00e0 l\u2019UGTA (Union g\u00e9n\u00e9rale des travailleurs alg\u00e9riens), ont \u00e9galement apport\u00e9 leur soutien aux manifestants, se d\u00e9marquant du patron de la centrale syndicale, Abdelmadjid Sidi-Sa\u00efd, soutien du chef de l\u2019Etat.<\/p>\n<p>Lundi, Sid Ahmed Ferroukhi, ancien ministre et d\u00e9put\u00e9 du Front de lib\u00e9ration nationale (FLN) avait annonc\u00e9 sa d\u00e9mission de son mandat et son d\u00e9part du parti pr\u00e9sid\u00e9 par M. Bouteflika.<\/p>\n<p>Des d\u00e9missions ont \u00e9t\u00e9 \u00e9galement annonc\u00e9es par divers m\u00e9dias au sein du Forum des chefs d\u2019entreprise (FCE), organisation patronale dirig\u00e9e par Ali Haddad, r\u00e9put\u00e9 proche du clan Bouteflika.<\/p>\n<p>\u2013 \u00ab\u00a0D\u00e9ontologie m\u00e9dicale\u00a0\u00bb \u2013<\/p>\n<p>Aucune manifestation n\u2019\u00e9tait pr\u00e9vue mercredi, mais un important dispositif policier restait d\u00e9ploy\u00e9 \u00e0 Alger, alors que la journ\u00e9e de mobilisation s\u2019annonce forte vendredi, co\u00efncidant avec la c\u00e9l\u00e9bration de la Journ\u00e9e internationale des droits des femmes.<\/p>\n<p>Alors que n\u2019est toujours pas annonc\u00e9 le retour en Alg\u00e9rie d\u2019Abdelaziz Bouteflika, hospitalis\u00e9 en Suisse il y a plus de dix jours pour, officiellement, des \u00ab\u00a0examens m\u00e9dicaux p\u00e9riodiques\u00a0\u00bb, l\u2019ordre des m\u00e9decins a mis la pression sur le Conseil constitutionnel mercredi.<\/p>\n<p>Il a rappel\u00e9 que les certificats m\u00e9dicaux d\u00e9livr\u00e9s aux candidats \u00e0 la pr\u00e9sidence de la R\u00e9publique doivent r\u00e9pondre aux \u00ab\u00a0r\u00e8gles de d\u00e9ontologie m\u00e9dicale\u00a0\u00bb et que les m\u00e9decins les r\u00e9digeant doivent \u00eatre \u00ab\u00a0inscrits au tableau de l\u2019ordre des m\u00e9decins\u00a0\u00bb.<\/p>\n<p>M. Bouteflika, 82 ans, est handicap\u00e9 par les s\u00e9quelles d\u2019un AVC depuis 2013, qui l\u2019ont emp\u00each\u00e9 depuis de s\u2019adresser de vive voix aux Alg\u00e9riens et ont rendu rares ses apparitions publiques.<\/p>\n<p>Sur le plan international, le Premier ministre fran\u00e7ais Edouard Philippe a affirm\u00e9 mercredi que son son pays n\u2019a \u00ab\u00a0aucune indiff\u00e9rence\u00a0\u00bb envers la situation en Alg\u00e9rie, mais ne veut se \u00ab\u00a0livrer \u00e0 aucune ing\u00e9rence\u00a0\u00bb.<\/p>\n<p>\u00ab\u00a0L\u2019Alg\u00e9rie est un pays souverain, c\u2019est donc aux Alg\u00e9riens et aux Alg\u00e9riens seuls qu\u2019il revient de prendre les d\u00e9cisions en mati\u00e8re de leur avenir\u00a0\u00bb, a-t-il soulign\u00e9 sur la cha\u00eene d\u2019information continue BFMTV.<\/p>\n<p>Auteur: AFP<br \/>\n<a href=\"https:\/\/www.journalducameroun.com\/algerie-le-gouvernement-prepare-la-presidentielle-le-camp-bouteflika-se-fissure-2\/\">Cliquez ici pour lire l&rsquo;article depuis sa source.<\/a><\/p>\n","protected":false},"excerpt":{"rendered":"<p>Les conditions sont r\u00e9unies pour organiser le 18 avril la pr\u00e9sidentielle, ont assur\u00e9 mercredi les autorit\u00e9s alg\u00e9riennes, malgr\u00e9 la contestation sans pr\u00e9c\u00e9dent suscit\u00e9e par la candidature \u00e0 un 5e mandat du pr\u00e9sident Abdelaziz Bouteflika, dont le camp commence n\u00e9anmoins \u00e0 se fissurer. La pr\u00e9sidentielle se tiendra \u00ab\u00a0conform\u00e9ment \u00e0 la Constitution, dans les conditions requises de [&hellip;]<\/p>\n","protected":false},"author":1965,"featured_media":0,"comment_status":"closed","ping_status":"closed","sticky":false,"template":"","format":"standard","meta":{"fifu_image_url":"","fifu_image_alt":"","footnotes":""},"categories":[73,82],"tags":[],"class_list":["post-20071","post","type-post","status-publish","format-standard","hentry","category-actualite","category-cameroun"],"_links":{"self":[{"href":"https:\/\/linitiative.ca\/International\/wp-json\/wp\/v2\/posts\/20071","targetHints":{"allow":["GET"]}}],"collection":[{"href":"https:\/\/linitiative.ca\/International\/wp-json\/wp\/v2\/posts"}],"about":[{"href":"https:\/\/linitiative.ca\/International\/wp-json\/wp\/v2\/types\/post"}],"author":[{"embeddable":true,"href":"https:\/\/linitiative.ca\/International\/wp-json\/wp\/v2\/users\/1965"}],"replies":[{"embeddable":true,"href":"https:\/\/linitiative.ca\/International\/wp-json\/wp\/v2\/comments?post=20071"}],"version-history":[{"count":0,"href":"https:\/\/linitiative.ca\/International\/wp-json\/wp\/v2\/posts\/20071\/revisions"}],"wp:attachment":[{"href":"https:\/\/linitiative.ca\/International\/wp-json\/wp\/v2\/media?parent=20071"}],"wp:term":[{"taxonomy":"category","embeddable":true,"href":"https:\/\/linitiative.ca\/International\/wp-json\/wp\/v2\/categories?post=20071"},{"taxonomy":"post_tag","embeddable":true,"href":"https:\/\/linitiative.ca\/International\/wp-json\/wp\/v2\/tags?post=20071"}],"curies":[{"name":"wp","href":"https:\/\/api.w.org\/{rel}","templated":true}]}}