{"id":20139,"date":"2019-03-07T07:02:00","date_gmt":"2019-03-07T12:02:00","guid":{"rendered":"https:\/\/linitiative.ca\/International\/les-avocats-manifestent-devant-le-conseil-constitutionnel\/"},"modified":"2019-03-07T07:02:00","modified_gmt":"2019-03-07T12:02:00","slug":"les-avocats-manifestent-devant-le-conseil-constitutionnel","status":"publish","type":"post","link":"https:\/\/linitiative.ca\/International\/les-avocats-manifestent-devant-le-conseil-constitutionnel\/","title":{"rendered":"Les avocats manifestent devant le Conseil constitutionnel"},"content":{"rendered":"<div id=\"originalText\" readability=\"66\">\n<p>Des centaines d\u2019avocats ont march\u00e9 ce jeudi vers le\u00a0 Conseil constitutionnel, sis \u00e0 El Biar, sur les hauteurs d\u2019Alger, pour r\u00e9clamer le retrait de la candidature du Pr\u00e9sident sortant Abdelaziz Bouteflika et l\u2019application de l\u2019article 102 de la Constitution.<\/p>\n<p>Des avocats, issus de plusieurs wilayas du centre du pays, sont \u00e9galement venus pr\u00eater main forte \u00e0 leurs coll\u00e8gues du b\u00e2tonnat d\u2019Alger.<\/p>\n<p>Les forces de l\u2019ordre, qui ont tent\u00e9, dans un premier temps, d\u2019emp\u00eacher la progression des robes noires vers le si\u00e8ge du Conseil constitutionnel, ont fini par c\u00e9der devant la forte affluence et surtout la d\u00e9termination des avocats.<\/p>\n<p>Ils sont ainsi par centaines \u00e0 manifester, en ce d\u00e9but d\u2019apr\u00e8s-midi, devant l\u2019Institution de Tayeb Bela\u00efz.<br \/><img decoding=\"async\" alt=\"\" src=\"\/data\/upload\/30\/53423778_642535819511823_2846447308650840064_n%20(Copier).jpg\" class=\"c10\"\/><\/p>\n<p>Joint par Libert\u00e9, Me Mustapha Bouchachi a expliqu\u00e9 que \u00ables avocats sont porteurs d\u2019une lettre \u00e0 l\u2019adresse du pr\u00e9sident du Conseil constitutionnel, Tayeb Bela\u00efz, afin qu\u2019il invalide la candidature de Bouteflika et proc\u00e9de \u00e0 l\u2019application de l\u2019article 102 de la Constitution\u00bb, qui stipule la constatation par tous les moyens, notamment m\u00e9dical, la vacance du pouvoir.<\/p>\n<div><iframe loading=\"lazy\" allow=\"accelerometer; autoplay; encrypted-media; gyroscope; picture-in-picture\" allowfullscreen=\"\" frameborder=\"0\" height=\"315\" src=\"https:\/\/www.youtube.com\/embed\/BI4hBF5qyyc\" width=\"560\">[embedded content]<\/iframe><\/p>\n<p><iframe loading=\"lazy\" allow=\"accelerometer; autoplay; encrypted-media; gyroscope; picture-in-picture\" allowfullscreen=\"\" frameborder=\"0\" height=\"315\" src=\"https:\/\/www.youtube.com\/embed\/mOlIurtMkD4\" width=\"560\">[embedded content]<\/iframe><\/p>\n<p class=\"c11\"><strong>\u00a0R\u00e9daction Web \u00a0\u00a0<\/strong><\/p>\n<\/div>\n<p>\u00a0<\/p>\n<\/div>\n<div id=\"text_core\" readability=\"66\">\n<p>Des centaines d\u2019avocats ont march\u00e9 ce jeudi vers le\u00a0 Conseil constitutionnel, sis \u00e0 El Biar, sur les hauteurs d\u2019Alger, pour r\u00e9clamer le retrait de la candidature du Pr\u00e9sident sortant Abdelaziz Bouteflika et l\u2019application de l\u2019article 102 de la Constitution.<\/p>\n<p>Des avocats, issus de plusieurs wilayas du centre du pays, sont \u00e9galement venus pr\u00eater main forte \u00e0 leurs coll\u00e8gues du b\u00e2tonnat d\u2019Alger.<\/p>\n<p>Les forces de l\u2019ordre, qui ont tent\u00e9, dans un premier temps, d\u2019emp\u00eacher la progression des robes noires vers le si\u00e8ge du Conseil constitutionnel, ont fini par c\u00e9der devant la forte affluence et surtout la d\u00e9termination des avocats.<\/p>\n<p>Ils sont ainsi par centaines \u00e0 manifester, en ce d\u00e9but d\u2019apr\u00e8s-midi, devant l\u2019Institution de Tayeb Bela\u00efz.<br \/><img decoding=\"async\" alt=\"\" src=\"\/data\/upload\/30\/53423778_642535819511823_2846447308650840064_n%20(Copier).jpg\" class=\"c10\"\/><\/p>\n<p>Joint par Libert\u00e9, Me Mustapha Bouchachi a expliqu\u00e9 que \u00ables avocats sont porteurs d\u2019une lettre \u00e0 l\u2019adresse du pr\u00e9sident du Conseil constitutionnel, Tayeb Bela\u00efz, afin qu\u2019il invalide la candidature de Bouteflika et proc\u00e9de \u00e0 l\u2019application de l\u2019article 102 de la Constitution\u00bb, qui stipule la constatation par tous les moyens, notamment m\u00e9dical, la vacance du pouvoir.<\/p>\n<div><iframe loading=\"lazy\" allow=\"accelerometer; autoplay; encrypted-media; gyroscope; picture-in-picture\" allowfullscreen=\"\" frameborder=\"0\" height=\"315\" src=\"https:\/\/www.youtube.com\/embed\/BI4hBF5qyyc\" width=\"560\">[embedded content]<\/iframe><\/p>\n<p><iframe loading=\"lazy\" allow=\"accelerometer; autoplay; encrypted-media; gyroscope; picture-in-picture\" allowfullscreen=\"\" frameborder=\"0\" height=\"315\" src=\"https:\/\/www.youtube.com\/embed\/mOlIurtMkD4\" width=\"560\">[embedded content]<\/iframe><\/p>\n<p class=\"c11\"><strong>\u00a0R\u00e9daction Web \u00a0\u00a0<\/strong><\/p>\n<\/div>\n<p>\u00a0<\/p>\n<\/div>\n<p>Auteur:<br \/>\n<a href=\"https:\/\/www.liberte-algerie.com\/actualite\/les-avocats-manifestent-devant-le-conseil-constitutionnel-311098\">Cliquez ici pour lire l&rsquo;article depuis sa source.<\/a><\/p>\n","protected":false},"excerpt":{"rendered":"<p>Des centaines d\u2019avocats ont march\u00e9 ce jeudi vers le\u00a0 Conseil constitutionnel, sis \u00e0 El Biar, sur les hauteurs d\u2019Alger, pour r\u00e9clamer le retrait de la candidature du Pr\u00e9sident sortant Abdelaziz Bouteflika et l\u2019application de l\u2019article 102 de la Constitution. Des avocats, issus de plusieurs wilayas du centre du pays, sont \u00e9galement venus pr\u00eater main forte [&hellip;]<\/p>\n","protected":false},"author":1742,"featured_media":20140,"comment_status":"closed","ping_status":"closed","sticky":false,"template":"","format":"standard","meta":{"fifu_image_url":"","fifu_image_alt":"","footnotes":""},"categories":[73,53],"tags":[],"class_list":["post-20139","post","type-post","status-publish","format-standard","has-post-thumbnail","hentry","category-actualite","category-algerie"],"_links":{"self":[{"href":"https:\/\/linitiative.ca\/International\/wp-json\/wp\/v2\/posts\/20139","targetHints":{"allow":["GET"]}}],"collection":[{"href":"https:\/\/linitiative.ca\/International\/wp-json\/wp\/v2\/posts"}],"about":[{"href":"https:\/\/linitiative.ca\/International\/wp-json\/wp\/v2\/types\/post"}],"author":[{"embeddable":true,"href":"https:\/\/linitiative.ca\/International\/wp-json\/wp\/v2\/users\/1742"}],"replies":[{"embeddable":true,"href":"https:\/\/linitiative.ca\/International\/wp-json\/wp\/v2\/comments?post=20139"}],"version-history":[{"count":0,"href":"https:\/\/linitiative.ca\/International\/wp-json\/wp\/v2\/posts\/20139\/revisions"}],"wp:featuredmedia":[{"embeddable":true,"href":"https:\/\/linitiative.ca\/International\/wp-json\/"}],"wp:attachment":[{"href":"https:\/\/linitiative.ca\/International\/wp-json\/wp\/v2\/media?parent=20139"}],"wp:term":[{"taxonomy":"category","embeddable":true,"href":"https:\/\/linitiative.ca\/International\/wp-json\/wp\/v2\/categories?post=20139"},{"taxonomy":"post_tag","embeddable":true,"href":"https:\/\/linitiative.ca\/International\/wp-json\/wp\/v2\/tags?post=20139"}],"curies":[{"name":"wp","href":"https:\/\/api.w.org\/{rel}","templated":true}]}}