{"id":20151,"date":"2019-03-07T05:11:07","date_gmt":"2019-03-07T10:11:07","guid":{"rendered":"https:\/\/linitiative.ca\/International\/declaration-du-directeur-de-lacademie-regionale-de-leducation-et-de-la-formation-de-marrakech-safi-autour-de-lexamen-des-enseignants-cadres-de-lacademie-promotion\/"},"modified":"2019-03-07T05:11:07","modified_gmt":"2019-03-07T10:11:07","slug":"declaration-du-directeur-de-lacademie-regionale-de-leducation-et-de-la-formation-de-marrakech-safi-autour-de-lexamen-des-enseignants-cadres-de-lacademie-promotion","status":"publish","type":"post","link":"https:\/\/linitiative.ca\/International\/declaration-du-directeur-de-lacademie-regionale-de-leducation-et-de-la-formation-de-marrakech-safi-autour-de-lexamen-des-enseignants-cadres-de-lacademie-promotion\/","title":{"rendered":"D\u00e9claration du directeur de l\u2019Acad\u00e9mie r\u00e9gionale de l\u2019\u00e9ducation et de la formation de Marrakech-Safi autour de l\u2019examen des enseignants-cadres de l\u2019acad\u00e9mie (promotion 2016)"},"content":{"rendered":"<p><iframe loading=\"lazy\" width=\"1170\" height=\"658\" src=\"https:\/\/www.youtube.com\/embed\/Vo2E-beAebw?feature=oembed\" frameborder=\"0\" allow=\"accelerometer; autoplay; encrypted-media; gyroscope; picture-in-picture\" allowfullscreen=\"\">[embedded content]<\/iframe><\/p>\n<div class=\"single-post-excerpt post-excerpt-bc\" readability=\"38\">\n<p>Le directeur de l\u2019Acad\u00e9mie r\u00e9gionale de l\u2019\u00e9ducation et de la formation (AREF) de Marrakech-Safi, Ahmed Karimi, a affirm\u00e9 que les enseignants cadres de l\u2019acad\u00e9mie remplissent toutes les conditions requises pour passer l\u2019examen de qualification professionnelle, qui constitue un pr\u00e9alable \u00e0 la titularisation et \u00e0 la garantie d\u2019une carri\u00e8re professionnelle stable.<\/p>\n<\/div>\n<p>Auteur: Meriem IGASS<br \/>\n<a href=\"http:\/\/www.mapmarrakech.ma\/fr\/declaration-du-directeur-de-lacademie-regionale-de-leducation-et-de-la-formation-de-marrakech-safi-a-loccasion-du-lancement-des-operations-relatives-a-lexamen-de-q\/\">Cliquez ici pour lire l&rsquo;article depuis sa source.<\/a><\/p>\n","protected":false},"excerpt":{"rendered":"<p>[embedded content] Le directeur de l\u2019Acad\u00e9mie r\u00e9gionale de l\u2019\u00e9ducation et de la formation (AREF) de Marrakech-Safi, Ahmed Karimi, a affirm\u00e9 que les enseignants cadres de l\u2019acad\u00e9mie remplissent toutes les conditions requises pour passer l\u2019examen de qualification professionnelle, qui constitue un pr\u00e9alable \u00e0 la titularisation et \u00e0 la garantie d\u2019une carri\u00e8re professionnelle stable. Auteur: Meriem IGASS [&hellip;]<\/p>\n","protected":false},"author":1788,"featured_media":0,"comment_status":"closed","ping_status":"closed","sticky":false,"template":"","format":"standard","meta":{"fifu_image_url":"","fifu_image_alt":"","footnotes":""},"categories":[54,76],"tags":[],"class_list":["post-20151","post","type-post","status-publish","format-standard","hentry","category-maroc","category-regions"],"_links":{"self":[{"href":"https:\/\/linitiative.ca\/International\/wp-json\/wp\/v2\/posts\/20151","targetHints":{"allow":["GET"]}}],"collection":[{"href":"https:\/\/linitiative.ca\/International\/wp-json\/wp\/v2\/posts"}],"about":[{"href":"https:\/\/linitiative.ca\/International\/wp-json\/wp\/v2\/types\/post"}],"author":[{"embeddable":true,"href":"https:\/\/linitiative.ca\/International\/wp-json\/wp\/v2\/users\/1788"}],"replies":[{"embeddable":true,"href":"https:\/\/linitiative.ca\/International\/wp-json\/wp\/v2\/comments?post=20151"}],"version-history":[{"count":0,"href":"https:\/\/linitiative.ca\/International\/wp-json\/wp\/v2\/posts\/20151\/revisions"}],"wp:attachment":[{"href":"https:\/\/linitiative.ca\/International\/wp-json\/wp\/v2\/media?parent=20151"}],"wp:term":[{"taxonomy":"category","embeddable":true,"href":"https:\/\/linitiative.ca\/International\/wp-json\/wp\/v2\/categories?post=20151"},{"taxonomy":"post_tag","embeddable":true,"href":"https:\/\/linitiative.ca\/International\/wp-json\/wp\/v2\/tags?post=20151"}],"curies":[{"name":"wp","href":"https:\/\/api.w.org\/{rel}","templated":true}]}}